{"id":45944,"date":"2024-07-16T03:03:58","date_gmt":"2024-07-16T03:03:58","guid":{"rendered":"https:\/\/puntoapunto.com.ar\/?p=362883"},"modified":"2024-07-16T03:03:58","modified_gmt":"2024-07-16T03:03:58","slug":"manuel-tagle-apoyo-la-gestion-milei-y-pidio-salir-del-cepo-para-liberar-la-economia","status":"publish","type":"post","link":"http:\/\/nuevacordoba.net\/index.php\/2024\/07\/16\/manuel-tagle-apoyo-la-gestion-milei-y-pidio-salir-del-cepo-para-liberar-la-economia\/","title":{"rendered":"Manuel Tagle apoy\u00f3 la gesti\u00f3n Milei y pidi\u00f3 salir del cepo para liberar la econom\u00eda"},"content":{"rendered":"<div class=\"g g-36\">\n<div class=\"g-dyn a-29 c-1\"><a class=\"gofollow\" data-track=\"MjksMzYsMSw2MA==\" href=\"https:\/\/www.harmoniechateau.com.ar\/\" target=\"_blank\" rel=\"noopener\"><img src=\"http:\/\/nuevacordoba.net\/wp-content\/uploads\/2024\/07\/manuel-tagle-apoyo-la-gestion-milei-y-pidio-salir-del-cepo-para-liberar-la-economia.jpg\" loading=\"lazy\"><\/a><\/div>\n<\/div>\n<p>&nbsp;\n<\/p>\n<p><strong>Manuel Tagle<\/strong>, presidente de la&nbsp;<a href=\"https:\/\/www.bolsacba.com.ar\/\"><strong>Bolsa de Comercio de C\u00f3rdoba<\/strong>,<\/a> habl\u00f3 sobre el panorama econ\u00f3mico nacional y consider\u00f3 que el presidente Javier Milei \u00abest\u00e1 yendo a fondo\u00bb para hacer un \u00abtransformaci\u00f3n profunda en la econom\u00eda del pa\u00eds\u00bb.\n<\/p>\n<p>\u00abLas medidas que se est\u00e1n tomando son correctas. Logr\u00f3 reducir el gasto publico, consigui\u00f3 super\u00e1vit fiscal y baj\u00f3 la inflaci\u00f3n\u00bb, dijo <a href=\"https:\/\/puntoapunto.com.ar\/tagle-seguira-al-frente-de-la-bolsa-de-comercio-de-cordoba\/\">Tagle<\/a>. \u201cCreo personalmente que lo importante es la solvencia fiscal del Gobierno\u00bb, agreg\u00f3.\n<\/p>\n<p>\u201cEn la medida que siga la solvencia fiscal, vemos un panorama alentador y no queremos empa\u00f1ar eso con la suba circunstancial del tipo de cambio\u201d, asever\u00f3 el experto.<strong>&nbsp;\u201cLas bases son s\u00f3lidas, hay que mantener este rumbo&nbsp;<\/strong>que no tenemos desde hace unos ochenta a\u00f1os para salir del desorden fiscal y monetario\u201d, ampli\u00f3.\n<\/p>\n<p>Sobre la reciente suba del d\u00f3lar, el empresario analiz\u00f3: \u00bb el d\u00f3lar se est\u00e1 escapando porque hay desconfianza en la salida del cepo, <strong>pero no es algo que se pueda hacer de la noche a la ma\u00f1ana, no se puede abrir la econom\u00eda en 24 horas\u00bb.&nbsp;<\/strong>\u00abLa salida del cepo es uno de los factores que falta resolver para liberar la econom\u00eda\u00bb, agreg\u00f3.<\/p>\n<p>\u00abCon estabilidad monetaria va a resurgir la econom\u00eda, tenemos que ir a la recuperaci\u00f3n definitiva.&nbsp;Una vez que bajen los impuestos, los empresarios vamos a tener que asumir la responsabilidad de competir en el mundo\u00bb, finaliz\u00f3.\n<\/p>\n<div class=\"g g-38\">\n<div class=\"g-dyn a-12 c-1\"><a class=\"gofollow\" data-track=\"MTIsMzgsMSw2MA==\" href=\"https:\/\/form.jotform.com\/240784464263663\" target=\"_blank\" rel=\"noopener\"><img src=\"http:\/\/nuevacordoba.net\/wp-content\/uploads\/2024\/07\/manuel-tagle-apoyo-la-gestion-milei-y-pidio-salir-del-cepo-para-liberar-la-economia-1.jpg\" loading=\"lazy\"><\/a><\/div>\n<\/div>\n","protected":false},"excerpt":{"rendered":"<p>&nbsp; Manuel Tagle, presidente de la&nbsp;Bolsa de Comercio de C\u00f3rdoba, habl\u00f3 sobre el panorama econ\u00f3mico nacional y consider\u00f3 que el presidente Javier Milei \u00abest\u00e1 yendo a fondo\u00bb para hacer un \u00abtransformaci\u00f3n profunda en la econom\u00eda del pa\u00eds\u00bb. \u00abLas medidas que se est\u00e1n tomando son correctas. Logr\u00f3 reducir el gasto publico, consigui\u00f3 super\u00e1vit fiscal y baj\u00f3 [&hellip;]<\/p>\n","protected":false},"author":1,"featured_media":45945,"comment_status":"open","ping_status":"closed","sticky":false,"template":"","format":"standard","meta":[],"categories":[12,14],"tags":[],"_links":{"self":[{"href":"http:\/\/nuevacordoba.net\/index.php\/wp-json\/wp\/v2\/posts\/45944"}],"collection":[{"href":"http:\/\/nuevacordoba.net\/index.php\/wp-json\/wp\/v2\/posts"}],"about":[{"href":"http:\/\/nuevacordoba.net\/index.php\/wp-json\/wp\/v2\/types\/post"}],"author":[{"embeddable":true,"href":"http:\/\/nuevacordoba.net\/index.php\/wp-json\/wp\/v2\/users\/1"}],"replies":[{"embeddable":true,"href":"http:\/\/nuevacordoba.net\/index.php\/wp-json\/wp\/v2\/comments?post=45944"}],"version-history":[{"count":0,"href":"http:\/\/nuevacordoba.net\/index.php\/wp-json\/wp\/v2\/posts\/45944\/revisions"}],"wp:featuredmedia":[{"embeddable":true,"href":"http:\/\/nuevacordoba.net\/index.php\/wp-json\/wp\/v2\/media\/45945"}],"wp:attachment":[{"href":"http:\/\/nuevacordoba.net\/index.php\/wp-json\/wp\/v2\/media?parent=45944"}],"wp:term":[{"taxonomy":"category","embeddable":true,"href":"http:\/\/nuevacordoba.net\/index.php\/wp-json\/wp\/v2\/categories?post=45944"},{"taxonomy":"post_tag","embeddable":true,"href":"http:\/\/nuevacordoba.net\/index.php\/wp-json\/wp\/v2\/tags?post=45944"}],"curies":[{"name":"wp","href":"https:\/\/api.w.org\/{rel}","templated":true}]}}