{"id":45946,"date":"2024-07-16T16:26:14","date_gmt":"2024-07-16T16:26:14","guid":{"rendered":"https:\/\/cordoba.gob.ar\/?p=59556"},"modified":"2024-07-16T16:26:14","modified_gmt":"2024-07-16T16:26:14","slug":"este-miercoles-el-festival-de-jazz-edicion-invierno-tiene-como-sede-al-teatro-comedia","status":"publish","type":"post","link":"http:\/\/nuevacordoba.net\/index.php\/2024\/07\/16\/este-miercoles-el-festival-de-jazz-edicion-invierno-tiene-como-sede-al-teatro-comedia\/","title":{"rendered":"Este mi\u00e9rcoles el Festival de Jazz edici\u00f3n invierno tiene como sede al Teatro Comedia"},"content":{"rendered":"<div><img src=\"http:\/\/nuevacordoba.net\/wp-content\/uploads\/2024\/07\/este-miercoles-el-festival-de-jazz-edicion-invierno-tiene-como-sede-al-teatro-comedia.jpg\" class=\"ff-og-image-inserted\"><\/div>\n<ul>\n<li><strong><strong>Ser\u00e1 de 15:00 a 22:00 horas. Las entradas son gratuitas y se retiran una hora antes del comienzo por boleter\u00eda del teatro hasta agotar capacidad de sala.<\/strong><\/strong><br \/>\n<hr>\n<\/li>\n<\/ul>\n<p data-pm-slice=\"1 1 []\">La secretar\u00eda de Comunicaci\u00f3n y Cultura municipal invita a participar del Festival de Jazz edici\u00f3n invierno que se realizar\u00e1 este mi\u00e9rcoles 17 de julio, en el marco del Ciclo Vacaciones en el Comedia, con entrada gratuita hasta agotar capacidad de sala.<\/p>\n<p>Las bandas subir\u00e1n a escena desde las 18 horas con nuevos representantes como Licks, continuando con destacadas formaciones como por ejemplo The Rhythm Gamblers, Mainstream Jazz, Tramperas Tr\u00edo y el cierre estar\u00e1 a cargo de la legendaria Small Jazz Band.<\/p>\n<p>Tambi\u00e9n habr\u00e1 capacitaciones a cargo de Daniel Corzo y Nicol\u00e1s Ocampo, que dictar\u00e1n dos cl\u00ednicas relacionadas al mundo del Jazz.<\/p>\n<p>A las 15 horas, Daniel Corzo acercar\u00e1 \u201cSolo Jazz Guitar\u201d (Pickstyle y fingerstyle). \u00c9sta cl\u00ednica apunta a acercar a los int\u00e9rpretes a la escritura a partes mel\u00f3dicas, como as\u00ed tambi\u00e9n que puedan crear sus propios arreglos.<\/p>\n<p>Se presentar\u00e1 como un espacio te\u00f3rico donde se expondr\u00e1n de manera oral los conceptos y se reafirmar\u00e1 con ejemplos de audio y an\u00e1lisis de fragmentos de partituras.<\/p>\n<p>Mientras que a las 16:30 horas, Nicol\u00e1s Ocampo presentar\u00e1 \u201cEl H\u00e1bitat del Arreglo\u201d dirigido para tr\u00edo de vientos, donde se trabajar\u00e1n conceptos b\u00e1sicos para estimular la creaci\u00f3n de arreglos, como as\u00ed tambi\u00e9n conocer elementos fundamentales para la \u201cescritura a partes mel\u00f3dicas\u201d que es indispensable para el desarrollo integral del m\u00fasico involucrado en sesiones de grabaci\u00f3n y\/o performance en vivo.<\/p>\n<p>Los interesados a participar de las cl\u00ednicas inscribirse al siguiente <a href=\"https:\/\/docs.google.com\/forms\/d\/e\/1FAIpQLSdaRBq0BoPqabr4OYFu9mEj1qyOf60rgwqtF52vhYQIN7_ocw\/viewform\">enlace<\/a>.<\/p>\n","protected":false},"excerpt":{"rendered":"<p>Ser\u00e1 de 15:00 a 22:00 horas. Las entradas son gratuitas y se retiran una hora antes del comienzo por boleter\u00eda del teatro hasta agotar capacidad de sala. La secretar\u00eda de Comunicaci\u00f3n y Cultura municipal invita a participar del Festival de Jazz edici\u00f3n invierno que se realizar\u00e1 este mi\u00e9rcoles 17 de julio, en el marco del [&hellip;]<\/p>\n","protected":false},"author":1,"featured_media":45947,"comment_status":"closed","ping_status":"closed","sticky":false,"template":"","format":"standard","meta":[],"categories":[14],"tags":[],"_links":{"self":[{"href":"http:\/\/nuevacordoba.net\/index.php\/wp-json\/wp\/v2\/posts\/45946"}],"collection":[{"href":"http:\/\/nuevacordoba.net\/index.php\/wp-json\/wp\/v2\/posts"}],"about":[{"href":"http:\/\/nuevacordoba.net\/index.php\/wp-json\/wp\/v2\/types\/post"}],"author":[{"embeddable":true,"href":"http:\/\/nuevacordoba.net\/index.php\/wp-json\/wp\/v2\/users\/1"}],"replies":[{"embeddable":true,"href":"http:\/\/nuevacordoba.net\/index.php\/wp-json\/wp\/v2\/comments?post=45946"}],"version-history":[{"count":0,"href":"http:\/\/nuevacordoba.net\/index.php\/wp-json\/wp\/v2\/posts\/45946\/revisions"}],"wp:featuredmedia":[{"embeddable":true,"href":"http:\/\/nuevacordoba.net\/index.php\/wp-json\/wp\/v2\/media\/45947"}],"wp:attachment":[{"href":"http:\/\/nuevacordoba.net\/index.php\/wp-json\/wp\/v2\/media?parent=45946"}],"wp:term":[{"taxonomy":"category","embeddable":true,"href":"http:\/\/nuevacordoba.net\/index.php\/wp-json\/wp\/v2\/categories?post=45946"},{"taxonomy":"post_tag","embeddable":true,"href":"http:\/\/nuevacordoba.net\/index.php\/wp-json\/wp\/v2\/tags?post=45946"}],"curies":[{"name":"wp","href":"https:\/\/api.w.org\/{rel}","templated":true}]}}