{"id":45950,"date":"2024-07-15T21:24:31","date_gmt":"2024-07-15T21:24:31","guid":{"rendered":"https:\/\/www.ole.com.ar\/autos\/ralf-schumacher-ex-piloto-formula-1-f1-presento-novio-redes-instagram-hijo-david-hermano-michael_0_iMElWbEWsZ.html"},"modified":"2024-07-15T21:24:31","modified_gmt":"2024-07-15T21:24:31","slug":"ralf-schumacher-ex-piloto-de-f1-presento-a-su-novio-en-sus-redes-sociales","status":"publish","type":"post","link":"http:\/\/nuevacordoba.net\/index.php\/2024\/07\/15\/ralf-schumacher-ex-piloto-de-f1-presento-a-su-novio-en-sus-redes-sociales\/","title":{"rendered":"Ralf Schumacher, ex piloto de F1, present\u00f3 a su novio en sus redes sociales"},"content":{"rendered":"<p><time class=\"createDate\" datetime=\"2024-07-15T18:24:31-03:00\">15\/07\/2024 18:24hs.<\/time><\/p>\n<div id=\"storyBody\">\n<div class=\"custom-text \" readability=\"38\">\n<p><strong>Ralf Schumacher<\/strong>, ex piloto de F\u00f3rmula 1 y hermano menor del legendario Michael, <strong>hizo p\u00fablica su homosexualidad al presentar a su novio<\/strong> con un emotivo posteo en su cuenta de Instagram. Acompa\u00f1ado por una foto de ambos, el alem\u00e1n escribi\u00f3: \u00abLo m\u00e1s hermoso de la vida es cuando ten\u00e9s a tu lado a la pareja correcta con la que pod\u00e9s compartir todo\u00bb.<\/p>\n<\/div>\n<div class=\"custom-text \" readability=\"41\">\n<p>La revelaci\u00f3n tuvo una c\u00e1lida recepci\u00f3n, <strong>destac\u00e1ndose el apoyo de su hijo, David<\/strong>, qui\u00e9n coment\u00f3: \u00abEstoy muy feliz de que finalmente hayas encontrado a alguien con quien realmente puedas decir que te sent\u00eds muy c\u00f3modo y seguro, sin importar si es hombre o mujer. <strong>Te apoyo al 100%, pap\u00e1, y te deseo todo lo mejor. Felicidades<\/strong>\u00ab.<\/p>\n<\/div>\n<div class=\"custom-text \" readability=\"36\">\n<p>Adem\u00e1s, varias figuras p\u00fablicas y much\u00edsimos de sus seguidores aplaudieron al ex piloto de 49 a\u00f1os. Entre ellos, <strong>el equipo Mercedes<\/strong> se hizo presente con un comentario que contuvo dos emojis de corazones.<\/p>\n<\/div>\n<div class=\"sc-e7b891c4-0 jPbnQF\"><img alt=\"David Schumacher, hijo de Ralf y sobrino de Michael.\" src=\"http:\/\/nuevacordoba.net\/wp-content\/uploads\/2024\/07\/ralf-schumacher-ex-piloto-de-f1-presento-a-su-novio-en-sus-redes-sociales.jpg\" width=\"720\" height=\"100\" decoding=\"async\" data-nimg=\"future\" loading=\"lazy\"><span class=\"epigraphe\">David Schumacher, hijo de Ralf y sobrino de Michael.<\/span><\/div>\n<div class=\"custom-text \" readability=\"38\">\n<p><strong>El novio de Ralf<\/strong> <strong>se llama Etienne<\/strong>, es de nacionalidad francesa y, por el momento, se conocen pocos detalles sobre \u00e9l. Seg\u00fan el portal GPBlog, <strong>es socio de negocios del piloto teut\u00f3n.<\/strong> Otros medios informan que llevan dos a\u00f1os juntos y que ya habr\u00eda aprendido a hablar alem\u00e1n.<\/p>\n<\/div>\n<div class=\"custom-text \" readability=\"36\">\n<p>El hermano del heptacampe\u00f3n de F1 dio un paso importante. S\u00f3lo hace falta saber que<strong> el \u00fanico piloto abiertamente gay en la historia de la F\u00f3rmula 1 era el brit\u00e1nico<\/strong> <strong>Mike Beuttler<\/strong>, quien falleci\u00f3 en 1988 a la edad de 48 a\u00f1os luego de haber contra\u00eddo HIV (disput\u00f3 28 Grandes Premios con la escuder\u00eda March entre 1971 y 1973).<\/p>\n<\/div>\n<div class=\"sc-e7b891c4-0 jPbnQF\"><img alt=\"El posteo de Instagram con el que Ralf Schumacher present\u00f3 a su novio, Etienne. (@ralfschumacher_rsc)\" src=\"http:\/\/nuevacordoba.net\/wp-content\/uploads\/2024\/07\/ralf-schumacher-ex-piloto-de-f1-presento-a-su-novio-en-sus-redes-sociales-1.jpg\" width=\"720\" height=\"100\" decoding=\"async\" data-nimg=\"future\" loading=\"lazy\"><span class=\"epigraphe\">El posteo de Instagram con el que Ralf Schumacher present\u00f3 a su novio, Etienne. (@ralfschumacher_rsc)<\/span><\/div>\n<p><h2><strong>\u00bfC\u00f3mo le fue a Ralf Schumacher en la F\u00f3rmula 1?<\/strong><\/h2>\n<\/p>\n<div class=\"custom-text \" readability=\"37\">\n<p>Ralf Schumacher compiti\u00f3 en la F\u00f3rmula 1 entre 1997 y 2007 para las escuder\u00edas Jordan, Williams y Toyota. Durante su carrera, <strong>logr\u00f3 seis victorias y subi\u00f3 al podio en 27 ocasiones<\/strong>, y finaliz\u00f3 cuarto en los campeonatos de 2001 y 2002.<\/p>\n<\/div>\n<div class=\"sc-e7b891c4-0 jPbnQF\"><img alt=\"Ralf Schumacher en la F\u00f3rmula 1.\" src=\"http:\/\/nuevacordoba.net\/wp-content\/uploads\/2024\/07\/ralf-schumacher-ex-piloto-de-f1-presento-a-su-novio-en-sus-redes-sociales-2.jpg\" width=\"720\" height=\"100\" decoding=\"async\" data-nimg=\"future\" loading=\"lazy\"><span class=\"epigraphe\">Ralf Schumacher en la F\u00f3rmula 1.<\/span><\/div>\n<div class=\"sc-a7166897-0 exHLBh\" readability=\"6\">\n<section readability=\"2\"><picture><img alt=\"A Canapino se le fren\u00f3 el auto y se le arruin\u00f3 la carrera en Iowa\" src=\"http:\/\/nuevacordoba.net\/wp-content\/uploads\/2024\/07\/ralf-schumacher-ex-piloto-de-f1-presento-a-su-novio-en-sus-redes-sociales-3.jpg\" width=\"290\" height=\"290\" decoding=\"async\" data-nimg=\"future\" loading=\"lazy\"><\/picture>\n<p><span>Mir\u00e1 tambi\u00e9n<\/span><\/p>\n<hr>\n<h3>A Canapino se le fren\u00f3 el auto y se le arruin\u00f3 la carrera en Iowa<\/h3>\n<\/p>\n<\/section>\n<\/div>\n<div class=\"sc-a7166897-0 exHLBh\" readability=\"6\">\n<section readability=\"2\"><picture><img alt=\"Bombazo: el m\u00faltiple campe\u00f3n de la IndyCar que se quiere subir a un TC\" src=\"http:\/\/nuevacordoba.net\/wp-content\/uploads\/2024\/07\/ralf-schumacher-ex-piloto-de-f1-presento-a-su-novio-en-sus-redes-sociales-4.jpg\" width=\"290\" height=\"290\" decoding=\"async\" data-nimg=\"future\" loading=\"lazy\"><\/picture>\n<p><span>Mir\u00e1 tambi\u00e9n<\/span><\/p>\n<hr>\n<h3>Bombazo: el m\u00faltiple campe\u00f3n de la IndyCar que se quiere subir a un TC<\/h3>\n<\/p>\n<\/section>\n<\/div>\n<div class=\"sc-a7166897-0 exHLBh\" readability=\"6\">\n<section readability=\"2\"><picture><img alt=\"Se accident\u00f3 Canapino y tuvo que abandonar en la primera carrera del IndyCar en Iowa\" src=\"http:\/\/nuevacordoba.net\/wp-content\/uploads\/2024\/07\/ralf-schumacher-ex-piloto-de-f1-presento-a-su-novio-en-sus-redes-sociales-5.jpg\" width=\"290\" height=\"290\" decoding=\"async\" data-nimg=\"future\" loading=\"lazy\"><\/picture>\n<p><span>Mir\u00e1 tambi\u00e9n<\/span><\/p>\n<hr>\n<h3>Se accident\u00f3 Canapino y tuvo que abandonar en la primera carrera del IndyCar en Iowa<\/h3>\n<\/p>\n<\/section>\n<\/div>\n<div class=\"sc-a7166897-0 exHLBh\" readability=\"6\">\n<section readability=\"2\"><picture><img alt=\"Video: choc\u00f3 y vol\u00f3 por los aires en la \u00faltima vuelta del IndyCar en Iowa\" src=\"http:\/\/nuevacordoba.net\/wp-content\/uploads\/2024\/07\/ralf-schumacher-ex-piloto-de-f1-presento-a-su-novio-en-sus-redes-sociales-6.jpg\" width=\"290\" height=\"290\" decoding=\"async\" data-nimg=\"future\" loading=\"lazy\"><\/picture>\n<p><span>Mir\u00e1 tambi\u00e9n<\/span><\/p>\n<hr>\n<h3>Video: choc\u00f3 y vol\u00f3 por los aires en la \u00faltima vuelta del IndyCar en Iowa<\/h3>\n<\/p>\n<\/section>\n<\/div>\n<\/div>\n","protected":false},"excerpt":{"rendered":"<p>15\/07\/2024 18:24hs. Ralf Schumacher, ex piloto de F\u00f3rmula 1 y hermano menor del legendario Michael, hizo p\u00fablica su homosexualidad al presentar a su novio con un emotivo posteo en su cuenta de Instagram. Acompa\u00f1ado por una foto de ambos, el alem\u00e1n escribi\u00f3: \u00abLo m\u00e1s hermoso de la vida es cuando ten\u00e9s a tu lado a [&hellip;]<\/p>\n","protected":false},"author":1,"featured_media":45951,"comment_status":"closed","ping_status":"closed","sticky":false,"template":"","format":"standard","meta":[],"categories":[10],"tags":[],"_links":{"self":[{"href":"http:\/\/nuevacordoba.net\/index.php\/wp-json\/wp\/v2\/posts\/45950"}],"collection":[{"href":"http:\/\/nuevacordoba.net\/index.php\/wp-json\/wp\/v2\/posts"}],"about":[{"href":"http:\/\/nuevacordoba.net\/index.php\/wp-json\/wp\/v2\/types\/post"}],"author":[{"embeddable":true,"href":"http:\/\/nuevacordoba.net\/index.php\/wp-json\/wp\/v2\/users\/1"}],"replies":[{"embeddable":true,"href":"http:\/\/nuevacordoba.net\/index.php\/wp-json\/wp\/v2\/comments?post=45950"}],"version-history":[{"count":0,"href":"http:\/\/nuevacordoba.net\/index.php\/wp-json\/wp\/v2\/posts\/45950\/revisions"}],"wp:featuredmedia":[{"embeddable":true,"href":"http:\/\/nuevacordoba.net\/index.php\/wp-json\/wp\/v2\/media\/45951"}],"wp:attachment":[{"href":"http:\/\/nuevacordoba.net\/index.php\/wp-json\/wp\/v2\/media?parent=45950"}],"wp:term":[{"taxonomy":"category","embeddable":true,"href":"http:\/\/nuevacordoba.net\/index.php\/wp-json\/wp\/v2\/categories?post=45950"},{"taxonomy":"post_tag","embeddable":true,"href":"http:\/\/nuevacordoba.net\/index.php\/wp-json\/wp\/v2\/tags?post=45950"}],"curies":[{"name":"wp","href":"https:\/\/api.w.org\/{rel}","templated":true}]}}