{"id":45952,"date":"2024-07-15T23:17:45","date_gmt":"2024-07-15T23:17:45","guid":{"rendered":"https:\/\/www.ole.com.ar\/futbol-ascenso\/equipos-ascenso-saludos-campeones-lautaro-acuna-armani_0_tSbiEKuDOU.html"},"modified":"2024-07-15T23:17:45","modified_gmt":"2024-07-15T23:17:45","slug":"del-ascenso-a-bicampeones-de-america-el-saludo-para-lautaro-acuna-y-armani","status":"publish","type":"post","link":"http:\/\/nuevacordoba.net\/index.php\/2024\/07\/15\/del-ascenso-a-bicampeones-de-america-el-saludo-para-lautaro-acuna-y-armani\/","title":{"rendered":"Del Ascenso a bicampeones de Am\u00e9rica: el saludo para Lautaro, Acu\u00f1a y Armani"},"content":{"rendered":"<p><time class=\"createDate\" datetime=\"2024-07-15T20:17:45-03:00\">15\/07\/2024 20:17hs.<\/time><\/p>\n<div id=\"storyBody\">\n<div class=\"custom-text \" readability=\"36.364238410596\">\n<p><strong>La locura del bicampeonato de Argentina en la <a href=\"https:\/\/www.ole.com.ar\/tema\/copa-america.html\" title=\"Copa America\" alt=\"Copa America\" class=\"slug\">Copa Am\u00e9rica<\/a> a\u00fan contin\u00faa<\/strong>. Las redes sociales, a niveles exponenciales, sirven como art\u00edfices de opiniones, reflexiones e incluso felicitaciones para con los jugadores de la Scaloneta que siguen escribiendo p\u00e1ginas en la historia del deporte nacional.<\/p>\n<\/div>\n<div class=\"custom-text \" readability=\"35.090252707581\">\n<p>En este contexto, muchos clubes aprovecharon para publicar sus respectivos saludos hacia el plantel. Pero dentro de todos ellos, hay dos que tienen una particularidad con respecto al resto: que actualmente <strong>son del <a href=\"https:\/\/www.ole.com.ar\/tema\/ascenso.html\" title=\"Ascenso\" alt=\"Ascenso\" class=\"slug\">Ascenso<\/a> y tuvieron en sus filas a algunos de los protagonistas<\/strong>.<\/p>\n<\/div>\n<div class=\"custom-text \" readability=\"30.805369127517\">\n<p><strong>Se trata de Liniers de Bah\u00eda Blanca y Ferro<\/strong>. El primero, club donde dio sus primeros pasos <a href=\"https:\/\/www.ole.com.ar\/tema\/lautaro-martinez.html\" title=\"Lautaro Mart\u00ednez\" alt=\"Lautaro Mart\u00ednez\" class=\"slug\">Lautaro Mart\u00ednez<\/a> previo a dar el salto a Racing. Mientras que el Verde, supo tener a <a href=\"https:\/\/www.ole.com.ar\/tema\/franco-armani.html\" title=\"Franco Armani\" alt=\"Franco Armani\" class=\"slug\">Franco Armani<\/a> y <a href=\"https:\/\/www.ole.com.ar\/tema\/marcos-acuna.html\" title=\"Marcos Acu\u00f1a\" alt=\"Marcos Acu\u00f1a\" class=\"slug\">Marcos Acu\u00f1a<\/a> -adem\u00e1s del Rat\u00f3n Ayala y el fisioterapeuta Marcelo D&#8217;Andrea- como miembros del plantel.<\/p>\n<\/div>\n<div class=\"sc-e7b891c4-0 jPbnQF\"><img alt=\"El Toro y el Huevo dos de los que pasaron por el Ascenso.\n(Foto Tato Pagano \/ Prensa Afa)\" src=\"http:\/\/nuevacordoba.net\/wp-content\/uploads\/2024\/07\/del-ascenso-a-bicampeones-de-america-el-saludo-para-lautaro-acuna-y-armani.jpg\" width=\"720\" height=\"100\" decoding=\"async\" data-nimg=\"future\" loading=\"lazy\"><span class=\"epigraphe\">El Toro y el Huevo dos de los que pasaron por el Ascenso.<br \/>\n(Foto Tato Pagano \/ Prensa Afa)<\/span><\/div>\n<p><h2><strong>Liniers y Lautaro, una historia de amor<\/strong><\/h2>\n<\/p>\n<div class=\"custom-text \" readability=\"37\">\n<p>\u00abLautaro Mart\u00ednez convirti\u00f3 el \u00fanico gol que le dio el t\u00edtulo a la Selecci\u00f3n Argentina en la Copa Am\u00e9rica 2024. El Toro anot\u00f3 en el tiempo extra frente a Colobia y se llev\u00f3 el premio como m\u00e1ximo goleador. \u00a1Dale campe\u00f3n! Gracias por otro campeonato. <strong>\u00a1Orgullo albinegro y bahiense!\u00bb<\/strong>, expres\u00f3 la cuenta de Liniers. Y s\u00ed, como para no sacar chapa.<\/p>\n<\/div>\n<div class=\"custom-embedhtml\" readability=\"8.4510869565217\">\n<blockquote class=\"twitter-tweet\" readability=\"10.986413043478\">\n<p lang=\"es\" dir=\"ltr\">\ud83c\udde6\ud83c\uddf7<a href=\"https:\/\/twitter.com\/hashtag\/EmbajadoresChivos?src=hash&amp;ref_src=twsrc%5Etfw\">#EmbajadoresChivos<\/a><\/p>\n<p>\u26bdLautaro Mart\u00ednez convirti\u00f3 el \u00fanico gol que le dio el t\u00edtulo a la Selecci\u00f3n Argentina en la Copa Am\u00e9rica 2024.<\/p>\n<p>\ud83e\udd45El Toro anot\u00f3 en el tiempo extra frente a Colombia y se llev\u00f3 el premio como m\u00e1ximo goleador.<\/p>\n<p>\u00a1Dale campe\u00f3n! Gracias por otro campeonato \ud83c\udfc6. <a href=\"https:\/\/t.co\/UPFqaYao5z\">pic.twitter.com\/UPFqaYao5z<\/a><\/p>\n<p>\u2014 Club A. Liniers (@CALiniers) <a href=\"https:\/\/twitter.com\/CALiniers\/status\/1812722271250698387?ref_src=twsrc%5Etfw\">July 15, 2024<\/a><\/p><\/blockquote><\/div>\n<div class=\"custom-text \" readability=\"38\">\n<p>El Toro hizo inferiores en en conjunto bahiense antes de llegar a Racing. Siempre record\u00f3 al club en cada ocasi\u00f3n que pudo, e incluso <strong>le dejo una millonada tras su traspaso al Inter de Italia<\/strong>. Claro, a Liniers le correspond\u00eda un 20% por derechos federativos, lo que signific\u00f3 alrededor de 3 millones de d\u00f3lares. Esto le permiti\u00f3 al club hacer un reacondicionamiento total en el predio de entrenamiento.<\/p>\n<\/div>\n<div class=\"sc-e7b891c4-0 jPbnQF\"><img alt=\"Lautaro Martinez en el club Liniers de Bah\u00eda Blanca\" src=\"http:\/\/nuevacordoba.net\/wp-content\/uploads\/2024\/07\/del-ascenso-a-bicampeones-de-america-el-saludo-para-lautaro-acuna-y-armani-1.jpg\" width=\"720\" height=\"100\" decoding=\"async\" data-nimg=\"future\" loading=\"lazy\"><span class=\"epigraphe\">Lautaro Martinez en el club Liniers de Bah\u00eda Blanca<\/span><\/div>\n<div class=\"custom-text \" readability=\"38.282296650718\">\n<p>No s\u00f3lo eso, sino que en varias ocasiones <strong>se present\u00f3 por las instalaciones para entrenar con el plantel del club<\/strong>. Una de ellas, <a href=\"https:\/\/www.ole.com.ar\/seleccion\/lautaro-martinez-liniers-seleccion_0_EySPx1TsH.amp.html\" target=\"_self\" title=\"tras el primer campeonato de Am\u00e9rica\" alt=\"tras el primer campeonato de Am\u00e9rica\" rel=\"noopener\">tras el primer campeonato de Am\u00e9rica<\/a> en 2021. \u00ab<strong>Siempre que viene ac\u00e1 su prioridad es entrenar con los chicos<\/strong>. Todos quedaron muy contentos, no s\u00f3lo los de Primera, hab\u00eda chicos de Inferiores muy sorprendido\u00bb, le coment\u00f3 Carlos Pablo, presidente de Liniers, a <strong>Ol\u00e9 <\/strong>en aquel entonces.<\/p>\n<\/div>\n<p><h2><strong>Ferro y el saludo a los campeones<\/strong><\/h2>\n<\/p>\n<div class=\"custom-text \" readability=\"38\">\n<p>\u00ab\u00a1Esta Selecci\u00f3n nos regal\u00f3 otra Copa y nos llea de orgullo! Por eso, desde el Club Ferro Carril oeste saludamos a quienes fueron parte de la familia verdolaga: <strong>\u00a1felicitaciones @Acu\u00f1aMarcos17, Roberto Ayala, Franco Armani y Marcelo D&#8217;Andrea!<\/strong>\u00ab, solt\u00f3 el Verde desde sus redes sociales.<\/p>\n<\/div>\n<div class=\"custom-embedhtml\" readability=\"8.153743315508\">\n<blockquote class=\"twitter-tweet\" readability=\"10.299465240642\">\n<p lang=\"es\" dir=\"ltr\">\ud83c\udde6\ud83c\uddf7\ud83c\udfc6 \u00a1FELICITACIONES A LOS BICAMPEONES DE AM\u00c9RICA!<\/p>\n<p>\ud83d\udc9a \u00a1Esta Selecci\u00f3n nos regal\u00f3 otra Copa y nos llena de orgullo! Por eso, desde el Club Ferro Carril Oeste saludamos a quienes fueron parte de la familia verdolaga: \u00a1felicitaciones <a href=\"https:\/\/twitter.com\/AcunaMarcos17?ref_src=twsrc%5Etfw\">@AcunaMarcos17<\/a>, Roberto Ayala, Franco Armani y\u2026 <a href=\"https:\/\/t.co\/LlEm0uCzju\">pic.twitter.com\/LlEm0uCzju<\/a><\/p>\n<p>\u2014 Ferro Carril Oeste (@FerroOficial) <a href=\"https:\/\/twitter.com\/FerroOficial\/status\/1812958286246744156?ref_src=twsrc%5Etfw\">July 15, 2024<\/a><\/p><\/blockquote><\/div>\n<div class=\"custom-text \" readability=\"37\">\n<p>El Huevo, <strong>el caso m\u00e1s reciente que sali\u00f3 de la cantera del club<\/strong>. Debut\u00f3 en 2011 de la mano del Chaucha Bianco, jug\u00f3 m\u00e1s de 100 partidos y fue capit\u00e1n del primer equipo de Ferro. Despu\u00e9s lo compr\u00f3 Racing, sali\u00f3 campe\u00f3n y de ah\u00ed no tard\u00f3 en pegar el salto a Europa.<\/p>\n<\/div>\n<div class=\"sc-e7b891c4-0 jPbnQF\"><img alt=\"El Huevo Acu\u00f1a, jugando con la de Ferro\" src=\"http:\/\/nuevacordoba.net\/wp-content\/uploads\/2024\/07\/del-ascenso-a-bicampeones-de-america-el-saludo-para-lautaro-acuna-y-armani-2.jpg\" width=\"720\" height=\"100\" decoding=\"async\" data-nimg=\"future\" loading=\"lazy\"><span class=\"epigraphe\">El Huevo Acu\u00f1a, jugando con la de Ferro<\/span><\/div>\n<div class=\"custom-text \" readability=\"40\">\n<p><strong>El Pulpo, por su parte, tuvo un paso espor\u00e1dico por Caballito<\/strong>. Apenas sum\u00f3 unos minutos en su pr\u00e9stamo desde Estudiantes de La Plata y despu\u00e9s de march\u00f3 a Deportivo Merlo. <strong>El saludo se hizo extensivo al Rat\u00f3n Ayala, que tambi\u00e9n sali\u00f3 del club, y a Marcelo D&#8217;Andrea<\/strong>, fisioterapeuta que lleg\u00f3 a la Selecci\u00f3n tras trabajar un tiempo en el Verde.<\/p>\n<\/div>\n<div class=\"sc-a7166897-0 exHLBh\" readability=\"6\">\n<section readability=\"2\"><picture><img alt=\"Grave lesi\u00f3n de Mauro M\u00e9ndez\" src=\"http:\/\/nuevacordoba.net\/wp-content\/uploads\/2024\/07\/del-ascenso-a-bicampeones-de-america-el-saludo-para-lautaro-acuna-y-armani-3.jpg\" width=\"290\" height=\"290\" decoding=\"async\" data-nimg=\"future\" loading=\"lazy\"><\/picture>\n<p><span>Mir\u00e1 tambi\u00e9n<\/span><\/p>\n<hr>\n<h3>Grave lesi\u00f3n de Mauro M\u00e9ndez<\/h3>\n<\/p>\n<\/section>\n<\/div>\n<div class=\"sc-a7166897-0 exHLBh\" readability=\"6\">\n<section readability=\"2\"><picture><img alt=\"Las tres caras nuevas de Independiente Rivadavia \" src=\"http:\/\/nuevacordoba.net\/wp-content\/uploads\/2024\/07\/del-ascenso-a-bicampeones-de-america-el-saludo-para-lautaro-acuna-y-armani-4.jpg\" width=\"290\" height=\"290\" decoding=\"async\" data-nimg=\"future\" loading=\"lazy\"><\/picture>\n<p><span>Mir\u00e1 tambi\u00e9n<\/span><\/p>\n<hr>\n<h3>Las tres caras nuevas de Independiente Rivadavia<br \/>\n<\/h3>\n<\/p>\n<\/section>\n<\/div>\n<div class=\"sc-a7166897-0 exHLBh\" readability=\"6\">\n<section readability=\"2\"><picture><img alt=\"Semana de Sudamericana: d\u00edas y horarios de los partidos de ida de playoff\" src=\"http:\/\/nuevacordoba.net\/wp-content\/uploads\/2024\/07\/del-ascenso-a-bicampeones-de-america-el-saludo-para-lautaro-acuna-y-armani-5.jpg\" width=\"290\" height=\"290\" decoding=\"async\" data-nimg=\"future\" loading=\"lazy\"><\/picture>\n<p><span>Mir\u00e1 tambi\u00e9n<\/span><\/p>\n<hr>\n<h3>Semana de Sudamericana: d\u00edas y horarios de los partidos de ida de playoff<\/h3>\n<\/p>\n<\/section>\n<\/div>\n<div class=\"sc-a7166897-0 exHLBh\" readability=\"7.5\">\n<section readability=\"5\"><picture><img alt=\"Rosario Central vs. Internacional, por la Copa Sudamericana 2024: hora, c\u00f3mo ver y formaciones\" src=\"http:\/\/nuevacordoba.net\/wp-content\/uploads\/2024\/07\/del-ascenso-a-bicampeones-de-america-el-saludo-para-lautaro-acuna-y-armani-6.jpg\" width=\"290\" height=\"290\" decoding=\"async\" data-nimg=\"future\" loading=\"lazy\"><\/picture>\n<p><span>Mir\u00e1 tambi\u00e9n<\/span><\/p>\n<hr>\n<h3>Rosario Central vs. Internacional, por la Copa Sudamericana 2024: hora, c\u00f3mo ver y formaciones<\/h3>\n<\/p>\n<\/section>\n<\/div>\n<\/div>\n","protected":false},"excerpt":{"rendered":"<p>15\/07\/2024 20:17hs. La locura del bicampeonato de Argentina en la Copa Am\u00e9rica a\u00fan contin\u00faa. Las redes sociales, a niveles exponenciales, sirven como art\u00edfices de opiniones, reflexiones e incluso felicitaciones para con los jugadores de la Scaloneta que siguen escribiendo p\u00e1ginas en la historia del deporte nacional. En este contexto, muchos clubes aprovecharon para publicar sus [&hellip;]<\/p>\n","protected":false},"author":1,"featured_media":45953,"comment_status":"closed","ping_status":"closed","sticky":false,"template":"","format":"standard","meta":[],"categories":[10],"tags":[],"_links":{"self":[{"href":"http:\/\/nuevacordoba.net\/index.php\/wp-json\/wp\/v2\/posts\/45952"}],"collection":[{"href":"http:\/\/nuevacordoba.net\/index.php\/wp-json\/wp\/v2\/posts"}],"about":[{"href":"http:\/\/nuevacordoba.net\/index.php\/wp-json\/wp\/v2\/types\/post"}],"author":[{"embeddable":true,"href":"http:\/\/nuevacordoba.net\/index.php\/wp-json\/wp\/v2\/users\/1"}],"replies":[{"embeddable":true,"href":"http:\/\/nuevacordoba.net\/index.php\/wp-json\/wp\/v2\/comments?post=45952"}],"version-history":[{"count":0,"href":"http:\/\/nuevacordoba.net\/index.php\/wp-json\/wp\/v2\/posts\/45952\/revisions"}],"wp:featuredmedia":[{"embeddable":true,"href":"http:\/\/nuevacordoba.net\/index.php\/wp-json\/wp\/v2\/media\/45953"}],"wp:attachment":[{"href":"http:\/\/nuevacordoba.net\/index.php\/wp-json\/wp\/v2\/media?parent=45952"}],"wp:term":[{"taxonomy":"category","embeddable":true,"href":"http:\/\/nuevacordoba.net\/index.php\/wp-json\/wp\/v2\/categories?post=45952"},{"taxonomy":"post_tag","embeddable":true,"href":"http:\/\/nuevacordoba.net\/index.php\/wp-json\/wp\/v2\/tags?post=45952"}],"curies":[{"name":"wp","href":"https:\/\/api.w.org\/{rel}","templated":true}]}}