{"id":45954,"date":"2024-07-16T19:43:54","date_gmt":"2024-07-16T19:43:54","guid":{"rendered":"https:\/\/prensa.cba.gov.ar\/?p=598003"},"modified":"2024-07-16T19:43:54","modified_gmt":"2024-07-16T19:43:54","slug":"mas-de-22-mil-personas-ya-visitaron-la-14-edicion-de-la-feria-infantil-del-libro","status":"publish","type":"post","link":"http:\/\/nuevacordoba.net\/index.php\/2024\/07\/16\/mas-de-22-mil-personas-ya-visitaron-la-14-edicion-de-la-feria-infantil-del-libro\/","title":{"rendered":"M\u00e1s de 22 mil personas ya visitaron la 14\u00b0 edici\u00f3n de la Feria Infantil del Libro"},"content":{"rendered":"<ul class=\" eplus-wrapper eplus-styles-uid-9bb5f8\">\n<li class=\" eplus-wrapper\"><strong>El evento, que comenz\u00f3 el pasado viernes 5 de julio, se extender\u00e1 hasta el domingo 21.<\/strong><\/li>\n<li class=\" eplus-wrapper\"><strong>Se pueden recorrer stands de editoriales y hay funciones de teatro, m\u00fasica, t\u00edteres y talleres creativos.<\/strong><\/li>\n<li class=\" eplus-wrapper\"><strong>Se lleva a cabo en el Centro Cultural C\u00f3rdoba, con entrada libre y gratuita.<\/strong><\/li>\n<\/ul>\n<p class=\" eplus-wrapper\">La Feria Infantil del Libro ya es un infaltable de las vacaciones de julio.<\/p>\n<p class=\" eplus-wrapper\">En cada edici\u00f3n fue creciendo en cantidad de propuestas editoriales y art\u00edsticas, a la vez que el p\u00fablico que la visita aument\u00f3 de manera exponencial, convirti\u00e9ndolo en un cl\u00e1sico de la temporada.<\/p>\n<p class=\" eplus-wrapper\">La decimocuarta entrega del evento comenz\u00f3 el pasado 5 de julio y ya fue visitada por m\u00e1s de 22 mil personas, que aprovecharon el receso escolar para acercarse al Centro Cultural C\u00f3rdoba (Av. Poeta Lugones 401).<\/p>\n<figure class=\" wp-block-gallery has-nested-images columns-default is-cropped eplus-wrapper wp-block-gallery-1 is-layout-flex wp-block-gallery-is-layout-flex\">\n<figure class=\"wp-block-image size-large eplus-wrapper\"><a href=\"http:\/\/nuevacordoba.net\/wp-content\/uploads\/2024\/07\/mas-de-22-mil-personas-ya-visitaron-la-14-edicion-de-la-feria-infantil-del-libro.jpg\"><img loading=\"lazy\" decoding=\"async\" width=\"993\" height=\"662\" data-id=\"598007\" src=\"http:\/\/nuevacordoba.net\/wp-content\/uploads\/2024\/07\/mas-de-22-mil-personas-ya-visitaron-la-14-edicion-de-la-feria-infantil-del-libro.jpg\" alt class=\"wp-image-598007\" srcset=\"http:\/\/nuevacordoba.net\/wp-content\/uploads\/2024\/07\/mas-de-22-mil-personas-ya-visitaron-la-14-edicion-de-la-feria-infantil-del-libro.jpg 993w, http:\/\/nuevacordoba.net\/wp-content\/uploads\/2024\/07\/mas-de-22-mil-personas-ya-visitaron-la-14-edicion-de-la-feria-infantil-del-libro-2.jpg 300w, http:\/\/nuevacordoba.net\/wp-content\/uploads\/2024\/07\/mas-de-22-mil-personas-ya-visitaron-la-14-edicion-de-la-feria-infantil-del-libro-3.jpg 768w\" sizes=\"(max-width: 993px) 100vw, 993px\"><\/a><\/figure>\n<figure class=\"wp-block-image size-large eplus-wrapper\"><a href=\"http:\/\/nuevacordoba.net\/wp-content\/uploads\/2024\/07\/mas-de-22-mil-personas-ya-visitaron-la-14-edicion-de-la-feria-infantil-del-libro-1.jpg\"><img loading=\"lazy\" decoding=\"async\" width=\"851\" height=\"572\" data-id=\"598006\" src=\"http:\/\/nuevacordoba.net\/wp-content\/uploads\/2024\/07\/mas-de-22-mil-personas-ya-visitaron-la-14-edicion-de-la-feria-infantil-del-libro-1.jpg\" alt class=\"wp-image-598006\" srcset=\"http:\/\/nuevacordoba.net\/wp-content\/uploads\/2024\/07\/mas-de-22-mil-personas-ya-visitaron-la-14-edicion-de-la-feria-infantil-del-libro-1.jpg 851w, http:\/\/nuevacordoba.net\/wp-content\/uploads\/2024\/07\/mas-de-22-mil-personas-ya-visitaron-la-14-edicion-de-la-feria-infantil-del-libro-4.jpg 300w, http:\/\/nuevacordoba.net\/wp-content\/uploads\/2024\/07\/mas-de-22-mil-personas-ya-visitaron-la-14-edicion-de-la-feria-infantil-del-libro-5.jpg 768w\" sizes=\"(max-width: 851px) 100vw, 851px\"><\/a><\/figure>\n<\/figure>\n<p class=\" eplus-wrapper\">La Feria se extender\u00e1 hasta el 21 de julio y se podr\u00e1 visitar de lunes a s\u00e1bados de 14 a 20 y domingos de 11 a 20 horas. Con entrada libre y gratuita.<\/p>\n<p class=\" eplus-wrapper\">Quienes se acerquen al edificio que est\u00e1 al pie del Faro del Bicentenario, tendr\u00e1n la oportunidad de recorrer stands de las principales editoriales y disfrutar de funciones de teatro, m\u00fasica, t\u00edteres, narradores, talleres creativos y encuentro con autores e ilustradores.<\/p>\n<p class=\" eplus-wrapper\">As\u00ed, se llevar\u00e1n a cabo dos funciones diarias en el auditorio, a las 16 y 18 horas, con entrada gratuita (se retiran una hora antes en el lugar). A las 17 horas, en tanto, habr\u00e1 un living de letras con narradores, talleres y presentaciones de libros, entre otras actividades l\u00fadicas.<\/p>\n<p class=\" eplus-wrapper\"><strong>La grilla completa de actividades de la 14\u00b0 edici\u00f3n de la Feria Infantil del Libro, en el siguiente enlace: <a href=\"https:\/\/bit.ly\/3zH45nv\" target=\"_blank\" rel=\"noreferrer noopener\">https:\/\/bit.ly\/3zH45nv<\/a><\/strong><\/p>\n","protected":false},"excerpt":{"rendered":"<p>El evento, que comenz\u00f3 el pasado viernes 5 de julio, se extender\u00e1 hasta el domingo 21. Se pueden recorrer stands de editoriales y hay funciones de teatro, m\u00fasica, t\u00edteres y talleres creativos. Se lleva a cabo en el Centro Cultural C\u00f3rdoba, con entrada libre y gratuita. La Feria Infantil del Libro ya es un infaltable [&hellip;]<\/p>\n","protected":false},"author":1,"featured_media":45955,"comment_status":"closed","ping_status":"closed","sticky":false,"template":"","format":"standard","meta":[],"categories":[14],"tags":[],"_links":{"self":[{"href":"http:\/\/nuevacordoba.net\/index.php\/wp-json\/wp\/v2\/posts\/45954"}],"collection":[{"href":"http:\/\/nuevacordoba.net\/index.php\/wp-json\/wp\/v2\/posts"}],"about":[{"href":"http:\/\/nuevacordoba.net\/index.php\/wp-json\/wp\/v2\/types\/post"}],"author":[{"embeddable":true,"href":"http:\/\/nuevacordoba.net\/index.php\/wp-json\/wp\/v2\/users\/1"}],"replies":[{"embeddable":true,"href":"http:\/\/nuevacordoba.net\/index.php\/wp-json\/wp\/v2\/comments?post=45954"}],"version-history":[{"count":0,"href":"http:\/\/nuevacordoba.net\/index.php\/wp-json\/wp\/v2\/posts\/45954\/revisions"}],"wp:featuredmedia":[{"embeddable":true,"href":"http:\/\/nuevacordoba.net\/index.php\/wp-json\/wp\/v2\/media\/45955"}],"wp:attachment":[{"href":"http:\/\/nuevacordoba.net\/index.php\/wp-json\/wp\/v2\/media?parent=45954"}],"wp:term":[{"taxonomy":"category","embeddable":true,"href":"http:\/\/nuevacordoba.net\/index.php\/wp-json\/wp\/v2\/categories?post=45954"},{"taxonomy":"post_tag","embeddable":true,"href":"http:\/\/nuevacordoba.net\/index.php\/wp-json\/wp\/v2\/tags?post=45954"}],"curies":[{"name":"wp","href":"https:\/\/api.w.org\/{rel}","templated":true}]}}