{"id":4597,"date":"2021-05-17T15:23:06","date_gmt":"2021-05-17T15:23:06","guid":{"rendered":"http:\/\/nuevacordoba.net\/index.php\/2021\/05\/17\/tinelli-regresa-con-la-academia-baile-y-humor-en-un-solo-programa\/"},"modified":"2021-05-17T15:23:06","modified_gmt":"2021-05-17T15:23:06","slug":"tinelli-regresa-con-la-academia-baile-y-humor-en-un-solo-programa","status":"publish","type":"post","link":"http:\/\/nuevacordoba.net\/index.php\/2021\/05\/17\/tinelli-regresa-con-la-academia-baile-y-humor-en-un-solo-programa\/","title":{"rendered":"Tinelli regresa con \u00abLa Academia\u00bb: baile y humor en un solo programa"},"content":{"rendered":"<div class=\"image\" id=\"image\" readability=\"7\"> <img src=\"http:\/\/nuevacordoba.net\/wp-content\/uploads\/2021\/05\/tinelli-regresa-con-la-academia-baile-y-humor-en-un-solo-programa.jpg\" alt=\"El equipo de La Academia.\" title=\"El equipo de La Academia.\"><\/p>\n<p>El equipo de La Academia.<\/p>\n<\/div>\n<p><strong>Marcelo Tinelli<\/strong> regresa este lunes a la pantalla de eltrece con un renovado \u00abShowMatch\u00bb, con el formato de <strong>\u00abLa Academia\u00bb<\/strong> en reemplazo del ya cl\u00e1sico y algo agotado \u00abBailando\u00bb y con el retorno del segmento humor\u00edstico con el que el conductor promete <strong>\u00abponer un poco de diversi\u00f3n a este mundo pol\u00edtico, a esta grieta insostenible que estamos atravesando hace muchos a\u00f1os en Argentina\u00bb<\/strong>.<\/p>\n<p>La transformaci\u00f3n del show ser\u00e1 a varios niveles, ya que la producci\u00f3n de LaFlia se mud\u00f3 con oficinas y todo a los inmensos estudios Baires en Don Torcuato -donde tambi\u00e9n funciona Polka- y tambi\u00e9n mudar\u00e1 de horario: <strong>desde el lunes se ver\u00e1 a las 21.<\/strong><\/p>\n<p>Tampoco se tomar\u00e1 el habitual descanso de los mi\u00e9rcoles, sino que con la misi\u00f3n de comenzar a hacer un contrapeso a los infalibles tanques que Telefe tiene enfrente ganando el rating casi sin oposici\u00f3n hace a\u00f1os, <strong>ir\u00e1 de lunes a viernes.<\/strong><\/p>\n<p>La nueva apuesta de Tinelli iniciar\u00e1 de lunes a jueves con \u00abLa Academia\u00bb, un concurso que repetir\u00e1 el atractivo de ver a las &#8216;celebrities&#8217; locales en competencia pero ya no solo en el baile, sino en m\u00faltiples materias art\u00edsticas.<\/p>\n<p><strong>\u00abEs un formato que abarca no solamente el hecho de bailar; justamente &#8216;La Academia, como el nombre lo indica, es un espacio donde se van a aprender un mont\u00f3n de disciplinas, no solamente ser\u00e1 el baile, sino el canto, circo, acrobacia, imitaciones, trapear, comedia musical\u00bb<\/strong>, explic\u00f3 Tinelli en di\u00e1logo con T\u00e9lam.<\/p>\n<div class=\"image\" id=\"image\" readability=\"8\"> <img src=\"http:\/\/nuevacordoba.net\/wp-content\/uploads\/2021\/05\/tinelli-regresa-con-la-academia-baile-y-humor-en-un-solo-programa-1.jpg\" alt=\"Tinelli con Pablo Echarri, en la apertura. Foto:Cristian Welcomme y Jorge Luengo.\" title=\"Tinelli con Pablo Echarri, en la apertura. Foto:Cristian Welcomme y Jorge Luengo.\"><\/p>\n<p>Tinelli con Pablo Echarri, en la apertura. Foto:Cristian Welcomme y Jorge Luengo.<\/p>\n<\/div>\n<p><strong>\u00abTengo muchas expectativas con este nuevo formato -se entusiasm\u00f3-. Yo siempre hago hincapi\u00e9 en que hay que cambiar, est\u00e1 bueno poder hacerlo y que eso a su vez haga que la gente siga eligiendo el programa\u00bb<\/strong>.<\/p>\n<p>De arranque ser\u00e1n 23 las parejas participantes, encabezadas por <strong>Karina \u00abLa Princesita\u00bb, Flor Vigna con Facu Mazzei, Julieta Nair Calvo, Romina Ricci, Agust\u00edn \u00abCachete\u00bb Sierra, Ulises Bueno y Roc\u00edo Pardo, \u00abEl Polaco\u00bb con Barby Silenzi, la periodista D\u00e9bora Plager, Luciana Salazar y Jorgito Moliniers, \u00abCucho\u00bb Parisi, Sof\u00eda Jujuy Jim\u00e9nez y Charlotte Caniggia<\/strong>.<\/p>\n<p>La n\u00f3mina se completar\u00e1 con <strong>Viviana Saccone, Roc\u00edo Marengo, Mar Tarres, \u00c1ngela Leiva, Mariana Genesio Pe\u00f1a, Lizardo Ponce, Pachu Pe\u00f1a, Julieta Puente, Barby Franco, Candela Ruggeri y Mario Guerci.<\/strong><\/p>\n<p>El infaltable jurado tambi\u00e9n se renov\u00f3: juzgar\u00e1n la capacidad de las estrellas <strong>Carolina \u00abPampita\u00bb Ardohain, \u00c1ngel de Brito, Jimena Bar\u00f3n y Hern\u00e1n Piqu\u00edn.<\/strong><\/p>\n<blockquote readability=\"8\">\n<p>\u00abOjal\u00e1 que nos podamos divertir con los pol\u00edticos. La repercusi\u00f3n esperemos que sea la mejor. Seguramente alguno se pueda enojar pero, como siempre, est\u00e1 bueno poder volver a hacerlo.\u00bb<span class=\"comilla\">\u201d<\/span><\/p>\n<p><span>Marcelo Tinelli<\/span><\/p>\n<\/blockquote>\n<p> La propuesta del empresario y presidente de San Lorenzo de Almagro mutar\u00e1 los viernes, con una velada completamente dedicada al humor, con \u00e9l ubicado nuevamente detr\u00e1s de un escritorio como cuando inici\u00f3 con \u00abVideomatch\u00bb en 1990, con la vuelta de las cl\u00e1sicas c\u00e1maras ocultas y el espacio de los imitadores en el concurso par\u00f3dico <strong>\u00abPolitichef\u00bb<\/strong>.<\/p>\n<p><strong>T\u00e9lam: Hoy los &#8216;realities&#8217; con famosos lideran el rating en las pantallas, una propuesta que ustedes hicieron hace a\u00f1os. \u00bfVan a redoblar la apuesta con alguna sorpresa m\u00e1s en \u00abLa Academia\u00bb o en el ciclo de humor?<\/strong><\/p>\n<p>Marcelo Tinelli: Me encanta que los &#8216;realities&#8217; est\u00e9n liderando la pantalla; quiere decir que es una propuesta que sigue vigente. Nuestra apuesta va a ser este cambio de formato de lunes a jueves, con disciplinas que van a estar realmente muy buenas, y el ciclo de humor los viernes vuelve con el escritorio. Un programa mucho m\u00e1s distendido de viernes que ojal\u00e1 ande bien porque hemos hecho muy buenas notas, y las c\u00e1maras, y \u00abPolitichef\u00bb. Va a estar bueno.<\/p>\n<div class=\"image\" id=\"image\" readability=\"7\"> <img src=\"http:\/\/nuevacordoba.net\/wp-content\/uploads\/2021\/05\/tinelli-regresa-con-la-academia-baile-y-humor-en-un-solo-programa-2.jpg\" alt=\"Con Oscar Ruggeri y el humor\" title=\"Con Oscar Ruggeri y el humor\"><\/p>\n<p>Con Oscar Ruggeri y el humor<\/p>\n<\/div>\n<p><strong>T: En el marco de la pandemia y los protocolos que tienen para hacer el programa, \u00bfC\u00f3mo ser\u00e1 tu interacci\u00f3n con los participantes, siendo que tu rol y tus intervenciones son parte del show?<\/strong><\/p>\n<p>MT: Vamos a tener protocolos muy estrictos, no vamos a trabajar con barbijos porque me parece que en la tele no est\u00e1 bueno y existen otras formas de cuidarse, como sanitizar el estudio, hacer hisopados a todas las personas que entran. Mi interacci\u00f3n con los participantes va a ser la de siempre, en un estudio mucho m\u00e1s grande, sin p\u00fablico, pero con algunos invitados en distintas burbujas. Nos vamos a adaptar a lo que es esta nueva normalidad dentro de la pandemia.<\/p>\n<p><strong>T: Como productor, \u00bfQu\u00e9 pens\u00e1s que falta hoy en la televisi\u00f3n de aire? \u00bfC\u00f3mo viv\u00eds la ausencia de ficci\u00f3n nacional?<\/strong><\/p>\n<p>MT: Creo que, como siempre, hay cosas buenas y otras no tanto. La ausencia de ficci\u00f3n nacional me da pena y espero que se recupere r\u00e1pido. Ya Adri\u00e1n Suar est\u00e1 grabando la nueva ficci\u00f3n (la tira \u00abLa 1-5\/18\u00bb de Polka, que ir\u00e1 por eltrece) y eso me pone muy contento. Que vuelva la ficci\u00f3n nacional me pone feliz.<\/p>\n<div class=\"image\" id=\"image\" readability=\"8\"> <img src=\"http:\/\/nuevacordoba.net\/wp-content\/uploads\/2021\/05\/tinelli-regresa-con-la-academia-baile-y-humor-en-un-solo-programa-3.jpg\" alt=\"Con el Puma Goity, pelo y barba\" title=\"Con el Puma Goity, pelo y barba\"><\/p>\n<p>Con el Puma Goity, pelo y barba<\/p>\n<\/div>\n<p><strong>T: En cuanto a \u00abPolitchef\u00bb y contemplando el clima social que est\u00e1 atravesando el pa\u00eds y el a\u00f1o electoral, \u00bfCu\u00e1l cre\u00e9s que pueda ser la repercusi\u00f3n de este programa?<\/strong><\/p>\n<p>MT: Me encantar\u00eda que la gente se pueda divertir. Creo que vamos a poner un poco de diversi\u00f3n a este mundo pol\u00edtico, a esta grieta insostenible que estamos atravesando hace muchos a\u00f1os en Argentina. Ojal\u00e1 que nos podamos divertir con los pol\u00edticos. La repercusi\u00f3n esperemos que sea la mejor. Seguramente alguno se pueda enojar pero, como siempre, est\u00e1 bueno poder volver a hacerlo.<\/p>\n<p><strong>T: Este a\u00f1o Telefe est\u00e1 muy fuerte en su \u00abprime time\u00bb. \u00bfC\u00f3mo viv\u00eds la relaci\u00f3n con el rating y qu\u00e9 expectativas ten\u00e9s para este \u00abShowMatch\u00bb 2021 en ese sentido?<\/strong><\/p>\n<p>MT: Est\u00e1 muy fuerte s\u00ed, son a\u00f1os que se dan as\u00ed y me parece perfecto. Nosotros entramos sabiendo que es muy dif\u00edcil doblegarlos, pero creo que con hacer dos d\u00edgitos estamos muy bien, y ojal\u00e1 podamos ir creciendo a lo largo del a\u00f1o. Eso es lo que esperamos. Yo siempre estoy muy pendiente del n\u00famero, pero lo m\u00e1s importante hoy en pandemia es poder darle trabajo a m\u00e1s de 300 familias que trabajan en la productora.<\/p>\n<p><strong>T: Te toc\u00f3 hacer un parate obligado por la pandemia el a\u00f1o pasado. \u00bfC\u00f3mo viviste ese tiempo fuera de la tele? \u00bfEst\u00e1s ansioso por volver?<\/strong><\/p>\n<p>MT: Lo viv\u00ed bien, tranquilo porque me estuve cuidando mucho con respecto a la pandemia y al virus, pero ya estaba con ganas de volver. Imaginate que el a\u00f1o pasado me toc\u00f3 producir un programa, el \u00abCantando&#8230;\u00bb, y verlo todos los d\u00edas ah\u00ed en pantalla me dio mucha ansiedad, llamaba a los productores, mandaba WhatsApp, Twitter, \u00a1un pesado! Esa ansiedad ahora la voy a calmar estando al aire. <\/p>\n","protected":false},"excerpt":{"rendered":"<p>El equipo de La Academia. Marcelo Tinelli regresa este lunes a la pantalla de eltrece con un renovado \u00abShowMatch\u00bb, con el formato de \u00abLa Academia\u00bb en reemplazo del ya cl\u00e1sico y algo agotado \u00abBailando\u00bb y con el retorno del segmento humor\u00edstico con el que el conductor promete \u00abponer un poco de diversi\u00f3n a este mundo [&hellip;]<\/p>\n","protected":false},"author":1,"featured_media":4598,"comment_status":"closed","ping_status":"closed","sticky":false,"template":"","format":"standard","meta":[],"categories":[9],"tags":[],"_links":{"self":[{"href":"http:\/\/nuevacordoba.net\/index.php\/wp-json\/wp\/v2\/posts\/4597"}],"collection":[{"href":"http:\/\/nuevacordoba.net\/index.php\/wp-json\/wp\/v2\/posts"}],"about":[{"href":"http:\/\/nuevacordoba.net\/index.php\/wp-json\/wp\/v2\/types\/post"}],"author":[{"embeddable":true,"href":"http:\/\/nuevacordoba.net\/index.php\/wp-json\/wp\/v2\/users\/1"}],"replies":[{"embeddable":true,"href":"http:\/\/nuevacordoba.net\/index.php\/wp-json\/wp\/v2\/comments?post=4597"}],"version-history":[{"count":0,"href":"http:\/\/nuevacordoba.net\/index.php\/wp-json\/wp\/v2\/posts\/4597\/revisions"}],"wp:featuredmedia":[{"embeddable":true,"href":"http:\/\/nuevacordoba.net\/index.php\/wp-json\/wp\/v2\/media\/4598"}],"wp:attachment":[{"href":"http:\/\/nuevacordoba.net\/index.php\/wp-json\/wp\/v2\/media?parent=4597"}],"wp:term":[{"taxonomy":"category","embeddable":true,"href":"http:\/\/nuevacordoba.net\/index.php\/wp-json\/wp\/v2\/categories?post=4597"},{"taxonomy":"post_tag","embeddable":true,"href":"http:\/\/nuevacordoba.net\/index.php\/wp-json\/wp\/v2\/tags?post=4597"}],"curies":[{"name":"wp","href":"https:\/\/api.w.org\/{rel}","templated":true}]}}