{"id":45976,"date":"2024-07-17T03:04:59","date_gmt":"2024-07-17T03:04:59","guid":{"rendered":"https:\/\/puntoapunto.com.ar\/?p=362912"},"modified":"2024-07-17T03:04:59","modified_gmt":"2024-07-17T03:04:59","slug":"edicion-semanal-plan-cc-cordoba-centro-regional-de-edc","status":"publish","type":"post","link":"http:\/\/nuevacordoba.net\/index.php\/2024\/07\/17\/edicion-semanal-plan-cc-cordoba-centro-regional-de-edc\/","title":{"rendered":"Edici\u00f3n semanal: Plan CC, C\u00f3rdoba centro regional de EdC"},"content":{"rendered":"<div class=\"g g-36\">\n<div class=\"g-dyn a-29 c-1\"><a class=\"gofollow\" data-track=\"MjksMzYsMSw2MA==\" href=\"https:\/\/www.harmoniechateau.com.ar\/\" target=\"_blank\" rel=\"noopener\"><img src=\"http:\/\/nuevacordoba.net\/wp-content\/uploads\/2024\/07\/edicion-semanal-plan-cc-cordoba-centro-regional-de-edc.jpg\" loading=\"lazy\"><\/a><\/div>\n<\/div>\n<p>&nbsp;\n<\/p>\n<p>El holding <strong>C\u00f3rdoba Cluster<\/strong> -que engloba a cientos de empresas tecnol\u00f3gicas y asociaciones a fines-, comenz\u00f3 a dise\u00f1ar un plan para hacer de C\u00f3rdoba un cetro regional de referencia para la Econom\u00eda del Conocimiento. Su presidente, <strong>Mariano Surghy, habla de los desaf\u00edos de un sector impactado por la IA, el fen\u00f3menos de la venta de empresas y los escenarios que se vienen.&nbsp;<\/strong>\n<\/p>\n<p><strong>Le\u00e9 la revista en tu dispositivo favorito<\/strong>\n<\/p>\n<p><a href=\"https:\/\/indd.adobe.com\/view\/cd8dc120-b1de-4431-9bdc-ebc73dae10ad\" target=\"_blank\" rel=\"noopener\"><img decoding=\"async\" class=\"alignnone wp-image-341569 size-full\" src=\"http:\/\/nuevacordoba.net\/wp-content\/uploads\/2024\/07\/edicion-semanal-plan-cc-cordoba-centro-regional-de-edc-1.jpg\" alt width=\"300\" height=\"80\" loading=\"lazy\"><\/a><img decoding=\"async\" class=\"alignnone size-full wp-image-341570\" src=\"http:\/\/nuevacordoba.net\/wp-content\/uploads\/2024\/07\/edicion-semanal-plan-cc-cordoba-centro-regional-de-edc-2.jpg\" alt width=\"300\" height=\"80\" loading=\"lazy\"><\/p>\n<div class=\"g g-38\">\n<div class=\"g-dyn a-12 c-1\"><a class=\"gofollow\" data-track=\"MTIsMzgsMSw2MA==\" href=\"https:\/\/form.jotform.com\/240784464263663\" target=\"_blank\" rel=\"noopener\"><img src=\"http:\/\/nuevacordoba.net\/wp-content\/uploads\/2024\/07\/edicion-semanal-plan-cc-cordoba-centro-regional-de-edc-3.jpg\" loading=\"lazy\"><\/a><\/div>\n<\/div>\n","protected":false},"excerpt":{"rendered":"<p>&nbsp; El holding C\u00f3rdoba Cluster -que engloba a cientos de empresas tecnol\u00f3gicas y asociaciones a fines-, comenz\u00f3 a dise\u00f1ar un plan para hacer de C\u00f3rdoba un cetro regional de referencia para la Econom\u00eda del Conocimiento. Su presidente, Mariano Surghy, habla de los desaf\u00edos de un sector impactado por la IA, el fen\u00f3menos de la venta [&hellip;]<\/p>\n","protected":false},"author":1,"featured_media":45977,"comment_status":"open","ping_status":"closed","sticky":false,"template":"","format":"standard","meta":[],"categories":[14],"tags":[],"_links":{"self":[{"href":"http:\/\/nuevacordoba.net\/index.php\/wp-json\/wp\/v2\/posts\/45976"}],"collection":[{"href":"http:\/\/nuevacordoba.net\/index.php\/wp-json\/wp\/v2\/posts"}],"about":[{"href":"http:\/\/nuevacordoba.net\/index.php\/wp-json\/wp\/v2\/types\/post"}],"author":[{"embeddable":true,"href":"http:\/\/nuevacordoba.net\/index.php\/wp-json\/wp\/v2\/users\/1"}],"replies":[{"embeddable":true,"href":"http:\/\/nuevacordoba.net\/index.php\/wp-json\/wp\/v2\/comments?post=45976"}],"version-history":[{"count":0,"href":"http:\/\/nuevacordoba.net\/index.php\/wp-json\/wp\/v2\/posts\/45976\/revisions"}],"wp:featuredmedia":[{"embeddable":true,"href":"http:\/\/nuevacordoba.net\/index.php\/wp-json\/wp\/v2\/media\/45977"}],"wp:attachment":[{"href":"http:\/\/nuevacordoba.net\/index.php\/wp-json\/wp\/v2\/media?parent=45976"}],"wp:term":[{"taxonomy":"category","embeddable":true,"href":"http:\/\/nuevacordoba.net\/index.php\/wp-json\/wp\/v2\/categories?post=45976"},{"taxonomy":"post_tag","embeddable":true,"href":"http:\/\/nuevacordoba.net\/index.php\/wp-json\/wp\/v2\/tags?post=45976"}],"curies":[{"name":"wp","href":"https:\/\/api.w.org\/{rel}","templated":true}]}}