{"id":45978,"date":"2024-07-16T21:40:11","date_gmt":"2024-07-16T21:40:11","guid":{"rendered":"https:\/\/cordoba.gob.ar\/?p=59582"},"modified":"2024-07-16T21:40:11","modified_gmt":"2024-07-16T21:40:11","slug":"comenzo-el-festival-de-diseno-cordoba-2024","status":"publish","type":"post","link":"http:\/\/nuevacordoba.net\/index.php\/2024\/07\/16\/comenzo-el-festival-de-diseno-cordoba-2024\/","title":{"rendered":"\u00a1Comenz\u00f3 el Festival de Dise\u00f1o C\u00f3rdoba 2024!"},"content":{"rendered":"<div><img src=\"http:\/\/nuevacordoba.net\/wp-content\/uploads\/2024\/07\/comenzo-el-festival-de-diseno-cordoba-2024.png\" class=\"ff-og-image-inserted\"><\/div>\n<ul class=\"ak-ul\">\n<li><strong>Con talleres, conferencias, charlas y workshops, este martes comenz\u00f3 la instancia previa de la 10\u00b0 edici\u00f3n.<\/strong><\/li>\n<li><strong>A partir del viernes se podr\u00e1 recorrer la feria, que tiene el foco puesto en el dise\u00f1o como identidad, industria creativa y medio para la accesibilidad.<\/strong><\/li>\n<li><strong>Para consultar la programaci\u00f3n detallada ingresar <a href=\"https:\/\/docs.google.com\/document\/d\/10oQVU8ZLtleqngsnHlAFiNCzZv8tdzHr\/edit?usp=sharing&amp;ouid=102816184136719994183&amp;rtpof=true&amp;sd=true\">aqu\u00ed<\/a>.<\/strong><\/li>\n<\/ul>\n<hr>\n<p>La secretar\u00eda de Comunicaci\u00f3n y Cultura municipal invita a la 10\u00b0 edici\u00f3n del Festival de Dise\u00f1o C\u00f3rdoba que se vive en la ciudad desde este martes 16 y hasta el domingo 21 de julio, en el Museo de la Industria y alrededores.<\/p>\n<p>Bajo el lema <em>Cultura que potencia<\/em>, esta edici\u00f3n propone repensar la identidad del dise\u00f1o como una construcci\u00f3n continua. El eje gira sobre el dise\u00f1o universal en t\u00e9rminos de accesibilidad, inclusi\u00f3n y diversidad.<\/p>\n<p>La accesibilidad apunta a que cualquier persona con independencia de sus capacidades pueda disfrutar y asistir en condiciones de igualdad. En segunda instancia, la inclusividad se refiere al reconocimiento potencial creativo de los expositores, incluyendo diferentes perfiles en la programaci\u00f3n.<\/p>\n<p>Finalmente, diversidad hace referencia a que todas las personas puedan formar parte del dise\u00f1o, desarrollo, organizaci\u00f3n y planificaci\u00f3n del festival.<\/p>\n<p>En la diagramaci\u00f3n del Festival 2024 fueron consultadas entidades del tercer sector, como por ejemplo Fundaci\u00f3n Empate, Fundaci\u00f3n Familias CEA, Fundaci\u00f3n Jean Maggi, Juli\u00e1n Baquero, Uptodown Comparlante ONG (Bs. As.), Fundaci\u00f3n La Estaci\u00f3n y la Fundaci\u00f3n Por igual M\u00e1s.<\/p>\n<p>Adem\u00e1s, la presente edici\u00f3n cuenta con tres Mercados que incluyen a m\u00e1s de 120 emprendimientos: <strong>Dise\u00f1o<\/strong>, con propuestas de la ciudad de C\u00f3rdoba de los subsectores indumentaria, industrial y gr\u00e1fico; <strong>Futuro<\/strong>, espacio de dise\u00f1adores que incorporan criterios de sostenibilidad; y <strong>Mercado C\u00f3rdoba<\/strong>, con proyectos de dise\u00f1o del Interior de la Provincia. Se podr\u00e1n realizar visitas guiadas por los mercados dialogando con dise\u00f1adores\/as a las 15 y 16:30 horas, con inscripci\u00f3n previa.<\/p>\n<p><strong>Espacios<\/strong><\/p>\n<p>Inclusivo: con reflexi\u00f3n en torno a las tem\u00e1ticas de la accesibilidad, discapacidad e inclusi\u00f3n y su reconocimiento en los procesos de dise\u00f1o. Las propuestas incluyen indumentaria propioceptiva, juegos did\u00e1cticos con prop\u00f3sito inclusivo y charlas de dise\u00f1o y autismo, entre otras.<\/p>\n<p>Infancias: con actividades l\u00fadicas e interactivas pensadas para los m\u00e1s peque\u00f1os, tales como talleres de armado y confecci\u00f3n de mu\u00f1ecos textiles, dise\u00f1o al aire libre y shows de circo y teatro a cargo de Animaladas, Circo Davinci y Cia Parpadeo.<\/p>\n<p>Gastron\u00f3mico: para disfrutar de un lugar de descanso y degustar diferentes propuestas gastron\u00f3micas.<\/p>\n<p>Dise\u00f1o por venir: exhibici\u00f3n de trabajos, iniciativas y\/o investigaciones llevadas adelante por estudiantes, egresados y docentes de los diversos \u00e1mbitos acad\u00e9micos del dise\u00f1o. Permite visibilizar la tarea formativa y conocer los abordajes que est\u00e1n sucediendo en torno al futuro de las disciplinas, desde lo sustentable, la tecnolog\u00eda, la innovaci\u00f3n y accesibilidad. Participan: UPC, Blas Pascal, Siglo 21, La Metro y FAUD \u2013 UNC Escuela de Econom\u00eda Circular<\/p>\n<p><strong>Grilla art\u00edstica<\/strong><\/p>\n<p>El escenario art\u00edstico de esta edici\u00f3n est\u00e1 pensado para fusionar la creatividad con shows musicales de la escena local. Durante tres jornadas ser\u00e1n parte de la grilla artistas como Micky Rodr\u00edguez, Milonga sin Corte, La Twity Vergara y los Candy Fluxx, entre otros.<\/p>\n<p><strong>Muestra Museo de la Industria<\/strong><\/p>\n<p>Se presenta con un recorrido por la colecci\u00f3n permanente del museo a trav\u00e9s de una experiencia de realidad virtual.<\/p>\n<p>Tambi\u00e9n en la Casa Giratoria se pueden realizar cada una hora recorridos guiados por el patrimonio cultural, tours virtuales, visitas guiadas remotas y proyecciones de archivos hist\u00f3ricos.<\/p>\n<p>Todas las actividades son con entrada libre y gratuita, excepto las visitas guiadas, conversatorios y workshops que tienen inscripci\u00f3n previa.<\/p>\n<p>Para consultar la programaci\u00f3n detallada ingresar <a href=\"https:\/\/docs.google.com\/document\/d\/10oQVU8ZLtleqngsnHlAFiNCzZv8tdzHr\/edit?usp=sharing&amp;ouid=102816184136719994183&amp;rtpof=true&amp;sd=true\">aqu\u00ed<\/a>.<\/p>\n","protected":false},"excerpt":{"rendered":"<p>Con talleres, conferencias, charlas y workshops, este martes comenz\u00f3 la instancia previa de la 10\u00b0 edici\u00f3n. A partir del viernes se podr\u00e1 recorrer la feria, que tiene el foco puesto en el dise\u00f1o como identidad, industria creativa y medio para la accesibilidad. Para consultar la programaci\u00f3n detallada ingresar aqu\u00ed. La secretar\u00eda de Comunicaci\u00f3n y Cultura [&hellip;]<\/p>\n","protected":false},"author":1,"featured_media":45979,"comment_status":"closed","ping_status":"closed","sticky":false,"template":"","format":"standard","meta":[],"categories":[14],"tags":[],"_links":{"self":[{"href":"http:\/\/nuevacordoba.net\/index.php\/wp-json\/wp\/v2\/posts\/45978"}],"collection":[{"href":"http:\/\/nuevacordoba.net\/index.php\/wp-json\/wp\/v2\/posts"}],"about":[{"href":"http:\/\/nuevacordoba.net\/index.php\/wp-json\/wp\/v2\/types\/post"}],"author":[{"embeddable":true,"href":"http:\/\/nuevacordoba.net\/index.php\/wp-json\/wp\/v2\/users\/1"}],"replies":[{"embeddable":true,"href":"http:\/\/nuevacordoba.net\/index.php\/wp-json\/wp\/v2\/comments?post=45978"}],"version-history":[{"count":0,"href":"http:\/\/nuevacordoba.net\/index.php\/wp-json\/wp\/v2\/posts\/45978\/revisions"}],"wp:featuredmedia":[{"embeddable":true,"href":"http:\/\/nuevacordoba.net\/index.php\/wp-json\/wp\/v2\/media\/45979"}],"wp:attachment":[{"href":"http:\/\/nuevacordoba.net\/index.php\/wp-json\/wp\/v2\/media?parent=45978"}],"wp:term":[{"taxonomy":"category","embeddable":true,"href":"http:\/\/nuevacordoba.net\/index.php\/wp-json\/wp\/v2\/categories?post=45978"},{"taxonomy":"post_tag","embeddable":true,"href":"http:\/\/nuevacordoba.net\/index.php\/wp-json\/wp\/v2\/tags?post=45978"}],"curies":[{"name":"wp","href":"https:\/\/api.w.org\/{rel}","templated":true}]}}