{"id":45988,"date":"2024-07-16T20:24:58","date_gmt":"2024-07-16T20:24:58","guid":{"rendered":"https:\/\/www.ole.com.ar\/futbol-ascenso\/joyita-ascenso-adrian-fernandez-racing-central-cordoba_0_bGtTnrvhgF.html"},"modified":"2024-07-16T20:24:58","modified_gmt":"2024-07-16T20:24:58","slug":"la-joyita-del-ascenso-que-busco-racing-y-ahora-quiere-otro-equipo-de-la-liga","status":"publish","type":"post","link":"http:\/\/nuevacordoba.net\/index.php\/2024\/07\/16\/la-joyita-del-ascenso-que-busco-racing-y-ahora-quiere-otro-equipo-de-la-liga\/","title":{"rendered":"La joyita del Ascenso que busc\u00f3 Racing y ahora quiere otro equipo de la Liga"},"content":{"rendered":"<p><time class=\"createDate\" datetime=\"2024-07-16T17:24:58-03:00\">16\/07\/2024 17:24hs.<\/time><\/p>\n<div id=\"storyBody\">\n<div class=\"custom-text \" readability=\"33.737704918033\">\n<p>Que en el <a href=\"https:\/\/www.ole.com.ar\/tema\/ascenso.html\" title=\"Ascenso\" alt=\"Ascenso\" class=\"slug\">Ascenso<\/a> argentino hay muchos jugadores con un talento espetacular es algo sabido en el f\u00fatbol nacional. Es algo de lo que los clubes de Primera est\u00e1n al tanto a la hora de incorporar refuerzos en el mercado de pases. Y este no fue la excepci\u00f3n, ya que <strong>se dieron algunos moviemientos entre equipos de las categor\u00edas bajas con los de la <a href=\"https:\/\/www.ole.com.ar\/tema\/liga-profesional.html\" title=\"Liga Profesional\" alt=\"Liga Profesional\" class=\"slug\">Liga Profesional<\/a><\/strong>.<\/p>\n<\/div>\n<div class=\"custom-text \" readability=\"37.298461538462\">\n<p>En ese sentido, <strong>uno de los que se movi\u00f3 fue <a href=\"https:\/\/www.ole.com.ar\/tema\/racing.html\" title=\"Racing\" alt=\"Racing\" class=\"slug\">Racing<\/a><\/strong>: la Academia ya hab\u00eda arreglado a principios de a\u00f1o la llegada de Mat\u00edas Bergara desde Nueva Chicago, y en esta pretemporada el delantero se sum\u00f3 al plantel. Pero no se qued\u00f3 ah\u00ed, ya que <strong>tambi\u00e9n pos\u00f3 sus ojos en otra de las figuras del Nacional: Adri\u00e1n Fern\u00e1ndez.<\/strong><\/p>\n<\/div>\n<div class=\"custom-text \" readability=\"39\">\n<p>El volante creativo de 23 a\u00f1os, cuyo pase pertenece a San Telmo, estuvo en boca de muchos a partir de<strong> su destacada actuaci\u00f3n en la corriente temporada de la segunda categor\u00eda del f\u00fatbol argentino<\/strong>. Comandando al sorpresivo pero contundente conjunto de la Isla Maciel, despert\u00f3 el inter\u00e9s de varios equipos, incluyendo a uno de los cinco grandes.<\/p>\n<\/div>\n<div class=\"sc-e7b891c4-0 jPbnQF\"><img alt=\"El gran nivel de Fern\u00e1ndez lo meti\u00f3 en boca de todos.\" src=\"http:\/\/nuevacordoba.net\/wp-content\/uploads\/2024\/07\/la-joyita-del-ascenso-que-busco-racing-y-ahora-quiere-otro-equipo-de-la-liga.jpg\" width=\"720\" height=\"100\" decoding=\"async\" data-nimg=\"future\" loading=\"lazy\"><span class=\"epigraphe\">El gran nivel de Fern\u00e1ndez lo meti\u00f3 en boca de todos.<\/span><\/div>\n<div class=\"custom-text \" readability=\"36\">\n<p>Pese a que la chance de salir estuvo latente durante varias semanas, hace ya casi un mes que<strong> la posibilidad de arribar a Avellaneda perdi\u00f3 fuerza<\/strong>. En este contexto, otro equipo de Primera hizo un acercamiento por el player del Candombero: <strong>Central C\u00f3rdoba de Santiago del Estero.<\/strong><\/p>\n<\/div>\n<p><h2><strong>El Ferroviario asoma<\/strong><\/h2>\n<\/p>\n<div class=\"custom-text \" readability=\"40\">\n<p>Durante las \u00faltimas horas, al nombre de Fern\u00e1ndez se lo relacion\u00f3 con el conjunto santiague\u00f1o. Incluso, se habla de un posible acuerdo entre clubes por la compra de la mitad del pase en una cifra cercana a los 500 mil d\u00f3lares. Lo cierto es que, seg\u00fan le comentaron fuente cercanas a San Telmo a <strong>Ol\u00e9<\/strong>, por ahora,<strong> la situaci\u00f3n no va m\u00e1s de un acercamiento<\/strong> -como cualquier otro-<strong> por parte de Central C\u00f3rdoba<\/strong>.<\/p>\n<\/div>\n<div class=\"custom-text \" readability=\"34.862815884477\">\n<p>A pesar de una posible oferta que convenga a ambos clubes, lo que se pone en la mesa tambi\u00e9n es el deseo del jugador. Por el momento, <strong>Fern\u00e1ndez sigue a las \u00f3rdenes de Alfredo Grelak<\/strong> de cara a la pr\u00f3xima fecha de la <a href=\"https:\/\/www.ole.com.ar\/tema\/primera-nacional.html\" title=\"Primera Nacional\" alt=\"Primera Nacional\" class=\"slug\">Primera Nacional<\/a>, el pr\u00f3ximo lunes ante Deportivo Mor\u00f3n. <\/p>\n<\/div>\n<p><h2><strong>Los n\u00fameros de Fern\u00e1ndez en San Telmo en el 2024<\/strong><\/h2>\n<\/p>\n<div class=\"custom-text \" readability=\"37\">\n<p>No es necesario mucho an\u00e1lisis para comprender que el 10 de Telmo es uno de los mejores jugadores del torneo. Figura total de uno de los equipos protagonistas de la categor\u00eda, <strong>que est\u00e1 puntero de la Zona B a pesar de que se le hayan descontado tres puntos<\/strong> (tras los incidentes con Aldosivi, el otro l\u00edder).<\/p>\n<\/div>\n<div class=\"sc-e7b891c4-0 jPbnQF\"><img alt=\"San Telmo, una de las sorpresas del Nacional. (Foto: Prensa San Telmo).\" src=\"http:\/\/nuevacordoba.net\/wp-content\/uploads\/2024\/07\/la-joyita-del-ascenso-que-busco-racing-y-ahora-quiere-otro-equipo-de-la-liga-1.jpg\" width=\"720\" height=\"100\" decoding=\"async\" data-nimg=\"future\" loading=\"lazy\"><span class=\"epigraphe\">San Telmo, una de las sorpresas del Nacional. (Foto: Prensa San Telmo).<\/span><\/div>\n<div class=\"custom-text \" readability=\"37\">\n<p>Durante el corriente campeonato, <strong>Fern\u00e1ndez jug\u00f3 21 partidos, convirti\u00f3 cuatro goles y brind\u00f3 la misma cantidad de asistencias<\/strong>. En este 2024 encontr\u00f3 su mejor nivel despu\u00e9s de no ser muy tenido en cuenta e incluso habiendo tenido una etapa a pr\u00e9stamo en Colegiales. \u00bfTendr\u00e1 el salto a Primera?<\/p>\n<\/div>\n<div class=\"sc-a7166897-0 exHLBh\" readability=\"6\">\n<section readability=\"2\"><picture><img alt=\"Rebeli\u00f3n francesa contra Enzo Fern\u00e1ndez en el Chelsea: el club lo investiga\" src=\"http:\/\/nuevacordoba.net\/wp-content\/uploads\/2024\/07\/la-joyita-del-ascenso-que-busco-racing-y-ahora-quiere-otro-equipo-de-la-liga-2.jpg\" width=\"290\" height=\"290\" decoding=\"async\" data-nimg=\"future\" loading=\"lazy\"><\/picture>\n<p><span>Mir\u00e1 tambi\u00e9n<\/span><\/p>\n<hr>\n<h3>Rebeli\u00f3n francesa contra Enzo Fern\u00e1ndez en el Chelsea: el club lo investiga<\/h3>\n<\/p>\n<\/section>\n<\/div>\n<div class=\"sc-a7166897-0 exHLBh\" readability=\"6.5\">\n<section readability=\"3\"><picture><img alt=\"\u00bfQu\u00e9 canal de TV transmite Independiente del Valle vs. Boca por la Copa Sudamericana?\" src=\"http:\/\/nuevacordoba.net\/wp-content\/uploads\/2024\/07\/la-joyita-del-ascenso-que-busco-racing-y-ahora-quiere-otro-equipo-de-la-liga-3.jpg\" width=\"290\" height=\"290\" decoding=\"async\" data-nimg=\"future\" loading=\"lazy\"><\/picture>\n<p><span>Mir\u00e1 tambi\u00e9n<\/span><\/p>\n<hr>\n<h3>\u00bfQu\u00e9 canal de TV transmite Independiente del Valle vs. Boca por la Copa Sudamericana?<\/h3>\n<\/p>\n<\/section>\n<\/div>\n<div class=\"sc-a7166897-0 exHLBh\" readability=\"6\">\n<section readability=\"2\"><picture><img alt=\"Mercado de pases: m\u00e1s de 100 refuerzos a horas del reinicio del torneo\" src=\"http:\/\/nuevacordoba.net\/wp-content\/uploads\/2024\/07\/la-joyita-del-ascenso-que-busco-racing-y-ahora-quiere-otro-equipo-de-la-liga-4.jpg\" width=\"290\" height=\"290\" decoding=\"async\" data-nimg=\"future\" loading=\"lazy\"><\/picture>\n<p><span>Mir\u00e1 tambi\u00e9n<\/span><\/p>\n<hr>\n<h3>Mercado de pases: m\u00e1s de 100 refuerzos a horas del reinicio del torneo<\/h3>\n<\/p>\n<\/section>\n<\/div>\n<div class=\"sc-a7166897-0 exHLBh\" readability=\"6\">\n<section readability=\"2\"><picture><img alt=\"Leo volver\u00e1 a usar una camiseta celeste\" src=\"http:\/\/nuevacordoba.net\/wp-content\/uploads\/2024\/07\/la-joyita-del-ascenso-que-busco-racing-y-ahora-quiere-otro-equipo-de-la-liga-5.jpg\" width=\"290\" height=\"290\" decoding=\"async\" data-nimg=\"future\" loading=\"lazy\"><\/picture>\n<p><span>Mir\u00e1 tambi\u00e9n<\/span><\/p>\n<hr>\n<h3>Leo volver\u00e1 a usar una camiseta celeste<\/h3>\n<\/p>\n<\/section>\n<\/div>\n<\/div>\n","protected":false},"excerpt":{"rendered":"<p>16\/07\/2024 17:24hs. Que en el Ascenso argentino hay muchos jugadores con un talento espetacular es algo sabido en el f\u00fatbol nacional. Es algo de lo que los clubes de Primera est\u00e1n al tanto a la hora de incorporar refuerzos en el mercado de pases. Y este no fue la excepci\u00f3n, ya que se dieron algunos [&hellip;]<\/p>\n","protected":false},"author":1,"featured_media":45989,"comment_status":"closed","ping_status":"closed","sticky":false,"template":"","format":"standard","meta":[],"categories":[10],"tags":[],"_links":{"self":[{"href":"http:\/\/nuevacordoba.net\/index.php\/wp-json\/wp\/v2\/posts\/45988"}],"collection":[{"href":"http:\/\/nuevacordoba.net\/index.php\/wp-json\/wp\/v2\/posts"}],"about":[{"href":"http:\/\/nuevacordoba.net\/index.php\/wp-json\/wp\/v2\/types\/post"}],"author":[{"embeddable":true,"href":"http:\/\/nuevacordoba.net\/index.php\/wp-json\/wp\/v2\/users\/1"}],"replies":[{"embeddable":true,"href":"http:\/\/nuevacordoba.net\/index.php\/wp-json\/wp\/v2\/comments?post=45988"}],"version-history":[{"count":0,"href":"http:\/\/nuevacordoba.net\/index.php\/wp-json\/wp\/v2\/posts\/45988\/revisions"}],"wp:featuredmedia":[{"embeddable":true,"href":"http:\/\/nuevacordoba.net\/index.php\/wp-json\/wp\/v2\/media\/45989"}],"wp:attachment":[{"href":"http:\/\/nuevacordoba.net\/index.php\/wp-json\/wp\/v2\/media?parent=45988"}],"wp:term":[{"taxonomy":"category","embeddable":true,"href":"http:\/\/nuevacordoba.net\/index.php\/wp-json\/wp\/v2\/categories?post=45988"},{"taxonomy":"post_tag","embeddable":true,"href":"http:\/\/nuevacordoba.net\/index.php\/wp-json\/wp\/v2\/tags?post=45988"}],"curies":[{"name":"wp","href":"https:\/\/api.w.org\/{rel}","templated":true}]}}