{"id":46243,"date":"2024-07-23T03:04:31","date_gmt":"2024-07-23T03:04:31","guid":{"rendered":"https:\/\/puntoapunto.com.ar\/?p=363143"},"modified":"2024-07-23T03:04:31","modified_gmt":"2024-07-23T03:04:31","slug":"encuesta-cae-la-imagen-de-milei-y-avanza-el-descontento-por-el-mal-rumbo-de-la-economia","status":"publish","type":"post","link":"http:\/\/nuevacordoba.net\/index.php\/2024\/07\/23\/encuesta-cae-la-imagen-de-milei-y-avanza-el-descontento-por-el-mal-rumbo-de-la-economia\/","title":{"rendered":"Encuesta: cae la imagen de Milei y avanza el descontento por el (mal) rumbo de la econom\u00eda"},"content":{"rendered":"<div class=\"g g-36\">\n<div class=\"g-dyn a-29 c-1\"><a class=\"gofollow\" data-track=\"MjksMzYsMSw2MA==\" href=\"https:\/\/www.harmoniechateau.com.ar\/\" target=\"_blank\" rel=\"noopener\"><img src=\"http:\/\/nuevacordoba.net\/wp-content\/uploads\/2024\/07\/encuesta-cae-la-imagen-de-milei-y-avanza-el-descontento-por-el-mal-rumbo-de-la-economia.jpg\" loading=\"lazy\"><\/a><\/div>\n<\/div>\n<p>&nbsp;\n<\/p>\n<p>Los sondeos de junio marcaron un descenso en las expectativas e imagen en torno al gobierno de Javier Milei. Un reciente<a href=\"https:\/\/zubancordoba.com\/portfolio\/informe-nacional-julio-2024\/\"> informe de la consultora Zuban C\u00f3rdoba<\/a> indica que<strong> la figura del Presidente registra un rechazo del 54,2%.<\/strong>\n<\/p>\n<p>En tanto, marcaron algunas luces de advertencia que permanecen encendidas, como ser que<strong>&nbsp;el 66 % cree que la pobreza est\u00e1 aumentando al igual que el odio y la intolerancia<\/strong>; en tanto que el control del precio del d\u00f3lar por parte del Gobierno preocupa a\u00fan m\u00e1s.\n<\/p>\n<blockquote class=\"twitter-tweet\" data-width=\"500\" data-dnt=\"true\" readability=\"6.7784810126582\">\n<p lang=\"es\" dir=\"ltr\">Un 66% cree que la pobreza est\u00e1 aumentando al igual que el odio y la intolerancia <a href=\"https:\/\/t.co\/n97YButemW\">pic.twitter.com\/n97YButemW<\/a>\n<\/p>\n<p>\u2014 Zuban Cordoba (@Zuban_Cordoba) <a href=\"https:\/\/twitter.com\/Zuban_Cordoba\/status\/1815114723911680502?ref_src=twsrc%5Etfw\">July 21, 2024<\/a><\/p>\n<\/blockquote>\n<p>En este estudio, Zuban C\u00f3rdoba midi\u00f3 las percepciones de la ciudadan\u00eda con respecto a la importancia que le asigna a determinadas tem\u00e1ticas y las compararon con la importancia que les da el Gobierno.&nbsp;Mientras que la mayor parte de los \u00edtems com<strong>o salud, justicia social, derechos humanos o incluso la reducci\u00f3n del gasto p\u00fablico tienen en la opini\u00f3n social una amplia aceptaci\u00f3n<\/strong> <strong>como cuestiones que deben ser privilegiadas<\/strong>, al medir cual es la importancia que les da el Gobierno, la mayor\u00eda percibe que la misma es m\u00e1s bien baja.<\/p>\n<p>Aparece as\u00ed una grieta con el Gobierno nacional. <strong>Aunque sigue contando con cierta estabilidad en su aprobaci\u00f3n general, las cuestiones particulares empiezan a fracturarse<\/strong>, ya no s\u00f3lo en lo econ\u00f3mico sino tambi\u00e9n en otras \u00e1reas sensibles.\n<\/p>\n<p><img decoding=\"async\" class=\"aligncenter wp-image-363145 size-full\" src=\"http:\/\/nuevacordoba.net\/wp-content\/uploads\/2024\/07\/encuesta-cae-la-imagen-de-milei-y-avanza-el-descontento-por-el-mal-rumbo-de-la-economia-1.jpg\" alt width=\"1186\" height=\"2048\" srcset=\"http:\/\/nuevacordoba.net\/wp-content\/uploads\/2024\/07\/encuesta-cae-la-imagen-de-milei-y-avanza-el-descontento-por-el-mal-rumbo-de-la-economia-1.jpg 1186w, http:\/\/nuevacordoba.net\/wp-content\/uploads\/2024\/07\/encuesta-cae-la-imagen-de-milei-y-avanza-el-descontento-por-el-mal-rumbo-de-la-economia-3.jpg 174w, http:\/\/nuevacordoba.net\/wp-content\/uploads\/2024\/07\/encuesta-cae-la-imagen-de-milei-y-avanza-el-descontento-por-el-mal-rumbo-de-la-economia-4.jpg 593w, http:\/\/nuevacordoba.net\/wp-content\/uploads\/2024\/07\/encuesta-cae-la-imagen-de-milei-y-avanza-el-descontento-por-el-mal-rumbo-de-la-economia-5.jpg 768w, http:\/\/nuevacordoba.net\/wp-content\/uploads\/2024\/07\/encuesta-cae-la-imagen-de-milei-y-avanza-el-descontento-por-el-mal-rumbo-de-la-economia-6.jpg 890w, http:\/\/nuevacordoba.net\/wp-content\/uploads\/2024\/07\/encuesta-cae-la-imagen-de-milei-y-avanza-el-descontento-por-el-mal-rumbo-de-la-economia-7.jpg 750w, http:\/\/nuevacordoba.net\/wp-content\/uploads\/2024\/07\/encuesta-cae-la-imagen-de-milei-y-avanza-el-descontento-por-el-mal-rumbo-de-la-economia-8.jpg 1140w\" sizes=\"(max-width: 1186px) 100vw, 1186px\" loading=\"lazy\">\n<\/p>\n<p>\u00abQuiz\u00e1s la sociedad empieza a mostrar cierta impaciencia con respecto al Gobierno, especialmente en el frente econ\u00f3mico. Impaciencia que se profundiza cuando aparecen semanas como las que estamos transcurriendo, donde la inestabilidad cambiaria y financiera es la \u00fanica constante. La confianza en el plan econ\u00f3mico se mide en expectativas, pero tambi\u00e9n en la realidad material de las personas, es decir, no s\u00f3lo en cuanto quieren sino en cuanto pueden esperar a que la situaci\u00f3n econ\u00f3mica critica mejore\u201d, puntualizaron&nbsp;<strong>Gustavo C\u00f3rdoba<\/strong>&nbsp;y<strong>&nbsp;Paola Zuban<\/strong>.\n<\/p>\n<p>Es un fen\u00f3meno que ya se vio en los dos gobiernos anteriores<strong>: la inestabilidad es seguida por un rebrote inflacionario, al que le sigue posteriormente un desgaste en la opini\u00f3n p\u00fablica<\/strong>. Un sem\u00e1foro al que el Gobierno deber\u00eda prestarle atenci\u00f3n.\n<\/p>\n<p><strong>La imagen positiva de Milei se ubica en el 43,6%, con un rechazo del 54,2%.<\/strong> Otra figura fuerte del gabinete, la ministra de Seguridad Patricia Bullrich, registra una imagen negativa superior a los 55 puntos, con 44,5% de positiva. En tanto, el ministro de Econom\u00eda, Luis \u00abToto\u00bb Caputo, se acerca a los 60 puntos de imagen negativa, mientras que Karina Milei supera el 56% de rechazo.\n<\/p>\n<div class=\"g g-38\">\n<div class=\"g-dyn a-12 c-1\"><a class=\"gofollow\" data-track=\"MTIsMzgsMSw2MA==\" href=\"https:\/\/form.jotform.com\/240784464263663\" target=\"_blank\" rel=\"noopener\"><img src=\"http:\/\/nuevacordoba.net\/wp-content\/uploads\/2024\/07\/encuesta-cae-la-imagen-de-milei-y-avanza-el-descontento-por-el-mal-rumbo-de-la-economia-2.jpg\" loading=\"lazy\"><\/a><\/div>\n<\/div>\n","protected":false},"excerpt":{"rendered":"<p>&nbsp; Los sondeos de junio marcaron un descenso en las expectativas e imagen en torno al gobierno de Javier Milei. Un reciente informe de la consultora Zuban C\u00f3rdoba indica que la figura del Presidente registra un rechazo del 54,2%. En tanto, marcaron algunas luces de advertencia que permanecen encendidas, como ser que&nbsp;el 66 % cree [&hellip;]<\/p>\n","protected":false},"author":1,"featured_media":46244,"comment_status":"open","ping_status":"closed","sticky":false,"template":"","format":"standard","meta":[],"categories":[12,14],"tags":[],"_links":{"self":[{"href":"http:\/\/nuevacordoba.net\/index.php\/wp-json\/wp\/v2\/posts\/46243"}],"collection":[{"href":"http:\/\/nuevacordoba.net\/index.php\/wp-json\/wp\/v2\/posts"}],"about":[{"href":"http:\/\/nuevacordoba.net\/index.php\/wp-json\/wp\/v2\/types\/post"}],"author":[{"embeddable":true,"href":"http:\/\/nuevacordoba.net\/index.php\/wp-json\/wp\/v2\/users\/1"}],"replies":[{"embeddable":true,"href":"http:\/\/nuevacordoba.net\/index.php\/wp-json\/wp\/v2\/comments?post=46243"}],"version-history":[{"count":0,"href":"http:\/\/nuevacordoba.net\/index.php\/wp-json\/wp\/v2\/posts\/46243\/revisions"}],"wp:featuredmedia":[{"embeddable":true,"href":"http:\/\/nuevacordoba.net\/index.php\/wp-json\/wp\/v2\/media\/46244"}],"wp:attachment":[{"href":"http:\/\/nuevacordoba.net\/index.php\/wp-json\/wp\/v2\/media?parent=46243"}],"wp:term":[{"taxonomy":"category","embeddable":true,"href":"http:\/\/nuevacordoba.net\/index.php\/wp-json\/wp\/v2\/categories?post=46243"},{"taxonomy":"post_tag","embeddable":true,"href":"http:\/\/nuevacordoba.net\/index.php\/wp-json\/wp\/v2\/tags?post=46243"}],"curies":[{"name":"wp","href":"https:\/\/api.w.org\/{rel}","templated":true}]}}