{"id":46267,"date":"2024-07-23T19:50:48","date_gmt":"2024-07-23T19:50:48","guid":{"rendered":"https:\/\/prensa.cba.gov.ar\/?p=598594"},"modified":"2024-07-23T19:50:48","modified_gmt":"2024-07-23T19:50:48","slug":"dean-funes-11-establecimientos-educativos-mejoraron-su-infraestructura","status":"publish","type":"post","link":"http:\/\/nuevacordoba.net\/index.php\/2024\/07\/23\/dean-funes-11-establecimientos-educativos-mejoraron-su-infraestructura\/","title":{"rendered":"De\u00e1n Funes: 11 establecimientos educativos mejoraron su infraestructura\u00a0"},"content":{"rendered":"<ul class=\" eplus-wrapper eplus-styles-uid-ec8075\">\n<li class=\" eplus-wrapper\"><strong>Las obras se ejecutaron con aportes provenientes del Fondo para la Descentralizaci\u00f3n del Mantenimiento de Edificios Escolares Provinciales (FODEMEEP).<\/strong><\/li>\n<li class=\" eplus-wrapper\"><strong>Las acciones abarcan desde reparaciones b\u00e1sicas hasta remodelaciones importantes, garantizando un ambiente adecuado para estudiantes, docentes y comunidad educativa en general.<\/strong><\/li>\n<\/ul>\n<p class=\" eplus-wrapper\">Escuelas de distintos niveles y modalidades pertenecientes a la localidad de De\u00e1n Funes han logrado mejoras edilicias gracias al Fondo para la Descentralizaci\u00f3n del Mantenimiento de Edificios Escolares Provinciales (FODEMEEP).<\/p>\n<p class=\" eplus-wrapper\">Dicha iniciativa es llevada adelante por el gobierno provincial, a trav\u00e9s del Ministerio de Educaci\u00f3n, con el objetivo de facilitar la concreci\u00f3n de obras de infraestructura, orientadas al logro de condiciones materiales acordes con una educaci\u00f3n de calidad.&nbsp;<\/p>\n<p class=\" eplus-wrapper\">Estas tareas no solo se enfocan en alcanzar \u00f3ptimas condiciones de ense\u00f1anza y aprendizaje, sino que tambi\u00e9n refuerzan la seguridad y comodidad de toda la comunidad educativa en cada uno de los territorios.&nbsp;<\/p>\n<p class=\" eplus-wrapper\">Al respecto, el ministro Horacio Ferreyra sostuvo: <em>\u201cEl compromiso de nuestro gobierno con la educaci\u00f3n es firme y constante. Las acciones realizadas en De\u00e1n Funes reflejan nuestra dedicaci\u00f3n a mejorar las condiciones de las escuelas para que cada estudiante y docente tenga un ambiente adecuado y seguro. Tal como lo concibe nuestro gobernador Mart\u00edn Llaryora, continuaremos trabajando arduamente para extender estas mejoras a toda la provincia.\u201d<\/em><\/p>\n<figure class=\" wp-block-gallery has-nested-images columns-default is-cropped eplus-wrapper wp-block-gallery-1 is-layout-flex wp-block-gallery-is-layout-flex\">\n<figure class=\"wp-block-image size-large eplus-wrapper\"><a href=\"http:\/\/nuevacordoba.net\/wp-content\/uploads\/2024\/07\/dean-funes-11-establecimientos-educativos-mejoraron-su-infraestructura.png\"><img loading=\"lazy\" decoding=\"async\" width=\"990\" height=\"660\" data-id=\"598595\" src=\"http:\/\/nuevacordoba.net\/wp-content\/uploads\/2024\/07\/dean-funes-11-establecimientos-educativos-mejoraron-su-infraestructura.png\" alt class=\"wp-image-598595\" srcset=\"http:\/\/nuevacordoba.net\/wp-content\/uploads\/2024\/07\/dean-funes-11-establecimientos-educativos-mejoraron-su-infraestructura.png 990w, http:\/\/nuevacordoba.net\/wp-content\/uploads\/2024\/07\/dean-funes-11-establecimientos-educativos-mejoraron-su-infraestructura-2.png 300w, http:\/\/nuevacordoba.net\/wp-content\/uploads\/2024\/07\/dean-funes-11-establecimientos-educativos-mejoraron-su-infraestructura-3.png 768w\" sizes=\"(max-width: 990px) 100vw, 990px\"><\/a><\/figure>\n<figure class=\"wp-block-image size-large eplus-wrapper\"><a href=\"http:\/\/nuevacordoba.net\/wp-content\/uploads\/2024\/07\/dean-funes-11-establecimientos-educativos-mejoraron-su-infraestructura-1.png\"><img loading=\"lazy\" decoding=\"async\" width=\"990\" height=\"660\" data-id=\"598597\" src=\"http:\/\/nuevacordoba.net\/wp-content\/uploads\/2024\/07\/dean-funes-11-establecimientos-educativos-mejoraron-su-infraestructura-1.png\" alt class=\"wp-image-598597\" srcset=\"http:\/\/nuevacordoba.net\/wp-content\/uploads\/2024\/07\/dean-funes-11-establecimientos-educativos-mejoraron-su-infraestructura-1.png 990w, http:\/\/nuevacordoba.net\/wp-content\/uploads\/2024\/07\/dean-funes-11-establecimientos-educativos-mejoraron-su-infraestructura-4.png 300w, http:\/\/nuevacordoba.net\/wp-content\/uploads\/2024\/07\/dean-funes-11-establecimientos-educativos-mejoraron-su-infraestructura-5.png 768w\" sizes=\"(max-width: 990px) 100vw, 990px\"><\/a><\/figure>\n<\/figure>\n<h4 class=\" wp-block-heading eplus-wrapper\"><strong>Las obras en detalle:&nbsp;<\/strong><\/h4>\n<ul class=\" eplus-wrapper eplus-styles-uid-4ad357\">\n<li class=\" eplus-wrapper\">Centro Educativo Mariano Moreno: Se llevaron a cabo numerosas reparaciones, incluyendo mantenimiento de ba\u00f1os, desmalezado, reparaci\u00f3n de techos y l\u00e1mparas, adecuaciones el\u00e9ctricas, trabajos de carpinter\u00eda y mejoras en el comedor y biblioteca escolar.<\/li>\n<li class=\" eplus-wrapper\">Jard\u00edn de Infantes Mariano Moreno: Se realizaron cambios e instalaciones de calefactores, mantenimiento de aires acondicionados, reparaci\u00f3n de enchufes y fumigaci\u00f3n edilicia.<\/li>\n<li class=\" eplus-wrapper\">Centro Educativo de Nivel Inicial \u201cMar\u00eda Josefa Gonz\u00e1lez de Belgrano y Peri\u201d: Se incluy\u00f3 limpieza y mantenimiento de equipos de aire acondicionado, instalaci\u00f3n de rejas con mosquiteras, y arreglos en juegos de patio, entre otros.<\/li>\n<li class=\" eplus-wrapper\">Centro Educativo PROA: Se colocaron tachos de basura, se realizaron reparaciones de puertas y paneles, y mejoras en accesos y \u00e1reas comunes.<\/li>\n<li class=\" eplus-wrapper\">Centro Educativo Escuela San Mart\u00edn: Las mejoras consistieron principalmente en pintura exterior y verjas.&nbsp;<\/li>\n<li class=\" eplus-wrapper\">Jard\u00edn San Mart\u00edn: Se efectuaron trabajos de pintura en las salas y arreglos en techos.<\/li>\n<li class=\" eplus-wrapper\">Centro Educativo Belgrano y Peri: Se remodelaron aulas de computaci\u00f3n, laboratorio y biblioteca, adem\u00e1s de realizar trabajos de pintura.<\/li>\n<li class=\" eplus-wrapper\">Centro Educativo Jos\u00e9 Hern\u00e1ndez: Las intervenciones fundamentales apuntaron a la instalaci\u00f3n de iluminaci\u00f3n perimetral.<\/li>\n<li class=\" eplus-wrapper\">Centro Educativo Amanda Su\u00e1rez: Se pintaron exteriores, se colocaron rejas y cestos de basura.<\/li>\n<li class=\" eplus-wrapper\">Centro Educativo Juan Bautista Alberdi: Prim\u00f3 la impermeabilizaci\u00f3n de techos, reacondicionamiento de aulas y la construcci\u00f3n de un ba\u00f1o para discapacitados.<\/li>\n<li class=\" eplus-wrapper\">Centro Educativo Escuela Bellas Artes: Se realizaron arreglos en ba\u00f1os y pintura exterior.<\/li>\n<\/ul>\n","protected":false},"excerpt":{"rendered":"<p>Las obras se ejecutaron con aportes provenientes del Fondo para la Descentralizaci\u00f3n del Mantenimiento de Edificios Escolares Provinciales (FODEMEEP). Las acciones abarcan desde reparaciones b\u00e1sicas hasta remodelaciones importantes, garantizando un ambiente adecuado para estudiantes, docentes y comunidad educativa en general. Escuelas de distintos niveles y modalidades pertenecientes a la localidad de De\u00e1n Funes han logrado [&hellip;]<\/p>\n","protected":false},"author":1,"featured_media":46268,"comment_status":"closed","ping_status":"closed","sticky":false,"template":"","format":"standard","meta":[],"categories":[14],"tags":[],"_links":{"self":[{"href":"http:\/\/nuevacordoba.net\/index.php\/wp-json\/wp\/v2\/posts\/46267"}],"collection":[{"href":"http:\/\/nuevacordoba.net\/index.php\/wp-json\/wp\/v2\/posts"}],"about":[{"href":"http:\/\/nuevacordoba.net\/index.php\/wp-json\/wp\/v2\/types\/post"}],"author":[{"embeddable":true,"href":"http:\/\/nuevacordoba.net\/index.php\/wp-json\/wp\/v2\/users\/1"}],"replies":[{"embeddable":true,"href":"http:\/\/nuevacordoba.net\/index.php\/wp-json\/wp\/v2\/comments?post=46267"}],"version-history":[{"count":0,"href":"http:\/\/nuevacordoba.net\/index.php\/wp-json\/wp\/v2\/posts\/46267\/revisions"}],"wp:featuredmedia":[{"embeddable":true,"href":"http:\/\/nuevacordoba.net\/index.php\/wp-json\/wp\/v2\/media\/46268"}],"wp:attachment":[{"href":"http:\/\/nuevacordoba.net\/index.php\/wp-json\/wp\/v2\/media?parent=46267"}],"wp:term":[{"taxonomy":"category","embeddable":true,"href":"http:\/\/nuevacordoba.net\/index.php\/wp-json\/wp\/v2\/categories?post=46267"},{"taxonomy":"post_tag","embeddable":true,"href":"http:\/\/nuevacordoba.net\/index.php\/wp-json\/wp\/v2\/tags?post=46267"}],"curies":[{"name":"wp","href":"https:\/\/api.w.org\/{rel}","templated":true}]}}