{"id":46269,"date":"2024-07-23T21:52:35","date_gmt":"2024-07-23T21:52:35","guid":{"rendered":"https:\/\/cordoba.gob.ar\/?p=59749"},"modified":"2024-07-23T21:52:35","modified_gmt":"2024-07-23T21:52:35","slug":"se-encuentran-abiertas-las-inscripciones-para-participar-del-taller-de-dibujo-y-pintura-la-cocina-del-color-en-el-centro-cultural-casona-municipal","status":"publish","type":"post","link":"http:\/\/nuevacordoba.net\/index.php\/2024\/07\/23\/se-encuentran-abiertas-las-inscripciones-para-participar-del-taller-de-dibujo-y-pintura-la-cocina-del-color-en-el-centro-cultural-casona-municipal\/","title":{"rendered":"Se encuentran abiertas las inscripciones para participar del taller de dibujo y pintura \u201cLa Cocina del color\u201d en el Centro Cultural Casona Municipal"},"content":{"rendered":"<div><img src=\"http:\/\/nuevacordoba.net\/wp-content\/uploads\/2024\/07\/se-encuentran-abiertas-las-inscripciones-para-participar-del-taller-de-dibujo-y-pintura-la-cocina-del-color-en-el-centro-cultural-casona-municipal.jpg\" class=\"ff-og-image-inserted\"><\/div>\n<ul>\n<li><strong>Los ejes de abordaje es la iniciaci\u00f3n a las t\u00e9cnicas y materiales del dibujo y la pintura.<\/strong><\/li>\n<li><strong><strong>Una propuesta gratuita y destinada a personas mayores de 15 a\u00f1os. Se lleva a cabo los martes y jueves de 15:00 a 17:00 horas.<\/strong><\/strong><br \/>\n<hr>\n<\/li>\n<\/ul>\n<p>La segunda mitad del a\u00f1o contin\u00faa con diversos talleres culturales y recreativos gratuitos que se dictar\u00e1n en el Centro Cultural Casona Municipal.<\/p>\n<p>En esta oportunidad, se trata del taller de dibujo y pintura que est\u00e1 dirigido a personas mayores de 15 a\u00f1os que quieran seguir creciendo en la t\u00e9cnica y composici\u00f3n de obra.<\/p>\n<p>Mediante la actividad, se fomenta la creatividad y expresi\u00f3n personal a trav\u00e9s de la creaci\u00f3n de bodegones, aplicando la t\u00e9cnica de pintura al \u00f3leo, acr\u00edlico, acuarela, tiza pastel, collage, entre otras.<\/p>\n<p>Adem\u00e1s, el taller ofrece conocimientos sobre algunos estilos de las vanguardias art\u00edsticas y movimientos rupturistas de las artes pl\u00e1sticas que surgieron a partir del siglo XX.<\/p>\n<p>Por otro lado, se programar\u00e1n visitas culturales a diferentes museos de la ciudad para acercar a los participantes a la historia y pintores m\u00e1s representativos de C\u00f3rdoba, en donde a trav\u00e9s de un reccorrido por la Docta colonial, se pueda reconociendo sus edificios patrimoniales m\u00e1s emblem\u00e1ticos.<\/p>\n<p>Los talleres, que estar\u00e1n a cargo de la profesora Ileana Sabbadin, se llevar\u00e1n a cabo los d\u00edas martes y jueves de 15:00 a 17:00 horas, en el subsuelo de la ic\u00f3nica casona ubicada en la esquina de Av. General Paz y La Rioja.<\/p>\n","protected":false},"excerpt":{"rendered":"<p>Los ejes de abordaje es la iniciaci\u00f3n a las t\u00e9cnicas y materiales del dibujo y la pintura. Una propuesta gratuita y destinada a personas mayores de 15 a\u00f1os. Se lleva a cabo los martes y jueves de 15:00 a 17:00 horas. La segunda mitad del a\u00f1o contin\u00faa con diversos talleres culturales y recreativos gratuitos que [&hellip;]<\/p>\n","protected":false},"author":1,"featured_media":46270,"comment_status":"closed","ping_status":"closed","sticky":false,"template":"","format":"standard","meta":[],"categories":[14],"tags":[],"_links":{"self":[{"href":"http:\/\/nuevacordoba.net\/index.php\/wp-json\/wp\/v2\/posts\/46269"}],"collection":[{"href":"http:\/\/nuevacordoba.net\/index.php\/wp-json\/wp\/v2\/posts"}],"about":[{"href":"http:\/\/nuevacordoba.net\/index.php\/wp-json\/wp\/v2\/types\/post"}],"author":[{"embeddable":true,"href":"http:\/\/nuevacordoba.net\/index.php\/wp-json\/wp\/v2\/users\/1"}],"replies":[{"embeddable":true,"href":"http:\/\/nuevacordoba.net\/index.php\/wp-json\/wp\/v2\/comments?post=46269"}],"version-history":[{"count":0,"href":"http:\/\/nuevacordoba.net\/index.php\/wp-json\/wp\/v2\/posts\/46269\/revisions"}],"wp:featuredmedia":[{"embeddable":true,"href":"http:\/\/nuevacordoba.net\/index.php\/wp-json\/wp\/v2\/media\/46270"}],"wp:attachment":[{"href":"http:\/\/nuevacordoba.net\/index.php\/wp-json\/wp\/v2\/media?parent=46269"}],"wp:term":[{"taxonomy":"category","embeddable":true,"href":"http:\/\/nuevacordoba.net\/index.php\/wp-json\/wp\/v2\/categories?post=46269"},{"taxonomy":"post_tag","embeddable":true,"href":"http:\/\/nuevacordoba.net\/index.php\/wp-json\/wp\/v2\/tags?post=46269"}],"curies":[{"name":"wp","href":"https:\/\/api.w.org\/{rel}","templated":true}]}}