{"id":46273,"date":"2024-07-23T16:47:49","date_gmt":"2024-07-23T16:47:49","guid":{"rendered":"http:\/\/cordobanewsnet.wordpress.com\/?p=10796"},"modified":"2024-07-23T16:47:49","modified_gmt":"2024-07-23T16:47:49","slug":"estaba-embarazada-de-38-semanas-se-descompenso-y-murio-junto-a-su-bebe","status":"publish","type":"post","link":"http:\/\/nuevacordoba.net\/index.php\/2024\/07\/23\/estaba-embarazada-de-38-semanas-se-descompenso-y-murio-junto-a-su-bebe\/","title":{"rendered":"Estaba embarazada de 38 semanas: se descompens\u00f3 y muri\u00f3 junto a su beb\u00e9"},"content":{"rendered":"<p>La pareja de la v\u00edctima dijo a los m\u00e9dicos del Hospital Privado de C\u00f3rdoba que al desvanecerse hab\u00eda golpeado la cabeza contra el piso.<\/p>\n<p>Una embarazada de 36 a\u00f1os y su beb\u00e9 fallecieron este martes en la ciudad de C\u00f3rdoba, y la fiscal\u00eda a cargo de Guillermo Monti, de Jes\u00fas Mar\u00eda, investiga el caso.<\/p>\n<p>La v\u00edctima, que cursaba las 38 semanas de embarazo, fue llevada por su pareja al Hospital Privado. Seg\u00fan inform\u00f3 a los m\u00e9dicos, la mujer sufri\u00f3 una descompensaci\u00f3n debido a la presi\u00f3n baja y golpe\u00f3 fuertemente su cabeza contra el suelo tras desmayarse.<\/p>\n<p>La mujer lleg\u00f3 al nosocomio en estado cr\u00edtico y los m\u00e9dicos intentaron salvar al beb\u00e9 realizando una ces\u00e1rea inmediata tras confirmar el fallecimiento de la madre, pero lamentablemente tambi\u00e9n muri\u00f3.<\/p>\n<p>Aunque la hip\u00f3tesis principal indica que se trat\u00f3 de un tr\u00e1gico accidente, el fiscal Monti orden\u00f3 la autopsia correspondiente.&nbsp;<\/p>\n<figure class=\"wp-block-image size-large\"><img loading=\"lazy\" data-attachment-id=\"10797\" data-permalink=\"https:\/\/cordobanewsnet.wordpress.com\/2024\/07\/23\/estaba-embarazada-de-38-semanas-se-descompenso-y-murio-junto-a-su-bebe\/image-274\/\" data-orig-file=\"https:\/\/cordobanewsnet.wordpress.com\/wp-content\/uploads\/2024\/07\/image-121.png\" data-orig-size=\"760,469\" data-comments-opened=\"1\" data-image-meta=\"{&quot;aperture&quot;:&quot;0&quot;,&quot;credit&quot;:&quot;&quot;,&quot;camera&quot;:&quot;&quot;,&quot;caption&quot;:&quot;&quot;,&quot;created_timestamp&quot;:&quot;0&quot;,&quot;copyright&quot;:&quot;&quot;,&quot;focal_length&quot;:&quot;0&quot;,&quot;iso&quot;:&quot;0&quot;,&quot;shutter_speed&quot;:&quot;0&quot;,&quot;title&quot;:&quot;&quot;,&quot;orientation&quot;:&quot;0&quot;}\" data-image-title=\"image\" data-image-description data-image-caption data-medium-file=\"https:\/\/cordobanewsnet.wordpress.com\/wp-content\/uploads\/2024\/07\/image-121.png?w=300\" data-large-file=\"https:\/\/cordobanewsnet.wordpress.com\/wp-content\/uploads\/2024\/07\/image-121.png?w=736\" tabindex=\"0\" role=\"button\" width=\"760\" height=\"469\" src=\"http:\/\/nuevacordoba.net\/wp-content\/uploads\/2024\/07\/estaba-embarazada-de-38-semanas-se-descompenso-y-murio-junto-a-su-bebe.png\" alt class=\"wp-image-10797\"><\/figure>\n<p>Fuente : Cadena 3 C\u00f3rdoba Argentina<\/p>\n<p><span id=\"wordads-inline-marker\"><\/span> <\/p>\n<div id=\"jp-post-flair\" class=\"sharedaddy sd-like-enabled sd-sharing-enabled\">\n<div class=\"sharedaddy sd-sharing-enabled\">\n<div class=\"robots-nocontent sd-block sd-social sd-social-icon-text sd-sharing\">\n<h3 class=\"sd-title\">Comparte esto:<\/h3>\n<\/div>\n<\/div>\n<div class=\"sharedaddy sd-block sd-like jetpack-likes-widget-wrapper jetpack-likes-widget-unloaded\" id=\"like-post-wrapper-143108178-10796-66a01f6cdd176\" data-src=\"\/\/widgets.wp.com\/likes\/index.html?ver=20240723#blog_id=143108178&amp;post_id=10796&amp;origin=cordobanewsnet.wordpress.com&amp;obj_id=143108178-10796-66a01f6cdd176\" data-name=\"like-post-frame-143108178-10796-66a01f6cdd176\" data-title=\"Me gusta o Compartir\">\n<p><span class=\"button\"><span>Me gusta<\/span><\/span> <span class=\"loading\">Cargando&#8230;<\/span><\/p>\n<p><span class=\"sd-text-color\"><\/span><\/div>\n<p><h3 class=\"jp-relatedposts-headline\"><em>Relacionado<\/em><\/h3>\n<\/p>\n<\/div>\n","protected":false},"excerpt":{"rendered":"<p>La pareja de la v\u00edctima dijo a los m\u00e9dicos del Hospital Privado de C\u00f3rdoba que al desvanecerse hab\u00eda golpeado la cabeza contra el piso. Una embarazada de 36 a\u00f1os y su beb\u00e9 fallecieron este martes en la ciudad de C\u00f3rdoba, y la fiscal\u00eda a cargo de Guillermo Monti, de Jes\u00fas Mar\u00eda, investiga el caso. La [&hellip;]<\/p>\n","protected":false},"author":1,"featured_media":46274,"comment_status":"closed","ping_status":"closed","sticky":false,"template":"","format":"standard","meta":[],"categories":[14],"tags":[],"_links":{"self":[{"href":"http:\/\/nuevacordoba.net\/index.php\/wp-json\/wp\/v2\/posts\/46273"}],"collection":[{"href":"http:\/\/nuevacordoba.net\/index.php\/wp-json\/wp\/v2\/posts"}],"about":[{"href":"http:\/\/nuevacordoba.net\/index.php\/wp-json\/wp\/v2\/types\/post"}],"author":[{"embeddable":true,"href":"http:\/\/nuevacordoba.net\/index.php\/wp-json\/wp\/v2\/users\/1"}],"replies":[{"embeddable":true,"href":"http:\/\/nuevacordoba.net\/index.php\/wp-json\/wp\/v2\/comments?post=46273"}],"version-history":[{"count":0,"href":"http:\/\/nuevacordoba.net\/index.php\/wp-json\/wp\/v2\/posts\/46273\/revisions"}],"wp:featuredmedia":[{"embeddable":true,"href":"http:\/\/nuevacordoba.net\/index.php\/wp-json\/wp\/v2\/media\/46274"}],"wp:attachment":[{"href":"http:\/\/nuevacordoba.net\/index.php\/wp-json\/wp\/v2\/media?parent=46273"}],"wp:term":[{"taxonomy":"category","embeddable":true,"href":"http:\/\/nuevacordoba.net\/index.php\/wp-json\/wp\/v2\/categories?post=46273"},{"taxonomy":"post_tag","embeddable":true,"href":"http:\/\/nuevacordoba.net\/index.php\/wp-json\/wp\/v2\/tags?post=46273"}],"curies":[{"name":"wp","href":"https:\/\/api.w.org\/{rel}","templated":true}]}}