{"id":46313,"date":"2024-07-24T17:21:09","date_gmt":"2024-07-24T17:21:09","guid":{"rendered":"http:\/\/estaciontrip.com.ar\/?p=9241"},"modified":"2024-07-24T17:21:09","modified_gmt":"2024-07-24T17:21:09","slug":"turistas-de-brasil-y-uruguay-eligen-cordoba-para-pasear-y-conocer","status":"publish","type":"post","link":"http:\/\/nuevacordoba.net\/index.php\/2024\/07\/24\/turistas-de-brasil-y-uruguay-eligen-cordoba-para-pasear-y-conocer\/","title":{"rendered":"Turistas de Brasil y Uruguay eligen C\u00f3rdoba para pasear y conocer"},"content":{"rendered":"<p>Tras dos semanas de vacaciones de invierno en buena parte de la Argentina y con una semana m\u00e1s a\u00fan para algunas provincias como Santa Fe y Buenos Aires, C\u00f3rdoba super\u00f3 los 550 mil turistas en el n\u00famero acumulado:&nbsp;<strong><em>\u201cLa proyecci\u00f3n nos indica que tendremos una vacaciones de invierno y una temporada con n\u00fameros muy buenos que superar\u00e1n la del a\u00f1os pasado\u201d,&nbsp;<\/em><\/strong>expres\u00f3 Dar\u00edo Capitani, presidente de la Agencia C\u00f3rdoba Turismo.<\/p>\n<p>La semana que cerr\u00f3 este domingo 21 -la m\u00e1s fuerte porque coinciden los recesos de todo el pa\u00eds- indic\u00f3 que unos 270 mil turistas eligieron la provincia para disfrutar, seg\u00fan las estad\u00edsticas relevadas por la agencia . A esto, debe sumarse una igual cantidad de excursionistas (aquellos que recorren pero no pernoctan) por lo que el n\u00famero total asciende a m\u00e1s de 550 mil personas.<\/p>\n<p>Entre los n\u00fameros m\u00e1s destacados, se encuentran C\u00f3rdoba capital con una ocupaci\u00f3n de casi el 70%, Colonia Caroya 90%, R\u00edo Ceballos 78%, La Falda 98%, Villa Carlos Paz casi al 70% (con hoteles categorizados al 90%); Villa General Belgrano al 90% (con ocupaci\u00f3n total en categorizados), Santa Rosa de Calamuchita al 80%; La Cumbrecita 85%, Villa Ciudad Parque 80%; Alta Gracia 90%; y Miramar de Ansenuza casi al 70%.<\/p>\n<p>En promedio, la ocupaci\u00f3n -de la primera semana a la segunda- aument\u00f3 en alrededor del 15 al 20%.<\/p>\n<p><strong><em>\u201cSeguimos ofreciendo el mejor calendario de actividades y eventos que existe en el pa\u00eds. Como por ejemplo el Festival del Tango en La Falda que motoriz\u00f3 a miles de personas. El turismo es placer y empleo. Estos resultados nos permiten profundizar sobre la l\u00ednea que viene impulsando el gobernador Mart\u00edn Llaryora\u201d<\/em><\/strong>, remarc\u00f3 Capitani.<\/p>\n<p>Por otra parte, el titular de la cartera tur\u00edstica tambi\u00e9n resalt\u00f3 la presencia de visitantes brasile\u00f1os y chilenos.&nbsp;<strong><em>\u201cEl p\u00fablico internacional es al que tambi\u00e9n queremos llegar de manera masiva: la marca C\u00f3rdoba tiene diferenciales y un mont\u00f3n de cuestiones para ofrecer\u201d.<\/em><\/strong><\/p>\n<p>Adem\u00e1s de los cordobeses que eligieron su provincia para vacaciones, la mayor\u00eda del turismo nacional provino de las provincias de Santa Fe y Buenos Aires.<\/p>\n<figure class=\"wp-block-image\"><img src=\"https:\/\/www.cordobaturismo.gov.ar\/wp-content\/uploads\/2024\/07\/Fiesta-del-Chocolate-2024-07-07_1-baja-1024x683.jpg\" alt class=\"wp-image-889675\"><\/figure>\n","protected":false},"excerpt":{"rendered":"<p>Tras dos semanas de vacaciones de invierno en buena parte de la Argentina y con una semana m\u00e1s a\u00fan para algunas provincias como Santa Fe y Buenos Aires, C\u00f3rdoba super\u00f3 los 550 mil turistas en el n\u00famero acumulado:&nbsp;\u201cLa proyecci\u00f3n nos indica que tendremos una vacaciones de invierno y una temporada con n\u00fameros muy buenos que [&hellip;]<\/p>\n","protected":false},"author":1,"featured_media":0,"comment_status":"closed","ping_status":"closed","sticky":false,"template":"","format":"standard","meta":[],"categories":[11],"tags":[],"_links":{"self":[{"href":"http:\/\/nuevacordoba.net\/index.php\/wp-json\/wp\/v2\/posts\/46313"}],"collection":[{"href":"http:\/\/nuevacordoba.net\/index.php\/wp-json\/wp\/v2\/posts"}],"about":[{"href":"http:\/\/nuevacordoba.net\/index.php\/wp-json\/wp\/v2\/types\/post"}],"author":[{"embeddable":true,"href":"http:\/\/nuevacordoba.net\/index.php\/wp-json\/wp\/v2\/users\/1"}],"replies":[{"embeddable":true,"href":"http:\/\/nuevacordoba.net\/index.php\/wp-json\/wp\/v2\/comments?post=46313"}],"version-history":[{"count":0,"href":"http:\/\/nuevacordoba.net\/index.php\/wp-json\/wp\/v2\/posts\/46313\/revisions"}],"wp:attachment":[{"href":"http:\/\/nuevacordoba.net\/index.php\/wp-json\/wp\/v2\/media?parent=46313"}],"wp:term":[{"taxonomy":"category","embeddable":true,"href":"http:\/\/nuevacordoba.net\/index.php\/wp-json\/wp\/v2\/categories?post=46313"},{"taxonomy":"post_tag","embeddable":true,"href":"http:\/\/nuevacordoba.net\/index.php\/wp-json\/wp\/v2\/tags?post=46313"}],"curies":[{"name":"wp","href":"https:\/\/api.w.org\/{rel}","templated":true}]}}