{"id":46314,"date":"2024-07-24T12:52:51","date_gmt":"2024-07-24T12:52:51","guid":{"rendered":"http:\/\/cordobanewsnet.wordpress.com\/?p=10812"},"modified":"2024-07-24T12:52:51","modified_gmt":"2024-07-24T12:52:51","slug":"demoraron-a-menores-de-edad-por-robar-cables-en-locales-y-de-un-domo-policial","status":"publish","type":"post","link":"http:\/\/nuevacordoba.net\/index.php\/2024\/07\/24\/demoraron-a-menores-de-edad-por-robar-cables-en-locales-y-de-un-domo-policial\/","title":{"rendered":"Demoraron a menores de edad por robar cables en locales y de un domo policial"},"content":{"rendered":"<p><!-- \/featured-media --> <\/p>\n<div class=\"post-content clear\" readability=\"56.18880455408\">\n<p>Fuentes policiales indicaron que ya atraparon otras veces a estos mismos.<\/p>\n<figure class=\"wp-block-image\"><img src=\"http:\/\/nuevacordoba.net\/wp-content\/uploads\/2024\/07\/demoraron-a-menores-de-edad-por-robar-cables-en-locales-y-de-un-domo-policial.jpg\" alt=\"e-card\"><\/figure>\n<p>Otro caso de inseguridad que cuenta con menores de edad como principales implicados. En este caso, dos de los protagonistas tienen apenas 8 a\u00f1os de edad.<\/p>\n<p>Tres chicos, dos de 8 a\u00f1os y uno de 13, fueron sorprendidos por la Polic\u00eda cuando intentaban robar el cableado justamente de un domo policial.<\/p>\n<p>El hecho tuvo lugar en la madrugada de este mi\u00e9rcoles en el barrio ATE, en la zona oeste de la capital provincial. Los agentes divisaron a los menores a trav\u00e9s de las c\u00e1maras del 911.<\/p>\n<p>Un patrullero intercept\u00f3 a los tres en la zona de avenida Fuerza A\u00e9rea al 2600. Les secuestraron una caja t\u00e9rmica, cables, focos y un cuchillo tipo Tramontina, con el que cortaron un trozo de la bajada a tierra del domo.<\/p>\n<p>Los tres fueron enviados a la comisar\u00eda por unas horas. Seg\u00fan informaron los vecinos dijeron que las mismas personas estaban robando cables de otros comercios de la zona.<\/p>\n<figure class=\"wp-block-image size-large\"><img loading=\"lazy\" data-attachment-id=\"10813\" data-permalink=\"https:\/\/cordobanewsnet.wordpress.com\/2024\/07\/24\/demoraron-a-menores-de-edad-por-robar-cables-en-locales-y-de-un-domo-policial\/image-278\/\" data-orig-file=\"https:\/\/cordobanewsnet.wordpress.com\/wp-content\/uploads\/2024\/07\/image-125.png\" data-orig-size=\"929,523\" data-comments-opened=\"1\" data-image-meta=\"{&quot;aperture&quot;:&quot;0&quot;,&quot;credit&quot;:&quot;&quot;,&quot;camera&quot;:&quot;&quot;,&quot;caption&quot;:&quot;&quot;,&quot;created_timestamp&quot;:&quot;0&quot;,&quot;copyright&quot;:&quot;&quot;,&quot;focal_length&quot;:&quot;0&quot;,&quot;iso&quot;:&quot;0&quot;,&quot;shutter_speed&quot;:&quot;0&quot;,&quot;title&quot;:&quot;&quot;,&quot;orientation&quot;:&quot;0&quot;}\" data-image-title=\"image\" data-image-description data-image-caption data-medium-file=\"https:\/\/cordobanewsnet.wordpress.com\/wp-content\/uploads\/2024\/07\/image-125.png?w=300\" data-large-file=\"https:\/\/cordobanewsnet.wordpress.com\/wp-content\/uploads\/2024\/07\/image-125.png?w=736\" tabindex=\"0\" role=\"button\" width=\"929\" height=\"523\" src=\"http:\/\/nuevacordoba.net\/wp-content\/uploads\/2024\/07\/demoraron-a-menores-de-edad-por-robar-cables-en-locales-y-de-un-domo-policial.png\" alt class=\"wp-image-10813\"><\/figure>\n<p>Fuente : Telefe C\u00f3rdoba Argentina<\/p>\n<p><span id=\"wordads-inline-marker\"><\/span> <\/p>\n<div id=\"jp-post-flair\" class=\"sharedaddy sd-like-enabled sd-sharing-enabled\">\n<div class=\"sharedaddy sd-sharing-enabled\">\n<div class=\"robots-nocontent sd-block sd-social sd-social-icon-text sd-sharing\">\n<h3 class=\"sd-title\">Comparte esto:<\/h3>\n<\/div>\n<\/div>\n<div class=\"sharedaddy sd-block sd-like jetpack-likes-widget-wrapper jetpack-likes-widget-unloaded\" id=\"like-post-wrapper-143108178-10812-66a144cc47c58\" data-src=\"\/\/widgets.wp.com\/likes\/index.html?ver=20240724#blog_id=143108178&amp;post_id=10812&amp;origin=cordobanewsnet.wordpress.com&amp;obj_id=143108178-10812-66a144cc47c58\" data-name=\"like-post-frame-143108178-10812-66a144cc47c58\" data-title=\"Me gusta o Compartir\">\n<p><span class=\"button\"><span>Me gusta<\/span><\/span> <span class=\"loading\">Cargando&#8230;<\/span><\/p>\n<p><span class=\"sd-text-color\"><\/span><\/div>\n<p><h3 class=\"jp-relatedposts-headline\"><em>Relacionado<\/em><\/h3>\n<\/p>\n<\/div><\/div>\n<p><!--\/.post-content--> <\/p>\n<footer class=\"post-meta-container clear\" readability=\"0.33333333333333\">\n<div class=\"entry-author author-avatar-show\" readability=\"13.114754098361\">\n<div class=\"author-avatar\"> <img alt src=\"http:\/\/nuevacordoba.net\/wp-content\/uploads\/2024\/07\/demoraron-a-menores-de-edad-por-robar-cables-en-locales-y-de-un-domo-policial-1.png\" srcset=\"http:\/\/nuevacordoba.net\/wp-content\/uploads\/2024\/07\/demoraron-a-menores-de-edad-por-robar-cables-en-locales-y-de-un-domo-policial-1.png 1x, http:\/\/nuevacordoba.net\/wp-content\/uploads\/2024\/07\/demoraron-a-menores-de-edad-por-robar-cables-en-locales-y-de-un-domo-policial-2.png 1.5x, http:\/\/nuevacordoba.net\/wp-content\/uploads\/2024\/07\/demoraron-a-menores-de-edad-por-robar-cables-en-locales-y-de-un-domo-policial-3.png 2x, http:\/\/nuevacordoba.net\/wp-content\/uploads\/2024\/07\/demoraron-a-menores-de-edad-por-robar-cables-en-locales-y-de-un-domo-policial-4.png 3x, http:\/\/nuevacordoba.net\/wp-content\/uploads\/2024\/07\/demoraron-a-menores-de-edad-por-robar-cables-en-locales-y-de-un-domo-policial-5.png 4x\" class=\"avatar avatar-90\" height=\"90\" width=\"90\" loading=\"lazy\" decoding=\"async\"> <\/div>\n<p><!-- .author-avatar --> <\/p>\n<p><h2 class=\"author-title\"> Publicado por <span class=\"author-name\">Redacci\u00f3n<\/span> <\/h2>\n<\/p>\n<p><!-- .author-heading --> <\/p>\n<p class=\"author-bio\"> <a class=\"author-link\" href=\"https:\/\/cordobanewsnet.wordpress.com\/author\/prettomatias\/\" rel=\"author\"> Ver todas las entradas de Redacci\u00f3n <\/a> <\/p>\n<p><!-- .author-bio --> <\/div>\n<p><!-- .entry-auhtor --> <\/footer>\n<p> <!-- \/post-meta-container --> <!-- #respond --> <\/p>\n","protected":false},"excerpt":{"rendered":"<p>Fuentes policiales indicaron que ya atraparon otras veces a estos mismos. Otro caso de inseguridad que cuenta con menores de edad como principales implicados. En este caso, dos de los protagonistas tienen apenas 8 a\u00f1os de edad. Tres chicos, dos de 8 a\u00f1os y uno de 13, fueron sorprendidos por la Polic\u00eda cuando intentaban robar [&hellip;]<\/p>\n","protected":false},"author":1,"featured_media":46315,"comment_status":"closed","ping_status":"closed","sticky":false,"template":"","format":"standard","meta":[],"categories":[14],"tags":[],"_links":{"self":[{"href":"http:\/\/nuevacordoba.net\/index.php\/wp-json\/wp\/v2\/posts\/46314"}],"collection":[{"href":"http:\/\/nuevacordoba.net\/index.php\/wp-json\/wp\/v2\/posts"}],"about":[{"href":"http:\/\/nuevacordoba.net\/index.php\/wp-json\/wp\/v2\/types\/post"}],"author":[{"embeddable":true,"href":"http:\/\/nuevacordoba.net\/index.php\/wp-json\/wp\/v2\/users\/1"}],"replies":[{"embeddable":true,"href":"http:\/\/nuevacordoba.net\/index.php\/wp-json\/wp\/v2\/comments?post=46314"}],"version-history":[{"count":0,"href":"http:\/\/nuevacordoba.net\/index.php\/wp-json\/wp\/v2\/posts\/46314\/revisions"}],"wp:featuredmedia":[{"embeddable":true,"href":"http:\/\/nuevacordoba.net\/index.php\/wp-json\/wp\/v2\/media\/46315"}],"wp:attachment":[{"href":"http:\/\/nuevacordoba.net\/index.php\/wp-json\/wp\/v2\/media?parent=46314"}],"wp:term":[{"taxonomy":"category","embeddable":true,"href":"http:\/\/nuevacordoba.net\/index.php\/wp-json\/wp\/v2\/categories?post=46314"},{"taxonomy":"post_tag","embeddable":true,"href":"http:\/\/nuevacordoba.net\/index.php\/wp-json\/wp\/v2\/tags?post=46314"}],"curies":[{"name":"wp","href":"https:\/\/api.w.org\/{rel}","templated":true}]}}