{"id":46322,"date":"2024-07-24T20:39:01","date_gmt":"2024-07-24T20:39:01","guid":{"rendered":"https:\/\/prensa.cba.gov.ar\/?p=598699"},"modified":"2024-07-24T20:39:01","modified_gmt":"2024-07-24T20:39:01","slug":"foco-de-incendio-en-la-calera","status":"publish","type":"post","link":"http:\/\/nuevacordoba.net\/index.php\/2024\/07\/24\/foco-de-incendio-en-la-calera\/","title":{"rendered":"Foco de incendio en La Calera"},"content":{"rendered":"<div><img src=\"http:\/\/nuevacordoba.net\/wp-content\/uploads\/2024\/07\/foco-de-incendio-en-la-calera.jpg\" class=\"ff-og-image-inserted\"><\/div>\n<ul class=\" eplus-wrapper eplus-styles-uid-6d5672\">\n<li class=\" eplus-wrapper\"><strong>El fuego se ubica en el barrio Rumi Huasi, en el l\u00edmite entre esta localidad y Sald\u00e1n, con un frente de unos 200 metros.<\/strong><\/li>\n<li class=\" eplus-wrapper\"><strong>Por el momento no hay personas evacuadas ni riesgo para viviendas.<\/strong><\/li>\n<li class=\" eplus-wrapper\"><strong>Trabajan bomberos de La Calera, Sald\u00e1n, Villa Allende, Mendiolaza, Malague\u00f1o y Bialet Mass\u00e9 con el apoyo de equipos del ETAC y dos aviones hidrantes.<\/strong><\/li>\n<\/ul>\n<p class=\" eplus-wrapper\">La Secretar\u00eda de Gesti\u00f3n de Riesgo Clim\u00e1tico, Cat\u00e1strofes y Protecci\u00f3n Civil informa un foco de incendio en la localidad de La Calera, en el departamento Col\u00f3n.<\/p>\n<p class=\" eplus-wrapper\">Este incidente se extiende desde el barrio Rumi Huasi de esta localidad,hasta la poblaci\u00f3n vecina de Sald\u00e1n. Este frente de fuego tiene unos 200 metros aproximadamente despleg\u00e1ndose para el sector norte.<\/p>\n<p class=\" eplus-wrapper\">Trabajan los cuarteles de bomberos de La Calera, Sald\u00e1n, Villa Allende, Mendiolaza, Malague\u00f1o y Bialet Masse, en conjunto con equipos del ETAC (Equipo T\u00e9cnico de Acci\u00f3n ante Cat\u00e1strofes).<\/p>\n<p class=\" eplus-wrapper\">Adem\u00e1s, se encuentran asistiendo al equipo bomberil dos aviones hidrantes sobrevolando la zona.<\/p>\n","protected":false},"excerpt":{"rendered":"<p>El fuego se ubica en el barrio Rumi Huasi, en el l\u00edmite entre esta localidad y Sald\u00e1n, con un frente de unos 200 metros. Por el momento no hay personas evacuadas ni riesgo para viviendas. Trabajan bomberos de La Calera, Sald\u00e1n, Villa Allende, Mendiolaza, Malague\u00f1o y Bialet Mass\u00e9 con el apoyo de equipos del ETAC [&hellip;]<\/p>\n","protected":false},"author":1,"featured_media":46323,"comment_status":"closed","ping_status":"closed","sticky":false,"template":"","format":"standard","meta":[],"categories":[14],"tags":[],"_links":{"self":[{"href":"http:\/\/nuevacordoba.net\/index.php\/wp-json\/wp\/v2\/posts\/46322"}],"collection":[{"href":"http:\/\/nuevacordoba.net\/index.php\/wp-json\/wp\/v2\/posts"}],"about":[{"href":"http:\/\/nuevacordoba.net\/index.php\/wp-json\/wp\/v2\/types\/post"}],"author":[{"embeddable":true,"href":"http:\/\/nuevacordoba.net\/index.php\/wp-json\/wp\/v2\/users\/1"}],"replies":[{"embeddable":true,"href":"http:\/\/nuevacordoba.net\/index.php\/wp-json\/wp\/v2\/comments?post=46322"}],"version-history":[{"count":0,"href":"http:\/\/nuevacordoba.net\/index.php\/wp-json\/wp\/v2\/posts\/46322\/revisions"}],"wp:featuredmedia":[{"embeddable":true,"href":"http:\/\/nuevacordoba.net\/index.php\/wp-json\/wp\/v2\/media\/46323"}],"wp:attachment":[{"href":"http:\/\/nuevacordoba.net\/index.php\/wp-json\/wp\/v2\/media?parent=46322"}],"wp:term":[{"taxonomy":"category","embeddable":true,"href":"http:\/\/nuevacordoba.net\/index.php\/wp-json\/wp\/v2\/categories?post=46322"},{"taxonomy":"post_tag","embeddable":true,"href":"http:\/\/nuevacordoba.net\/index.php\/wp-json\/wp\/v2\/tags?post=46322"}],"curies":[{"name":"wp","href":"https:\/\/api.w.org\/{rel}","templated":true}]}}