{"id":46350,"date":"2024-07-25T19:08:42","date_gmt":"2024-07-25T19:08:42","guid":{"rendered":"https:\/\/www.ole.com.ar\/autos\/franco-colapinto-f2-hora-ver-tv-gran-premio-belgica-spa_0_gXYjILbZsQ.html"},"modified":"2024-07-25T19:08:42","modified_gmt":"2024-07-25T19:08:42","slug":"franco-colapinto-en-la-formula-2-a-que-hora-corre-y-como-ver-el-gran-premio-de-belgica","status":"publish","type":"post","link":"http:\/\/nuevacordoba.net\/index.php\/2024\/07\/25\/franco-colapinto-en-la-formula-2-a-que-hora-corre-y-como-ver-el-gran-premio-de-belgica\/","title":{"rendered":"Franco Colapinto en la F\u00f3rmula 2: a qu\u00e9 hora corre y c\u00f3mo ver el Gran Premio de B\u00e9lgica"},"content":{"rendered":"<p><time class=\"createDate\" datetime=\"2024-07-25T16:08:42-03:00\">25\/07\/2024 16:08hs.<\/time><\/p>\n<div id=\"storyBody\">\n<div class=\"custom-text \" readability=\"39\">\n<p>A falta de cinco carreras para el cierre de la temporada 2024 de la <strong>F\u00f3rmula 2<\/strong>, <strong>Franco Colapinto<\/strong> se prepara para afrontar un nuevo fin de semana con la categor\u00eda telonera de la M\u00e1xima. El circuito de Spa Francorchamps, de <strong>B\u00e9lgica<\/strong>, ser\u00e1 el escenario para la <strong>10\u00aa fecha del campeonato<\/strong>. A continuaci\u00f3n, te contamos a qu\u00e9 hora corre el argentino y c\u00f3mo ver la actividad del argentino.<\/p>\n<\/div>\n<p><h2><strong>A qu\u00e9 hora es y c\u00f3mo ver el GP de B\u00e9lgica<\/strong><\/h2>\n<\/p>\n<div class=\"custom-text \" readability=\"38\">\n<p>La acci\u00f3n se iniciar\u00e1 este viernes con el primer entrenamiento a partir de las 6 (horario argentino) y seguir\u00e1 con la clasificaci\u00f3n a las 11. El s\u00e1bado, desde las 9.15, se correr\u00e1 el Sprint, y el evento finalizar\u00e1 el <strong>domingo <\/strong>con la <strong>carrera principal a las 5<\/strong>. Todo se podr\u00e1 ver en vivo \u00fanicamente por la plataforma de streaming <strong>Disney+ Premium<\/strong> (reemplazante de Star+).<\/p>\n<\/div>\n<div class=\"sc-e7b891c4-0 jPbnQF\"><img alt=\"El domingo, a las 5, la carrera principal del GP de B\u00e9lgica.\" src=\"http:\/\/nuevacordoba.net\/wp-content\/uploads\/2024\/07\/franco-colapinto-en-la-formula-2-a-que-hora-corre-y-como-ver-el-gran-premio-de-belgica.jpg\" width=\"720\" height=\"100\" decoding=\"async\" data-nimg=\"future\" loading=\"lazy\"><span class=\"epigraphe\">El domingo, a las 5, la carrera principal del GP de B\u00e9lgica.<\/span><\/div>\n<p><h2><strong>C\u00f3mo llega Colapinto a la carrera<\/strong><\/h2>\n<\/p>\n<div class=\"custom-text \" readability=\"34.405594405594\">\n<p>El pilarense viene de un <strong>complicado fin de semana en Hungr\u00eda<\/strong>, donde tuvo una clasificaci\u00f3n complicada (un 12\u00b0 puesto que lo complic\u00f3 de cara a las dos carreras). Luego, vivi\u00f3 <strong><a href=\"https:\/\/www.ole.com.ar\/tema\/yIKvGDdgt6.html\" title=\"un grand\u00edsimo sprint en el que remont\u00f3 hasta el 5\u00b0 puesto\" alt=\"un grand\u00edsimo sprint en el que remont\u00f3 hasta el 5\u00b0 puesto\">un grand\u00edsimo sprint en el que remont\u00f3 hasta el 5\u00b0 puesto<\/a><\/strong> y, por \u00faltimo, sufri\u00f3 la final dominical en la que no pas\u00f3 de la 13\u00aa ubicaci\u00f3n. De todos modos, el piloto del <strong>MP Motorsport<\/strong> est\u00e1 bien posicionado en el campeonato: <strong>5\u00b0 con 96 puntos<\/strong>.<\/p>\n<\/div>\n<div class=\"custom-text \" readability=\"41\">\n<p>El joven de 21 a\u00f1os regresar\u00e1 al trazado que ya visit\u00f3 con la F\u00f3rmula 3 el a\u00f1o pasado. En aquella ocasi\u00f3n, <strong>Colapinto se meti\u00f3 entre los mejores diez del clasificador<\/strong>, tanto en la sprint (6\u00b0) como en la definici\u00f3n (10\u00b0). De esta manera, afrontar\u00e1 el Gran Premio de B\u00e9lgica con experiencia encima. Asimismo, tras esta fecha, se realizar\u00e1 el receso de verano (un mes), y los motores volver\u00e1n a rugir reci\u00e9n en septiembre.<\/p>\n<\/div>\n<div class=\"sc-e7b891c4-0 jPbnQF\"><img alt=\"Colapinto se encuentra 5\u00b0 con 96 unidades en el Campeonato de la F\u00f3rmula 2.\" src=\"http:\/\/nuevacordoba.net\/wp-content\/uploads\/2024\/07\/franco-colapinto-en-la-formula-2-a-que-hora-corre-y-como-ver-el-gran-premio-de-belgica-1.jpg\" width=\"720\" height=\"100\" decoding=\"async\" data-nimg=\"future\" loading=\"lazy\"><span class=\"epigraphe\">Colapinto se encuentra 5\u00b0 con 96 unidades en el Campeonato de la F\u00f3rmula 2.<\/span><\/div>\n<p><h2><strong>As\u00ed est\u00e1 el campeonato de la F2<\/strong><\/h2>\n<\/p>\n<div class=\"custom-text \">\n<ol>\n<li>Isack Hadjar: 140<\/li>\n<li>Paul Aron: 122<\/li>\n<li>Gabriel Bortoleto: 110<\/li>\n<li>Zane Maloney: 101<\/li>\n<li>Franco Colapinto: 96<\/li>\n<li>Andrea Kimi Antonelli: 85<\/li>\n<li>Jak Crawford: 84<\/li>\n<li>Dennis Hauger: 79<\/li>\n<li>Kush Maini: 74<\/li>\n<li>Enzo Fittipaldi: 58<\/li>\n<li>Victor Martins: 57<\/li>\n<li>Zak O&#8217;Sullivan: 42<\/li>\n<li>Jos\u00e9 Mart\u00ed: 38<\/li>\n<li>Oliver Bearman: 34<\/li>\n<li>Richard Verschoor: 32<\/li>\n<li>Juan Correa: 31<\/li>\n<li>Amaury Cordeel: 25<\/li>\n<li>Joshua Duerksen: 24<\/li>\n<li>Ritomo Miyata: 23<\/li>\n<li>Taylor Barnard: 18<\/li>\n<li>Richard Stanek: 14<\/li>\n<li>Rafael Villag\u00f3mez: 9<\/li>\n<\/ol>\n<\/div>\n<div class=\"sc-e7b891c4-0 jPbnQF\"><img alt=\"Colapinto ya se encuentra en B\u00e9lgica. (@WilliamsRacing)\" src=\"http:\/\/nuevacordoba.net\/wp-content\/uploads\/2024\/07\/franco-colapinto-en-la-formula-2-a-que-hora-corre-y-como-ver-el-gran-premio-de-belgica-2.jpg\" width=\"720\" height=\"100\" decoding=\"async\" data-nimg=\"future\" loading=\"lazy\"><span class=\"epigraphe\">Colapinto ya se encuentra en B\u00e9lgica. (@WilliamsRacing)<\/span><\/div>\n<p><h2><strong>Cu\u00e1ndo y d\u00f3nde son las \u00faltimas cinco carreras de la F2<\/strong><\/h2>\n<\/p>\n<div class=\"custom-text \">\n<ul>\n<li>B\u00e9lgica, Spa-Francorchamps: 28 de julio.<\/li>\n<li>Italia, Monza: 1 de septiembre.<\/li>\n<li>Azerbaiy\u00e1n, Bak\u00fa: 15 de septiembre.<\/li>\n<li>Qatar, Lusail: 1 de diciembre.<\/li>\n<li>Emiratos \u00c1rabes Unidos, Abu Dhabi: 8 de diciembre.<\/li>\n<\/ul>\n<\/div>\n<div class=\"sc-a7166897-0 exHLBh\" readability=\"6\">\n<section readability=\"2\"><picture><img alt=\"TC en El Villicum: hora y d\u00f3nde ver por TV la carrera del Turismo Carretera\" src=\"http:\/\/nuevacordoba.net\/wp-content\/uploads\/2024\/07\/franco-colapinto-en-la-formula-2-a-que-hora-corre-y-como-ver-el-gran-premio-de-belgica-3.jpg\" width=\"290\" height=\"290\" decoding=\"async\" data-nimg=\"future\" loading=\"lazy\"><\/picture>\n<p><span>Mir\u00e1 tambi\u00e9n<\/span><\/p>\n<hr>\n<h3>TC en El Villicum: hora y d\u00f3nde ver por TV la carrera del Turismo Carretera<\/h3>\n<\/p>\n<\/section>\n<\/div>\n<div class=\"sc-a7166897-0 exHLBh\" readability=\"7\">\n<section readability=\"4\"><picture><img alt=\"Con un nuevo confirmado, \u00bfc\u00f3mo qued\u00f3 la parrilla de la F1 y qu\u00e9 asientos hay libres?\" src=\"http:\/\/nuevacordoba.net\/wp-content\/uploads\/2024\/07\/franco-colapinto-en-la-formula-2-a-que-hora-corre-y-como-ver-el-gran-premio-de-belgica-4.jpg\" width=\"290\" height=\"290\" decoding=\"async\" data-nimg=\"future\" loading=\"lazy\"><\/picture>\n<p><span>Mir\u00e1 tambi\u00e9n<\/span><\/p>\n<hr>\n<h3>Con un nuevo confirmado, \u00bfc\u00f3mo qued\u00f3 la parrilla de la F1 y qu\u00e9 asientos hay libres?<\/h3>\n<\/p>\n<\/section>\n<\/div>\n<div class=\"sc-a7166897-0 exHLBh\" readability=\"6.5\">\n<section readability=\"3\"><picture><img alt=\"El elegido para reemplazar a Hamilton tiene dudas de subir a la F1: &quot;No s\u00e9 si estoy listo&quot;\" src=\"http:\/\/nuevacordoba.net\/wp-content\/uploads\/2024\/07\/franco-colapinto-en-la-formula-2-a-que-hora-corre-y-como-ver-el-gran-premio-de-belgica-5.jpg\" width=\"290\" height=\"290\" decoding=\"async\" data-nimg=\"future\" loading=\"lazy\"><\/picture>\n<p><span>Mir\u00e1 tambi\u00e9n<\/span><\/p>\n<hr>\n<h3>El elegido para reemplazar a Hamilton tiene dudas de subir a la F1: \u00abNo s\u00e9 si estoy listo\u00bb<\/h3>\n<\/p>\n<\/section>\n<\/div>\n<div class=\"sc-a7166897-0 exHLBh\" readability=\"7\">\n<section readability=\"4\"><picture><img alt=\"Colapinto en F2: la rompi\u00f3 en el Sprint, gan\u00f3 varias posiciones y sum\u00f3 puntos para el torneo\" src=\"http:\/\/nuevacordoba.net\/wp-content\/uploads\/2024\/07\/franco-colapinto-en-la-formula-2-a-que-hora-corre-y-como-ver-el-gran-premio-de-belgica-6.jpg\" width=\"290\" height=\"290\" decoding=\"async\" data-nimg=\"future\" loading=\"lazy\"><\/picture>\n<p><span>Mir\u00e1 tambi\u00e9n<\/span><\/p>\n<hr>\n<h3>Colapinto en F2: la rompi\u00f3 en el Sprint, gan\u00f3 varias posiciones y sum\u00f3 puntos para el torneo<\/h3>\n<\/p>\n<\/section>\n<\/div>\n<\/div>\n","protected":false},"excerpt":{"rendered":"<p>25\/07\/2024 16:08hs. A falta de cinco carreras para el cierre de la temporada 2024 de la F\u00f3rmula 2, Franco Colapinto se prepara para afrontar un nuevo fin de semana con la categor\u00eda telonera de la M\u00e1xima. El circuito de Spa Francorchamps, de B\u00e9lgica, ser\u00e1 el escenario para la 10\u00aa fecha del campeonato. A continuaci\u00f3n, te [&hellip;]<\/p>\n","protected":false},"author":1,"featured_media":46351,"comment_status":"closed","ping_status":"closed","sticky":false,"template":"","format":"standard","meta":[],"categories":[10],"tags":[],"_links":{"self":[{"href":"http:\/\/nuevacordoba.net\/index.php\/wp-json\/wp\/v2\/posts\/46350"}],"collection":[{"href":"http:\/\/nuevacordoba.net\/index.php\/wp-json\/wp\/v2\/posts"}],"about":[{"href":"http:\/\/nuevacordoba.net\/index.php\/wp-json\/wp\/v2\/types\/post"}],"author":[{"embeddable":true,"href":"http:\/\/nuevacordoba.net\/index.php\/wp-json\/wp\/v2\/users\/1"}],"replies":[{"embeddable":true,"href":"http:\/\/nuevacordoba.net\/index.php\/wp-json\/wp\/v2\/comments?post=46350"}],"version-history":[{"count":0,"href":"http:\/\/nuevacordoba.net\/index.php\/wp-json\/wp\/v2\/posts\/46350\/revisions"}],"wp:featuredmedia":[{"embeddable":true,"href":"http:\/\/nuevacordoba.net\/index.php\/wp-json\/wp\/v2\/media\/46351"}],"wp:attachment":[{"href":"http:\/\/nuevacordoba.net\/index.php\/wp-json\/wp\/v2\/media?parent=46350"}],"wp:term":[{"taxonomy":"category","embeddable":true,"href":"http:\/\/nuevacordoba.net\/index.php\/wp-json\/wp\/v2\/categories?post=46350"},{"taxonomy":"post_tag","embeddable":true,"href":"http:\/\/nuevacordoba.net\/index.php\/wp-json\/wp\/v2\/tags?post=46350"}],"curies":[{"name":"wp","href":"https:\/\/api.w.org\/{rel}","templated":true}]}}