{"id":46356,"date":"2024-07-26T01:34:05","date_gmt":"2024-07-26T01:34:05","guid":{"rendered":"http:\/\/cordobanewsnet.wordpress.com\/?p=10846"},"modified":"2024-07-26T01:34:05","modified_gmt":"2024-07-26T01:34:05","slug":"los-cuatrillizos-nacidos-en-la-maternidad-provincial-cumplieron-un-mes-de-vida","status":"publish","type":"post","link":"http:\/\/nuevacordoba.net\/index.php\/2024\/07\/26\/los-cuatrillizos-nacidos-en-la-maternidad-provincial-cumplieron-un-mes-de-vida\/","title":{"rendered":"Los cuatrillizos nacidos en la Maternidad Provincial cumplieron un mes de vida"},"content":{"rendered":"<p>Permanecen en cuidados intensivos por parte del equipo de profesionales del nosocomio<\/p>\n<p><strong>Laura, Angeline, Victoria y Jordan<\/strong>&nbsp;nacieron a las 30 semanas de gestaci\u00f3n en la Maternidad Provincial asistidos por un equipo de profesionales altamente calificados. Su caso fue uno de los grandes desaf\u00edos para este centro m\u00e9dico, ya que este tipo de embarazos en nuestra provincia se producen cada 100 o 120 a\u00f1os.<\/p>\n<p>Pasado 30 d\u00edas, los cuatrillizos se encuentran con un gran avance de su salud contenidos de una marcada asistencia por parte del equipo de salud.<\/p>\n<p>Desde su etapa de reci\u00e9n nacidos, los cuatro neonatos fueron ubicados en la unidad de terapia intensiva por sus caracter\u00edsticas de prematurez. Avanzado el mes, los \u201ccuatri\u201d evolucionan de manera favorable a los procedimientos m\u00e9dicos.<\/p>\n<p><strong>Jordan es el var\u00f3n, el cuarto en nacer, su recuperaci\u00f3n es muy favorable con una inminente alta m\u00e9dica. A su vez, sus tres hermanas llevan varios d\u00edas sin asistencia de ox\u00edgeno.<\/strong><\/p>\n<p>Su mam\u00e1, Erika Demetrio, se encontr\u00f3 por primera vez con Jordan.&nbsp;<strong>\u201cRealmente fue muy emocionante estar por primera vez con uno de los cuatrillizos\u201d<\/strong>, expres\u00f3. Durante la etapa de internaci\u00f3n, Erika estuvo apegada al cuerpo m\u00e9dico en la rutina de cuidados y procesos de lactancia.<\/p>\n<p>En contacto con el primer var\u00f3n de la familia, Demetrio coment\u00f3 que se encuentra realmente bien, el ni\u00f1o ya tiene armada una pauta de horarios y agreg\u00f3 que&nbsp;<strong>\u201cnos est\u00e1 avisando su horario de alimentaci\u00f3n y la pasamos bien\u201d.<\/strong><\/p>\n<p>En cuanto a las tres ni\u00f1as, la madre expres\u00f3 que se \u201cencuentran bien, est\u00e1n cursando estos d\u00edas y realmente fueron evolucionando muy bien\u201d.<\/p>\n<figure class=\"wp-block-image size-large\"><img loading=\"lazy\" data-attachment-id=\"10847\" data-permalink=\"https:\/\/cordobanewsnet.wordpress.com\/2024\/07\/26\/los-cuatrillizos-nacidos-en-la-maternidad-provincial-cumplieron-un-mes-de-vida\/image-283\/\" data-orig-file=\"https:\/\/cordobanewsnet.wordpress.com\/wp-content\/uploads\/2024\/07\/image-130.png\" data-orig-size=\"993,662\" data-comments-opened=\"1\" data-image-meta=\"{&quot;aperture&quot;:&quot;0&quot;,&quot;credit&quot;:&quot;&quot;,&quot;camera&quot;:&quot;&quot;,&quot;caption&quot;:&quot;&quot;,&quot;created_timestamp&quot;:&quot;0&quot;,&quot;copyright&quot;:&quot;&quot;,&quot;focal_length&quot;:&quot;0&quot;,&quot;iso&quot;:&quot;0&quot;,&quot;shutter_speed&quot;:&quot;0&quot;,&quot;title&quot;:&quot;&quot;,&quot;orientation&quot;:&quot;0&quot;}\" data-image-title=\"image\" data-image-description data-image-caption data-medium-file=\"https:\/\/cordobanewsnet.wordpress.com\/wp-content\/uploads\/2024\/07\/image-130.png?w=300\" data-large-file=\"https:\/\/cordobanewsnet.wordpress.com\/wp-content\/uploads\/2024\/07\/image-130.png?w=736\" tabindex=\"0\" role=\"button\" width=\"993\" height=\"662\" src=\"http:\/\/nuevacordoba.net\/wp-content\/uploads\/2024\/07\/los-cuatrillizos-nacidos-en-la-maternidad-provincial-cumplieron-un-mes-de-vida.png\" alt class=\"wp-image-10847\"><\/figure>\n<p>Fuente : Hoy D\u00eda C\u00f3rdoba Argentina<\/p>\n<p><span id=\"wordads-inline-marker\"><\/span> <\/p>\n<div id=\"jp-post-flair\" class=\"sharedaddy sd-like-enabled sd-sharing-enabled\">\n<div class=\"sharedaddy sd-sharing-enabled\">\n<div class=\"robots-nocontent sd-block sd-social sd-social-icon-text sd-sharing\">\n<h3 class=\"sd-title\">Comparte esto:<\/h3>\n<\/div>\n<\/div>\n<div class=\"sharedaddy sd-block sd-like jetpack-likes-widget-wrapper jetpack-likes-widget-unloaded\" id=\"like-post-wrapper-143108178-10846-66a312559c0af\" data-src=\"\/\/widgets.wp.com\/likes\/index.html?ver=20240726#blog_id=143108178&amp;post_id=10846&amp;origin=cordobanewsnet.wordpress.com&amp;obj_id=143108178-10846-66a312559c0af\" data-name=\"like-post-frame-143108178-10846-66a312559c0af\" data-title=\"Me gusta o Compartir\">\n<p><span class=\"button\"><span>Me gusta<\/span><\/span> <span class=\"loading\">Cargando&#8230;<\/span><\/p>\n<p><span class=\"sd-text-color\"><\/span><\/div>\n<p><h3 class=\"jp-relatedposts-headline\"><em>Relacionado<\/em><\/h3>\n<\/p>\n<\/div>\n","protected":false},"excerpt":{"rendered":"<p>Permanecen en cuidados intensivos por parte del equipo de profesionales del nosocomio Laura, Angeline, Victoria y Jordan&nbsp;nacieron a las 30 semanas de gestaci\u00f3n en la Maternidad Provincial asistidos por un equipo de profesionales altamente calificados. Su caso fue uno de los grandes desaf\u00edos para este centro m\u00e9dico, ya que este tipo de embarazos en nuestra [&hellip;]<\/p>\n","protected":false},"author":1,"featured_media":46357,"comment_status":"closed","ping_status":"closed","sticky":false,"template":"","format":"standard","meta":[],"categories":[14],"tags":[],"_links":{"self":[{"href":"http:\/\/nuevacordoba.net\/index.php\/wp-json\/wp\/v2\/posts\/46356"}],"collection":[{"href":"http:\/\/nuevacordoba.net\/index.php\/wp-json\/wp\/v2\/posts"}],"about":[{"href":"http:\/\/nuevacordoba.net\/index.php\/wp-json\/wp\/v2\/types\/post"}],"author":[{"embeddable":true,"href":"http:\/\/nuevacordoba.net\/index.php\/wp-json\/wp\/v2\/users\/1"}],"replies":[{"embeddable":true,"href":"http:\/\/nuevacordoba.net\/index.php\/wp-json\/wp\/v2\/comments?post=46356"}],"version-history":[{"count":0,"href":"http:\/\/nuevacordoba.net\/index.php\/wp-json\/wp\/v2\/posts\/46356\/revisions"}],"wp:featuredmedia":[{"embeddable":true,"href":"http:\/\/nuevacordoba.net\/index.php\/wp-json\/wp\/v2\/media\/46357"}],"wp:attachment":[{"href":"http:\/\/nuevacordoba.net\/index.php\/wp-json\/wp\/v2\/media?parent=46356"}],"wp:term":[{"taxonomy":"category","embeddable":true,"href":"http:\/\/nuevacordoba.net\/index.php\/wp-json\/wp\/v2\/categories?post=46356"},{"taxonomy":"post_tag","embeddable":true,"href":"http:\/\/nuevacordoba.net\/index.php\/wp-json\/wp\/v2\/tags?post=46356"}],"curies":[{"name":"wp","href":"https:\/\/api.w.org\/{rel}","templated":true}]}}