{"id":46489,"date":"2024-07-26T03:01:13","date_gmt":"2024-07-26T03:01:13","guid":{"rendered":"https:\/\/puntoapunto.com.ar\/?p=363308"},"modified":"2024-07-26T03:01:13","modified_gmt":"2024-07-26T03:01:13","slug":"asi-es-el-segundo-fischer-store-que-abrio-en-cordoba","status":"publish","type":"post","link":"http:\/\/nuevacordoba.net\/index.php\/2024\/07\/26\/asi-es-el-segundo-fischer-store-que-abrio-en-cordoba\/","title":{"rendered":"As\u00ed es el segundo Fischer Store que abri\u00f3 en C\u00f3rdoba"},"content":{"rendered":"<div class=\"g g-36\">\n<div class=\"g-dyn a-29 c-1\"><a class=\"gofollow\" data-track=\"MjksMzYsMSw2MA==\" href=\"https:\/\/www.harmoniechateau.com.ar\/\" target=\"_blank\" rel=\"noopener\"><img src=\"http:\/\/nuevacordoba.net\/wp-content\/uploads\/2024\/07\/asi-es-el-segundo-fischer-store-que-abrio-en-cordoba.jpg\" loading=\"lazy\"><\/a><\/div>\n<\/div>\n<p>&nbsp;\n<\/p>\n<p>D\u00edas pasados cort\u00f3 cintas el segundo local exclusivo de Fischer Store en C\u00f3rdoba, ubicado en la esquina de Alvear y Rinc\u00f3n, una zona netamente comercial y tradicional de la ciudad.\n<\/p>\n<p>\u201cPara m\u00ed, representa un desaf\u00edo significativo. Estamos muy felices con esta apertura. El cliente encontrar\u00e1 en nuestro local toda la l\u00ednea completa de productos y soluciones Fischer y un espacio ideal para la capacitaci\u00f3n constante\u201d, se\u00f1ala Cynthia \u00c1lvarez, titular de la flamante franquicia y con una vasta trayectoria en el mercado de las fijaciones y las herramientas.\n<\/p>\n<p><iframe id=\"_ytid_62441\" width=\"480\" height=\"270\" data-origwidth=\"480\" data-origheight=\"270\" src=\"https:\/\/www.youtube.com\/embed\/jfJl6k01OKc?enablejsapi=1&amp;autoplay=0&amp;cc_load_policy=0&amp;cc_lang_pref=&amp;iv_load_policy=1&amp;loop=0&amp;modestbranding=0&amp;rel=0&amp;fs=1&amp;playsinline=0&amp;autohide=2&amp;theme=dark&amp;color=red&amp;controls=1&amp;\" class=\"__youtube_prefs__ epyt-is-override no-lazyload\" title=\"YouTube player\" allow=\"fullscreen; accelerometer; autoplay; clipboard-write; encrypted-media; gyroscope; picture-in-picture\" allowfullscreen data-no-lazy=\"1\" data-skipgform_ajax_framebjll>[embedded content]<\/iframe>\n<\/p>\n<p>El nuevo Fischer Store, tiene una superficie de 200 m2, dividido en dos plantas y demand\u00f3 una inversi\u00f3n cercana a los US$ 150.000. Se podr\u00e1n adquirir todos los productos de la tradicional compa\u00f1\u00eda alemana: fijaciones, anclajes qu\u00edmicos y mec\u00e1nicos, espumas, siliconas y selladores de todo tipo. Adem\u00e1s, ofrecen cortafuegos y l\u00edneas innovadoras como soportes y anclajes para paneles solares (Solar Fix y Samon Tec o Instalaci\u00f3n System).<\/p>\n<p><img decoding=\"async\" class=\"aligncenter wp-image-363311 size-large\" src=\"http:\/\/nuevacordoba.net\/wp-content\/uploads\/2024\/07\/asi-es-el-segundo-fischer-store-que-abrio-en-cordoba-1.jpg\" alt width=\"1024\" height=\"681\" srcset=\"http:\/\/nuevacordoba.net\/wp-content\/uploads\/2024\/07\/asi-es-el-segundo-fischer-store-que-abrio-en-cordoba-1.jpg 1024w, http:\/\/nuevacordoba.net\/wp-content\/uploads\/2024\/07\/asi-es-el-segundo-fischer-store-que-abrio-en-cordoba-5.jpg 300w, http:\/\/nuevacordoba.net\/wp-content\/uploads\/2024\/07\/asi-es-el-segundo-fischer-store-que-abrio-en-cordoba-6.jpg 768w, http:\/\/nuevacordoba.net\/wp-content\/uploads\/2024\/07\/asi-es-el-segundo-fischer-store-que-abrio-en-cordoba-7.jpg 1536w, http:\/\/nuevacordoba.net\/wp-content\/uploads\/2024\/07\/asi-es-el-segundo-fischer-store-que-abrio-en-cordoba-8.jpg 2048w, http:\/\/nuevacordoba.net\/wp-content\/uploads\/2024\/07\/asi-es-el-segundo-fischer-store-que-abrio-en-cordoba-9.jpg 750w, http:\/\/nuevacordoba.net\/wp-content\/uploads\/2024\/07\/asi-es-el-segundo-fischer-store-que-abrio-en-cordoba-10.jpg 1140w\" sizes=\"(max-width: 1024px) 100vw, 1024px\" loading=\"lazy\"> <img decoding=\"async\" class=\"aligncenter wp-image-363312 size-large\" src=\"http:\/\/nuevacordoba.net\/wp-content\/uploads\/2024\/07\/asi-es-el-segundo-fischer-store-que-abrio-en-cordoba-2.jpg\" alt width=\"1024\" height=\"681\" srcset=\"http:\/\/nuevacordoba.net\/wp-content\/uploads\/2024\/07\/asi-es-el-segundo-fischer-store-que-abrio-en-cordoba-2.jpg 1024w, http:\/\/nuevacordoba.net\/wp-content\/uploads\/2024\/07\/asi-es-el-segundo-fischer-store-que-abrio-en-cordoba-11.jpg 300w, http:\/\/nuevacordoba.net\/wp-content\/uploads\/2024\/07\/asi-es-el-segundo-fischer-store-que-abrio-en-cordoba-12.jpg 768w, http:\/\/nuevacordoba.net\/wp-content\/uploads\/2024\/07\/asi-es-el-segundo-fischer-store-que-abrio-en-cordoba-13.jpg 1536w, http:\/\/nuevacordoba.net\/wp-content\/uploads\/2024\/07\/asi-es-el-segundo-fischer-store-que-abrio-en-cordoba-14.jpg 2048w, http:\/\/nuevacordoba.net\/wp-content\/uploads\/2024\/07\/asi-es-el-segundo-fischer-store-que-abrio-en-cordoba-15.jpg 750w, http:\/\/nuevacordoba.net\/wp-content\/uploads\/2024\/07\/asi-es-el-segundo-fischer-store-que-abrio-en-cordoba-16.jpg 1140w\" sizes=\"(max-width: 1024px) 100vw, 1024px\" loading=\"lazy\"> <img decoding=\"async\" class=\"aligncenter wp-image-363313 size-large\" src=\"http:\/\/nuevacordoba.net\/wp-content\/uploads\/2024\/07\/asi-es-el-segundo-fischer-store-que-abrio-en-cordoba-3.jpg\" alt width=\"1024\" height=\"681\" srcset=\"http:\/\/nuevacordoba.net\/wp-content\/uploads\/2024\/07\/asi-es-el-segundo-fischer-store-que-abrio-en-cordoba-3.jpg 1024w, http:\/\/nuevacordoba.net\/wp-content\/uploads\/2024\/07\/asi-es-el-segundo-fischer-store-que-abrio-en-cordoba-17.jpg 300w, http:\/\/nuevacordoba.net\/wp-content\/uploads\/2024\/07\/asi-es-el-segundo-fischer-store-que-abrio-en-cordoba-18.jpg 768w, http:\/\/nuevacordoba.net\/wp-content\/uploads\/2024\/07\/asi-es-el-segundo-fischer-store-que-abrio-en-cordoba-19.jpg 1536w, http:\/\/nuevacordoba.net\/wp-content\/uploads\/2024\/07\/asi-es-el-segundo-fischer-store-que-abrio-en-cordoba-20.jpg 2048w, http:\/\/nuevacordoba.net\/wp-content\/uploads\/2024\/07\/asi-es-el-segundo-fischer-store-que-abrio-en-cordoba-21.jpg 750w, http:\/\/nuevacordoba.net\/wp-content\/uploads\/2024\/07\/asi-es-el-segundo-fischer-store-que-abrio-en-cordoba-22.jpg 1140w\" sizes=\"(max-width: 1024px) 100vw, 1024px\" loading=\"lazy\">\n<\/p>\n<p>\u201cVamos a darle mucho impulso a la capacitaci\u00f3n, con una asistencia t\u00e9cnica completa para que nuestros clientes puedan tomar las mejores decisiones al elegir los productos. Otro eje destacado, va a ser la informaci\u00f3n que vamos a brindar para la correcta instalaci\u00f3n de los productos Fischer y pensamos organizar charlas y encuentros sobre las diferentes novedades que vayan surgiendo en el mercado\u201d, agrega \u00c1lvarez.\n<\/p>\n<p>El target del cliente objetivo al que apuntan desde el Fischer Store son las empresas desarrollistas, las constructoras, los instaladores y el p\u00fablico en general con necesidades espec\u00edficas de fijaci\u00f3n y herramientas.\n<\/p>\n<p>\u201cTenemos enormes expectativas con este negocio. Estamos convencidos que el Fischer Store se va a convertir en un punto de referencia donde obtener productos de excelencia a un precio competitivo, sumado a la capacitaci\u00f3n que ofrecemos y no dudamos en que somos los partners ideales para todas las necesidades que vayan teniendo los clientes y sus proyectos. Llevo muchos a\u00f1os en el mercado y conocer todas las etapas de una obra, me otorg\u00f3 la experiencia necesaria para brindar el mejor asesoramiento, respaldado obviamente por una compa\u00f1\u00eda tan reconocida a nivel mundial como lo es Fischer\u201d, finaliza la ejecutiva.\n<\/p>\n<p>&nbsp;\n<\/p>\n<p>&nbsp;\n<\/p>\n<p>&nbsp;\n<\/p>\n<p>&nbsp;\n<\/p>\n<p>&nbsp;\n<\/p>\n<p>&nbsp;\n<\/p>\n<div class=\"g g-38\">\n<div class=\"g-dyn a-12 c-1\"><a class=\"gofollow\" data-track=\"MTIsMzgsMSw2MA==\" href=\"https:\/\/form.jotform.com\/240784464263663\" target=\"_blank\" rel=\"noopener\"><img src=\"http:\/\/nuevacordoba.net\/wp-content\/uploads\/2024\/07\/asi-es-el-segundo-fischer-store-que-abrio-en-cordoba-4.jpg\" loading=\"lazy\"><\/a><\/div>\n<\/div>\n","protected":false},"excerpt":{"rendered":"<p>&nbsp; D\u00edas pasados cort\u00f3 cintas el segundo local exclusivo de Fischer Store en C\u00f3rdoba, ubicado en la esquina de Alvear y Rinc\u00f3n, una zona netamente comercial y tradicional de la ciudad. \u201cPara m\u00ed, representa un desaf\u00edo significativo. Estamos muy felices con esta apertura. El cliente encontrar\u00e1 en nuestro local toda la l\u00ednea completa de productos [&hellip;]<\/p>\n","protected":false},"author":1,"featured_media":46490,"comment_status":"open","ping_status":"closed","sticky":false,"template":"","format":"standard","meta":[],"categories":[14],"tags":[],"_links":{"self":[{"href":"http:\/\/nuevacordoba.net\/index.php\/wp-json\/wp\/v2\/posts\/46489"}],"collection":[{"href":"http:\/\/nuevacordoba.net\/index.php\/wp-json\/wp\/v2\/posts"}],"about":[{"href":"http:\/\/nuevacordoba.net\/index.php\/wp-json\/wp\/v2\/types\/post"}],"author":[{"embeddable":true,"href":"http:\/\/nuevacordoba.net\/index.php\/wp-json\/wp\/v2\/users\/1"}],"replies":[{"embeddable":true,"href":"http:\/\/nuevacordoba.net\/index.php\/wp-json\/wp\/v2\/comments?post=46489"}],"version-history":[{"count":0,"href":"http:\/\/nuevacordoba.net\/index.php\/wp-json\/wp\/v2\/posts\/46489\/revisions"}],"wp:featuredmedia":[{"embeddable":true,"href":"http:\/\/nuevacordoba.net\/index.php\/wp-json\/wp\/v2\/media\/46490"}],"wp:attachment":[{"href":"http:\/\/nuevacordoba.net\/index.php\/wp-json\/wp\/v2\/media?parent=46489"}],"wp:term":[{"taxonomy":"category","embeddable":true,"href":"http:\/\/nuevacordoba.net\/index.php\/wp-json\/wp\/v2\/categories?post=46489"},{"taxonomy":"post_tag","embeddable":true,"href":"http:\/\/nuevacordoba.net\/index.php\/wp-json\/wp\/v2\/tags?post=46489"}],"curies":[{"name":"wp","href":"https:\/\/api.w.org\/{rel}","templated":true}]}}