{"id":46540,"date":"2024-07-30T03:04:07","date_gmt":"2024-07-30T03:04:07","guid":{"rendered":"https:\/\/puntoapunto.com.ar\/?p=363356"},"modified":"2024-07-30T03:04:07","modified_gmt":"2024-07-30T03:04:07","slug":"desconfianza-en-la-gestion-milei-crece-el-descontento-y-cada-vez-hay-menos-tiempo-para-esperar-mejoras","status":"publish","type":"post","link":"http:\/\/nuevacordoba.net\/index.php\/2024\/07\/30\/desconfianza-en-la-gestion-milei-crece-el-descontento-y-cada-vez-hay-menos-tiempo-para-esperar-mejoras\/","title":{"rendered":"Desconfianza en la gesti\u00f3n Milei: crece el descontento y cada vez hay menos tiempo para esperar mejoras"},"content":{"rendered":"<div class=\"g g-36\">\n<div class=\"g-dyn a-29 c-1\"><a class=\"gofollow\" data-track=\"MjksMzYsMSw2MA==\" href=\"https:\/\/www.harmoniechateau.com.ar\/\" target=\"_blank\" rel=\"noopener\"><img src=\"http:\/\/nuevacordoba.net\/wp-content\/uploads\/2024\/07\/desconfianza-en-la-gestion-milei-crece-el-descontento-y-cada-vez-hay-menos-tiempo-para-esperar-mejoras.jpg\" loading=\"lazy\"><\/a><\/div>\n<\/div>\n<p>&nbsp;\n<\/p>\n<p>El<strong> 70,1% de los argentinos asegura que su situaci\u00f3n econ\u00f3mica personal empeor\u00f3 desde que Javier Milei es presidente<\/strong>, mientras que el 29,3% dice que mejor\u00f3. As\u00ed lo establece un trabajo que difundi\u00f3 la consultora <a href=\"https:\/\/zubancordoba.com\/portfolio\/informe-nacional-julio-2024-segunda-parte\/\">Zuban C\u00f3rdoba<\/a>.\n<\/p>\n<p>Un <strong>53,6% desaprueba la gesti\u00f3n de Milei<\/strong>, un porcentaje m\u00e1s alto respecto de los \u00faltimos sondeos. En tanto, un <strong>51,7% dice que el plan econ\u00f3mico de Milei est\u00e1 fracasando<\/strong>, mientras que un 42,1% asegura que el plan est\u00e1 funcionando. Es interesante que un 16,8% de quienes votaron a Milei sostiene que el plan de gobierno est\u00e1 fracasando.\n<\/p>\n<p><img decoding=\"async\" class=\"alignnone wp-image-363358\" src=\"http:\/\/nuevacordoba.net\/wp-content\/uploads\/2024\/07\/desconfianza-en-la-gestion-milei-crece-el-descontento-y-cada-vez-hay-menos-tiempo-para-esperar-mejoras-1.jpg\" alt width=\"338\" height=\"396\" srcset=\"http:\/\/nuevacordoba.net\/wp-content\/uploads\/2024\/07\/desconfianza-en-la-gestion-milei-crece-el-descontento-y-cada-vez-hay-menos-tiempo-para-esperar-mejoras-1.jpg 256w, http:\/\/nuevacordoba.net\/wp-content\/uploads\/2024\/07\/desconfianza-en-la-gestion-milei-crece-el-descontento-y-cada-vez-hay-menos-tiempo-para-esperar-mejoras-5.jpg 277w\" sizes=\"(max-width: 338px) 100vw, 338px\" loading=\"lazy\"> <img decoding=\"async\" class=\"alignnone wp-image-363359\" src=\"http:\/\/nuevacordoba.net\/wp-content\/uploads\/2024\/07\/desconfianza-en-la-gestion-milei-crece-el-descontento-y-cada-vez-hay-menos-tiempo-para-esperar-mejoras-2.jpg\" alt width=\"331\" height=\"396\" srcset=\"http:\/\/nuevacordoba.net\/wp-content\/uploads\/2024\/07\/desconfianza-en-la-gestion-milei-crece-el-descontento-y-cada-vez-hay-menos-tiempo-para-esperar-mejoras-2.jpg 251w, http:\/\/nuevacordoba.net\/wp-content\/uploads\/2024\/07\/desconfianza-en-la-gestion-milei-crece-el-descontento-y-cada-vez-hay-menos-tiempo-para-esperar-mejoras-6.jpg 281w\" sizes=\"(max-width: 331px) 100vw, 331px\" loading=\"lazy\">\n<\/p>\n<p>Seg\u00fan el informe de la consultora, estos datos son preocupantes para un gobierno que necesita mantener a la econom\u00eda en el centro de su relato pol\u00edtico.<\/p>\n<p>Respecto de la frase<strong> \u2018los salarios le ganan a la inflaci\u00f3n\u2019, el 68,8% dice estar en desacuerdo<\/strong>, mientras que el 21,9% dice estar de acuerdo. En tanto, el 55% de los encuestados dice desconfiar de la frase \u2018el aumento del d\u00f3lar me genera desconfianza\u2019. El punto revela un alto porcentaje de la poblaci\u00f3n que cree que Milei no es capaz de controlar el precio del d\u00f3lar.\n<\/p>\n<p><strong>El 46,2% consider\u00f3 que ya le concedi\u00f3 suficiente tiempo a La Libertad Avanza<\/strong> para que comenzara a dar respuestas a la mejora de la econom\u00eda personal: \u00abYa no le doy m\u00e1s tiempo\u00bb es la idea.\n<\/p>\n<blockquote class=\"twitter-tweet\" data-width=\"500\" data-dnt=\"true\" readability=\"9.2771084337349\">\n<p lang=\"es\" dir=\"ltr\">Tambi\u00e9n evaluamos el nivel de aprobaci\u00f3n de algunas propuestas del oficialismo<br \/>\ud83d\udcccSiendo bajar la edad del voto a 13 a\u00f1os la que menos apoyo tiene con un 71,3% de rechazo <a href=\"https:\/\/t.co\/vFtaZAMpe0\">pic.twitter.com\/vFtaZAMpe0<\/a>\n<\/p>\n<p>\u2014 Zuban Cordoba (@Zuban_Cordoba) <a href=\"https:\/\/twitter.com\/Zuban_Cordoba\/status\/1817719074983436439?ref_src=twsrc%5Etfw\">July 29, 2024<\/a><\/p>\n<\/blockquote>\n<p><strong>Inversiones<\/strong>\n<\/p>\n<p>La encuesta consult\u00f3 a la poblaci\u00f3n en qu\u00e9 invertir\u00eda 100 millones de pesos. <strong>Los resultados revelan una marcada diferencia generacional: las personas de 31 a\u00f1os en adelante optar\u00edan por invertir en ladrillos, <\/strong>mientras que los j\u00f3venes de 16 a 30 a\u00f1os preferir\u00edan comprar acciones, mostrando una mayor inclinaci\u00f3n hacia el mercado de capitales y menos inter\u00e9s en el d\u00f3lar como inversi\u00f3n.\n<\/p>\n<p><strong>Consumo<\/strong>\n<\/p>\n<p>Tal como lo han reportado otros trabajos de investigaci\u00f3n de opini\u00f3n p\u00fablica,&nbsp;<strong>Esparcimiento (81,4%), Vestimenta (73,3%) y Alimentaci\u00f3n (64,2%)&nbsp;<\/strong>son los 3 rubros que los consumidores \/ contribuyentes \/ usuarios \/ ciudadanos \/ electores priorizaron&nbsp;<strong>recortar&nbsp;<\/strong>porque la p\u00e9rdida de poder adquisitivo ha impacto en su econom\u00eda personal.\n<\/p>\n<p>Un dato muy significativo es que&nbsp;<strong>el 70,1% respondi\u00f3 que su econom\u00eda personal desmejor\u00f3 desde que Javier Milei es Presidente de la Naci\u00f3n<\/strong>. Poderosa advertencia al pseudo libertario.\n<\/p>\n<p>La percepci\u00f3n popular es que&nbsp;<strong>hay un sesgo anti pobres muy marcado<\/strong>&nbsp;en las decisiones del gobierno de Javier Milei.&nbsp;<strong>El 59,3% cree que la desigualdad es muy Alta y 16,7% que es Muy Alta pero el 58,2% cree que la desigualdad aument\u00f3 con Javier Milei Presidente.<\/strong>\n<\/p>\n<p><strong>La econom\u00eda<\/strong>\n<\/p>\n<p>Mientras Milei ubica sus preocupaciones en la No Emisi\u00f3n y en \u2018<em>secar\u2019<\/em>&nbsp;la plaza de pesos,&nbsp;<strong>la mayor\u00eda de la opini\u00f3n p\u00fablica lo percibe como impotente para impedir que el d\u00f3lar estadounidense escale<\/strong>, algo que parece resultar m\u00e1s importante para la poblaci\u00f3n de lo que Milei dice creer.\n<\/p>\n<p><img decoding=\"async\" class=\"aligncenter wp-image-363357 size-full\" src=\"http:\/\/nuevacordoba.net\/wp-content\/uploads\/2024\/07\/desconfianza-en-la-gestion-milei-crece-el-descontento-y-cada-vez-hay-menos-tiempo-para-esperar-mejoras-3.jpg\" alt width=\"427\" height=\"480\" srcset=\"http:\/\/nuevacordoba.net\/wp-content\/uploads\/2024\/07\/desconfianza-en-la-gestion-milei-crece-el-descontento-y-cada-vez-hay-menos-tiempo-para-esperar-mejoras-3.jpg 427w, http:\/\/nuevacordoba.net\/wp-content\/uploads\/2024\/07\/desconfianza-en-la-gestion-milei-crece-el-descontento-y-cada-vez-hay-menos-tiempo-para-esperar-mejoras-7.jpg 267w\" sizes=\"(max-width: 427px) 100vw, 427px\" loading=\"lazy\">\n<\/p>\n<p>El&nbsp;<strong>55,1% respondi\u00f3 en forma Afirmativa&nbsp;<\/strong>ante la consulta \u00abMilei y su Gobierno no pueden controlar el precio del d\u00f3lar\u00bb. Y el<strong>&nbsp;55,6% dijo estar en desacuerdo<\/strong>&nbsp;con la frase&nbsp;<em>\u00ab<\/em>El aumento del d\u00f3lar es pasajero, no traer\u00e1 problemas\u00bb&nbsp;(burrada atribuida al vocero presidencial Manuel Adorni). Peor a\u00fan:<strong>&nbsp;54,9% cree que \u00abEl aumento del d\u00f3lar me genera desconfianza\u00bb<\/strong>.\n<\/p>\n<div class=\"g g-38\">\n<div class=\"g-dyn a-12 c-1\"><a class=\"gofollow\" data-track=\"MTIsMzgsMSw2MA==\" href=\"https:\/\/form.jotform.com\/240784464263663\" target=\"_blank\" rel=\"noopener\"><img src=\"http:\/\/nuevacordoba.net\/wp-content\/uploads\/2024\/07\/desconfianza-en-la-gestion-milei-crece-el-descontento-y-cada-vez-hay-menos-tiempo-para-esperar-mejoras-4.jpg\" loading=\"lazy\"><\/a><\/div>\n<\/div>\n","protected":false},"excerpt":{"rendered":"<p>&nbsp; El 70,1% de los argentinos asegura que su situaci\u00f3n econ\u00f3mica personal empeor\u00f3 desde que Javier Milei es presidente, mientras que el 29,3% dice que mejor\u00f3. As\u00ed lo establece un trabajo que difundi\u00f3 la consultora Zuban C\u00f3rdoba. Un 53,6% desaprueba la gesti\u00f3n de Milei, un porcentaje m\u00e1s alto respecto de los \u00faltimos sondeos. En tanto, [&hellip;]<\/p>\n","protected":false},"author":1,"featured_media":46541,"comment_status":"open","ping_status":"closed","sticky":false,"template":"","format":"standard","meta":[],"categories":[12,14],"tags":[],"_links":{"self":[{"href":"http:\/\/nuevacordoba.net\/index.php\/wp-json\/wp\/v2\/posts\/46540"}],"collection":[{"href":"http:\/\/nuevacordoba.net\/index.php\/wp-json\/wp\/v2\/posts"}],"about":[{"href":"http:\/\/nuevacordoba.net\/index.php\/wp-json\/wp\/v2\/types\/post"}],"author":[{"embeddable":true,"href":"http:\/\/nuevacordoba.net\/index.php\/wp-json\/wp\/v2\/users\/1"}],"replies":[{"embeddable":true,"href":"http:\/\/nuevacordoba.net\/index.php\/wp-json\/wp\/v2\/comments?post=46540"}],"version-history":[{"count":0,"href":"http:\/\/nuevacordoba.net\/index.php\/wp-json\/wp\/v2\/posts\/46540\/revisions"}],"wp:featuredmedia":[{"embeddable":true,"href":"http:\/\/nuevacordoba.net\/index.php\/wp-json\/wp\/v2\/media\/46541"}],"wp:attachment":[{"href":"http:\/\/nuevacordoba.net\/index.php\/wp-json\/wp\/v2\/media?parent=46540"}],"wp:term":[{"taxonomy":"category","embeddable":true,"href":"http:\/\/nuevacordoba.net\/index.php\/wp-json\/wp\/v2\/categories?post=46540"},{"taxonomy":"post_tag","embeddable":true,"href":"http:\/\/nuevacordoba.net\/index.php\/wp-json\/wp\/v2\/tags?post=46540"}],"curies":[{"name":"wp","href":"https:\/\/api.w.org\/{rel}","templated":true}]}}