{"id":4662,"date":"2021-05-19T16:04:38","date_gmt":"2021-05-19T16:04:38","guid":{"rendered":"http:\/\/nuevacordoba.net\/index.php\/2021\/05\/19\/messi-decidira-sobre-su-futuro-en-barcelona-despues-de-la-copa-america\/"},"modified":"2021-05-19T16:04:38","modified_gmt":"2021-05-19T16:04:38","slug":"messi-decidira-sobre-su-futuro-en-barcelona-despues-de-la-copa-america","status":"publish","type":"post","link":"http:\/\/nuevacordoba.net\/index.php\/2021\/05\/19\/messi-decidira-sobre-su-futuro-en-barcelona-despues-de-la-copa-america\/","title":{"rendered":"Messi decidir\u00e1 sobre su futuro en Barcelona despu\u00e9s de la Copa Am\u00e9rica"},"content":{"rendered":"<div class=\"image\" id=\"image\" readability=\"7\"> <img src=\"http:\/\/nuevacordoba.net\/wp-content\/uploads\/2021\/05\/messi-decidira-sobre-su-futuro-en-barcelona-despues-de-la-copa-america.jpg\" alt=\"Messi se tomar\u00e1 su tiempo antes de decidir su futuro. \" title=\"Messi se tomar\u00e1 su tiempo antes de decidir su futuro. \"><\/p>\n<p>Messi se tomar\u00e1 su tiempo antes de decidir su futuro. <\/p>\n<\/div>\n<p>Lionel Messi decidir\u00e1 sobre su continuidad en el Barcelona despu\u00e9s de la Copa Am\u00e9rica en la que participar\u00e1 con el seleccionado argentino, seg\u00fan especulan en el club catal\u00e1n.<\/p>\n<p><strong>El crack rosarino quedar\u00e1 con el pase en su poder el pr\u00f3ximo 30 de junio y por estas semanas la prioridad absoluta del Barcelona es resolver su situaci\u00f3n<\/strong>, seg\u00fan public\u00f3 el diario Mundo Deportivo.<\/p>\n<p>En ese contexto, Messi mantuvo una extensa conversaci\u00f3n con el presidente del Barcelona, Joan Laporta, despu\u00e9s de que ganara las elecciones en marzo de este a\u00f1o, y se comprometi\u00f3 a \u00abescuchar una oferta azulgrana\u00bb, resalt\u00f3 Mundo Deportivo.<\/p>\n<p>En tanto un sondeo organizado por el diario deportivo catal\u00e1n revel\u00f3 que un 65% de los hinchas conf\u00eda en que Messi continuar\u00e1 en el club y 35% cree que se marchar\u00e1.<\/p>\n<p><strong>En esa reuni\u00f3n con Laporta, el capit\u00e1n del seleccionado argentino dej\u00f3 claro que \u00abpriorizar\u00e1 el proyecto deportivo\u00bb, un punto a tener en cuenta ya que el Barcelona no gana la Liga de Campeones desde 2015, en La Liga de Espa\u00f1a lleva dos temporadas sin lograr t\u00edtulos<\/strong> y tan solo conquist\u00f3 en los \u00faltimos tiempos la Copa del Rey, el mes pasado.<\/p>\n<p><strong>En los medios catalanes no descartan que Messi \u00abse tome su tiempo para decidir su futuro\u00bb <\/strong>incluso hasta despu\u00e9s de la Copa Am\u00e9rica que se jugar\u00e1 entre el 11 de junio y el 10 de julio pr\u00f3ximos.<\/p>\n<p>\u00abSi su prioridad es el proyecto deportivo ser\u00e1 muy importante para Messi saber a qui\u00e9n contrata el club y quien se va. Y todo lo que espera Leo no pasar\u00e1 en una semana. Por lo pronto, <strong>la dirigencia se ha movido para atraer a Sergio \u00abKun\u00bb Ag\u00fcero, amigo de Messi<\/strong>, a\u00f1adi\u00f3 el peri\u00f3dico catal\u00e1n. <\/p>\n","protected":false},"excerpt":{"rendered":"<p>Messi se tomar\u00e1 su tiempo antes de decidir su futuro. Lionel Messi decidir\u00e1 sobre su continuidad en el Barcelona despu\u00e9s de la Copa Am\u00e9rica en la que participar\u00e1 con el seleccionado argentino, seg\u00fan especulan en el club catal\u00e1n. El crack rosarino quedar\u00e1 con el pase en su poder el pr\u00f3ximo 30 de junio y por [&hellip;]<\/p>\n","protected":false},"author":1,"featured_media":4663,"comment_status":"closed","ping_status":"closed","sticky":false,"template":"","format":"standard","meta":[],"categories":[10],"tags":[],"_links":{"self":[{"href":"http:\/\/nuevacordoba.net\/index.php\/wp-json\/wp\/v2\/posts\/4662"}],"collection":[{"href":"http:\/\/nuevacordoba.net\/index.php\/wp-json\/wp\/v2\/posts"}],"about":[{"href":"http:\/\/nuevacordoba.net\/index.php\/wp-json\/wp\/v2\/types\/post"}],"author":[{"embeddable":true,"href":"http:\/\/nuevacordoba.net\/index.php\/wp-json\/wp\/v2\/users\/1"}],"replies":[{"embeddable":true,"href":"http:\/\/nuevacordoba.net\/index.php\/wp-json\/wp\/v2\/comments?post=4662"}],"version-history":[{"count":0,"href":"http:\/\/nuevacordoba.net\/index.php\/wp-json\/wp\/v2\/posts\/4662\/revisions"}],"wp:featuredmedia":[{"embeddable":true,"href":"http:\/\/nuevacordoba.net\/index.php\/wp-json\/wp\/v2\/media\/4663"}],"wp:attachment":[{"href":"http:\/\/nuevacordoba.net\/index.php\/wp-json\/wp\/v2\/media?parent=4662"}],"wp:term":[{"taxonomy":"category","embeddable":true,"href":"http:\/\/nuevacordoba.net\/index.php\/wp-json\/wp\/v2\/categories?post=4662"},{"taxonomy":"post_tag","embeddable":true,"href":"http:\/\/nuevacordoba.net\/index.php\/wp-json\/wp\/v2\/tags?post=4662"}],"curies":[{"name":"wp","href":"https:\/\/api.w.org\/{rel}","templated":true}]}}