{"id":4668,"date":"2021-05-19T16:05:00","date_gmt":"2021-05-19T16:05:00","guid":{"rendered":"https:\/\/www.espinof.com\/proyectos\/batman-tendra-nueva-serie-animacion-bruce-timm-hbo-max-avalada-j-j-abrams-matt-reeves"},"modified":"2021-05-19T16:05:00","modified_gmt":"2021-05-19T16:05:00","slug":"batman-tendra-una-nueva-serie-de-animacion-de-bruce-timm-en-hbo-max-avalada-por-j-j-abrams-y-matt-reeves","status":"publish","type":"post","link":"http:\/\/nuevacordoba.net\/index.php\/2021\/05\/19\/batman-tendra-una-nueva-serie-de-animacion-de-bruce-timm-en-hbo-max-avalada-por-j-j-abrams-y-matt-reeves\/","title":{"rendered":"&#8216;Batman&#8217; tendr\u00e1 una nueva serie de animaci\u00f3n de Bruce Timm en HBO Max avalada por J.J. Abrams y Matt Reeves"},"content":{"rendered":"<p>HBO Max y Cartoon Network han anunciado que &#8216;<a href=\"https:\/\/www.espinof.com\/tag\/batman\">Batman: Caped Crusader<\/a>&#8216;, una nueva serie animada que reinventa la mitolog\u00eda de Batman, ha recibido luz verde para una primera temporada que <strong>cuenta con la producci\u00f3n ejecutiva de J.J. Abrams, Matt Reeves y Bruce Timm<\/strong>, este \u00faltimo el responsable de desarrollar &#8216;Batman: la serie animada&#8217;.La primera imagen de &#8216;Caped Crusader&#8217; es ciertamente una reminiscencia de aquella, que muestra a un Batman inquietante que se cierne sobre Gotham City. <\/p>\n<p><!-- BREAK 1 --><!--more--> <\/p>\n<p><strong>\u00bfVuelta al mejor de todos los Batman?<\/strong><\/p>\n<p><strong>Tom Ascheim<\/strong>, presidente de Warner Bros. Global Kids, Young Adults and Classics, <a href=\"https:\/\/collider.com\/new-batman-animated-series-caped-crusader-jj-abrams-bruce-timm-matt-reeves-hbo-max\/?utm_source=CL-FB-P&amp;utm_medium=Social-Distribution\">ha declarado<\/a> : <\/p>\n<p><!-- BREAK 2 --> <\/p>\n<blockquote readability=\"9\">\n<p>\u201cBatman: Caped Crusader entretendr\u00e1 tanto a los fans de neuvo cu\u00f1o como a los m\u00e1s ac\u00e9rrimos, con un equipo creativo tan impresionante en su lugar, sabemos que tenemos otro futuro cl\u00e1sico de Batman en ciernes\u00bb.<\/p>\n<\/blockquote>\n<div class=\"article-asset article-asset-normal article-asset-center\">\n<div class=\"desvio-container\">\n<div class=\"desvio\">\n<div class=\"desvio-figure js-desvio-figure\"> <a href=\"https:\/\/www.espinof.com\/proyectos\/olvidemos-al-caballero-oscuro-de-christian-bale-ben-affleck-es-el-mejor-batman\"> <img alt=\"Olvidemos al Caballero Oscuro de Christian Bale: Ben Affleck es el mejor Batman\" src=\"http:\/\/nuevacordoba.net\/wp-content\/uploads\/2021\/05\/batman-tendra-una-nueva-serie-de-animacion-de-bruce-timm-en-hbo-max-avalada-por-j-j-abrams-y-matt-reeves.jpg\"> <\/a> <\/div><\/div><\/div>\n<\/div>\n<p><strong>Abrams, Reeves y Timm<\/strong> tambi\u00e9n dijeron sobre la nueva serie: <\/p>\n<blockquote readability=\"11\">\n<p>\u201cEstamos m\u00e1s que emocionados de trabajar juntos para traer de vuelta a este personaje, para contar nuevas historias fascinantes en Gotham City. La serie ser\u00e1 emocionante, cinematogr\u00e1fica y evocadora de las ra\u00edces noir de Batman, mientras profundiza en la psicolog\u00eda de estos personajes ic\u00f3nicos. No podemos esperar a compartir este nuevo mundo\u00bb.<\/p>\n<\/blockquote>\n<div class=\"article-asset-image article-asset-normal\">\n<div class=\"asset-content\"> <img class=\"sf-lazy centro_sinmarco\" data-sf-srcset=\"http:\/\/nuevacordoba.net\/wp-content\/uploads\/2021\/05\/batman-tendra-una-nueva-serie-de-animacion-de-bruce-timm-en-hbo-max-avalada-por-j-j-abrams-y-matt-reeves-1.jpg 450w, http:\/\/nuevacordoba.net\/wp-content\/uploads\/2021\/05\/batman-tendra-una-nueva-serie-de-animacion-de-bruce-timm-en-hbo-max-avalada-por-j-j-abrams-y-matt-reeves-3.jpg 681w,http:\/\/nuevacordoba.net\/wp-content\/uploads\/2021\/05\/batman-tendra-una-nueva-serie-de-animacion-de-bruce-timm-en-hbo-max-avalada-por-j-j-abrams-y-matt-reeves-4.jpg 1024w, http:\/\/nuevacordoba.net\/wp-content\/uploads\/2021\/05\/batman-tendra-una-nueva-serie-de-animacion-de-bruce-timm-en-hbo-max-avalada-por-j-j-abrams-y-matt-reeves-5.jpg 1366w,\" data-sf-src=\"http:\/\/nuevacordoba.net\/wp-content\/uploads\/2021\/05\/batman-tendra-una-nueva-serie-de-animacion-de-bruce-timm-en-hbo-max-avalada-por-j-j-abrams-y-matt-reeves-1.jpg\" alt=\"105212 Big\"> <noscript><img alt=\"105212 Big\" class=\"centro_sinmarco\" src=\"http:\/\/nuevacordoba.net\/wp-content\/uploads\/2021\/05\/batman-tendra-una-nueva-serie-de-animacion-de-bruce-timm-en-hbo-max-avalada-por-j-j-abrams-y-matt-reeves-1.jpg\"><\/noscript> <\/div>\n<\/div>\n<p><strong>&#8216;Batman: Caped Crusader<\/strong>&#8216; tambi\u00e9n ser\u00e1 producido por Warner Bros. Animation, Bad Robot Productions y 6th &amp; Idaho, quienes recientemente produjeron la serie de Netflix protagonizada por Hilary Swank &#8216;Away&#8217;, y &#8216;Tales from the Loop&#8217; de Amazon Prime Video. Parece que HBO Max y Cartoon Network conf\u00edan bastante en la nueva serie y devolver a Timm a Gotham es un movimiento de inter\u00e9s, mientras que <strong>Abrams, y especialmente Reeves, quien acaba de de rodar<\/strong> &#8216;<a href=\"https:\/\/www.espinof.com\/fecha-de-estreno\/the-batman-fecha-estreno-trailer-reparto-pelicula-protagonizada-robert-pattinson\">The Batman<\/a>&#8216; muestra que Warner Bros. no escatima en nombres. A\u00fan no tiene una fecha de estreno anunciada.<\/p>\n<p><!-- BREAK 3 --> <\/p>\n","protected":false},"excerpt":{"rendered":"<p>HBO Max y Cartoon Network han anunciado que &#8216;Batman: Caped Crusader&#8216;, una nueva serie animada que reinventa la mitolog\u00eda de Batman, ha recibido luz verde para una primera temporada que cuenta con la producci\u00f3n ejecutiva de J.J. Abrams, Matt Reeves y Bruce Timm, este \u00faltimo el responsable de desarrollar &#8216;Batman: la serie animada&#8217;.La primera imagen [&hellip;]<\/p>\n","protected":false},"author":1,"featured_media":4669,"comment_status":"closed","ping_status":"closed","sticky":false,"template":"","format":"standard","meta":[],"categories":[6],"tags":[],"_links":{"self":[{"href":"http:\/\/nuevacordoba.net\/index.php\/wp-json\/wp\/v2\/posts\/4668"}],"collection":[{"href":"http:\/\/nuevacordoba.net\/index.php\/wp-json\/wp\/v2\/posts"}],"about":[{"href":"http:\/\/nuevacordoba.net\/index.php\/wp-json\/wp\/v2\/types\/post"}],"author":[{"embeddable":true,"href":"http:\/\/nuevacordoba.net\/index.php\/wp-json\/wp\/v2\/users\/1"}],"replies":[{"embeddable":true,"href":"http:\/\/nuevacordoba.net\/index.php\/wp-json\/wp\/v2\/comments?post=4668"}],"version-history":[{"count":0,"href":"http:\/\/nuevacordoba.net\/index.php\/wp-json\/wp\/v2\/posts\/4668\/revisions"}],"wp:featuredmedia":[{"embeddable":true,"href":"http:\/\/nuevacordoba.net\/index.php\/wp-json\/wp\/v2\/media\/4669"}],"wp:attachment":[{"href":"http:\/\/nuevacordoba.net\/index.php\/wp-json\/wp\/v2\/media?parent=4668"}],"wp:term":[{"taxonomy":"category","embeddable":true,"href":"http:\/\/nuevacordoba.net\/index.php\/wp-json\/wp\/v2\/categories?post=4668"},{"taxonomy":"post_tag","embeddable":true,"href":"http:\/\/nuevacordoba.net\/index.php\/wp-json\/wp\/v2\/tags?post=4668"}],"curies":[{"name":"wp","href":"https:\/\/api.w.org\/{rel}","templated":true}]}}