{"id":46829,"date":"2024-08-05T03:04:23","date_gmt":"2024-08-05T03:04:23","guid":{"rendered":"https:\/\/puntoapunto.com.ar\/?p=363579"},"modified":"2024-08-05T03:04:23","modified_gmt":"2024-08-05T03:04:23","slug":"carrera-al-2027-quien-es-el-hombre-clave-del-juecismo-para-recuperar-territorio-en-la-capital","status":"publish","type":"post","link":"http:\/\/nuevacordoba.net\/index.php\/2024\/08\/05\/carrera-al-2027-quien-es-el-hombre-clave-del-juecismo-para-recuperar-territorio-en-la-capital\/","title":{"rendered":"Carrera al 2027: qui\u00e9n es el hombre clave del juecismo para recuperar territorio en la Capital"},"content":{"rendered":"<div class=\"g g-36\">\n<div class=\"g-dyn a-29 c-1\"><a class=\"gofollow\" data-track=\"MjksMzYsMSw2MA==\" href=\"https:\/\/www.harmoniechateau.com.ar\/\" target=\"_blank\" rel=\"noopener\"><img src=\"http:\/\/nuevacordoba.net\/wp-content\/uploads\/2024\/08\/carrera-al-2027-quien-es-el-hombre-clave-del-juecismo-para-recuperar-territorio-en-la-capital.gif\" loading=\"lazy\"><\/a><\/div>\n<\/div>\n<p>&nbsp;\n<\/p>\n<p><strong>Por Ariel Bogdanov, especial para Perfil C\u00f3rdoba.<\/strong> \u00abHemos tomado nota, analizamos lo que pas\u00f3 en 2023 y desde all\u00ed partimos\u201d. Con esa frase, un \u00edntimo colaborador del senador Luis Juez coment\u00f3 de qu\u00e9 manera el Frente C\u00edvico comenz\u00f3 a alinear los trabajos que marcar\u00e1n lo que ser\u00e1 la cuarta candidatura del dirigente para la gobernaci\u00f3n de C\u00f3rdoba.\n<\/p>\n<p>El lugar de \u2018lanzamiento\u2019 del nuevo objetivo electoral fue el plenario que el Frente C\u00edvico organiz\u00f3 en el Hotel C\u00e9sar Carman, frente al Parque Sarmiento. All\u00ed se dieron cita los principales dirigentes del juecismo y hubo discursos de varios de los referentes.\n<\/p>\n<p>El orador principal fue Juez, quien hizo una fuerte arenga con foco en el sentido de pertenencia y si bien dej\u00f3 algunas frases que pusieron un manto de duda respecto a si ser\u00e1 \u00e9l o no el candidato, la duda no fue tal para los presentes.\n<\/p>\n<p>En el plenario hubo indicaciones claras y concisas sobre la manera de trabajar de cara al 2027. \u201cVamos a escuchar a los vecinos en los barrios. No podemos brindar soluciones porque no somos Estado, pero estaremos cerca. Estamos trabajando con varios merenderos a los cuales ayudamos y el reclamo que recibimos es la falta de atenci\u00f3n. Es gente que no tiene a qui\u00e9n recurrir y ah\u00ed vamos a estar\u201d, indic\u00f3 una fuente juecista.<\/p>\n<p>Desde el entorno del senador subrayan el hecho de que el fuerte del Frente C\u00edvico siempre fue la Capital, pero en el 2023 el respaldo no fue el que se palp\u00f3 en otras elecciones. \u201cPor distintas razones nuestra presencia no tuvo una contundencia importante en las listas y eso se not\u00f3\u201d, se\u00f1alaron y anticipan tiempos de rosca intensa con el correr de los meses.\n<\/p>\n<p><strong>Nervio motor.<\/strong>&nbsp;El concepto de \u201cnervio motor\u201d y de \u201cm\u00fasculo\u201d para referirse a la importancia de la Capital provincial para el Frente C\u00edvico fue un concepto reiterado por los dirigentes. As\u00ed lo mencion\u00f3 el propio Juez y varios de sus allegados.\n<\/p>\n<p>\u201cFue una buena decisi\u00f3n abrir las puertas a la nueva dirigencia para que se haga cargo de trabajar en un distrito que para nosotros es un m\u00fasculo clave de nuestro partido, como es la Capital\u201d, se\u00f1al\u00f3 Juez.\n<\/p>\n<p>\u201cHoy, en un a\u00f1o no electoral, estamos aqu\u00ed organiz\u00e1ndonos y reflexionando para encarar lo que se viene. Esta juventud que hoy toma la posta nos genera mucho orgullo porque es bueno saber que cuando vos mir\u00e1s el banco y les ped\u00eds que entren a la cancha, ellos lo hacen porque tienen la capacidad y las ganas para dejar todo. Tenemos el desaf\u00edo de continuar la historia y mejorarla\u201d, dijo el senador frente a sus seguidores.\n<\/p>\n<p><img decoding=\"async\" class=\"aligncenter wp-image-363581 size-large\" src=\"http:\/\/nuevacordoba.net\/wp-content\/uploads\/2024\/08\/carrera-al-2027-quien-es-el-hombre-clave-del-juecismo-para-recuperar-territorio-en-la-capital.jpg\" alt=\"Romero\" width=\"1024\" height=\"761\" srcset=\"http:\/\/nuevacordoba.net\/wp-content\/uploads\/2024\/08\/carrera-al-2027-quien-es-el-hombre-clave-del-juecismo-para-recuperar-territorio-en-la-capital.jpg 1024w, http:\/\/nuevacordoba.net\/wp-content\/uploads\/2024\/08\/carrera-al-2027-quien-es-el-hombre-clave-del-juecismo-para-recuperar-territorio-en-la-capital-2.jpg 300w, http:\/\/nuevacordoba.net\/wp-content\/uploads\/2024\/08\/carrera-al-2027-quien-es-el-hombre-clave-del-juecismo-para-recuperar-territorio-en-la-capital-3.jpg 768w, http:\/\/nuevacordoba.net\/wp-content\/uploads\/2024\/08\/carrera-al-2027-quien-es-el-hombre-clave-del-juecismo-para-recuperar-territorio-en-la-capital-4.jpg 750w, http:\/\/nuevacordoba.net\/wp-content\/uploads\/2024\/08\/carrera-al-2027-quien-es-el-hombre-clave-del-juecismo-para-recuperar-territorio-en-la-capital-5.jpg 1140w, http:\/\/nuevacordoba.net\/wp-content\/uploads\/2024\/08\/carrera-al-2027-quien-es-el-hombre-clave-del-juecismo-para-recuperar-territorio-en-la-capital-6.jpg 1200w\" sizes=\"(max-width: 1024px) 100vw, 1024px\" loading=\"lazy\">\n<\/p>\n<p><strong>El plan.<\/strong>&nbsp;El organigrama de trabajo del juecismo incluye abrir locales en cada una de las seccionales en que se brindar\u00e1 ayuda a los vecinos en aspectos sencillos, como tr\u00e1mites en Anses, solicitudes o gestiones online. El mismo tendr\u00e1 un fuerte \u00e9nfasis en los barrios m\u00e1s postergados de la ciudad.\n<\/p>\n<p>\u201cQueremos generar esa cercan\u00eda con el vecino, no estamos presionados por el calendario electoral y queremos llegar al 2027 con m\u00e1s dirigentes de los que tuvimos en el 2023. Tenemos que tener un local en cada una de las 14 seccionales antes de que termine el a\u00f1o. Adem\u00e1s, queremos participar activamente en las elecciones en los centros vecinales, vamos a estar atentos para saber cu\u00e1ndo son las fechas para que no nos agarren con la guardia baja\u201d, indicaron.\n<\/p>\n<p><strong>Hombre clave.<\/strong>&nbsp;La agenda de Juez es intensa y tiene epicentro en Buenos Aires, por eso sus visitas a la Capital no tendr\u00e1n la intensidad de los a\u00f1os electorales. La persona que estar\u00e1 coordinando el trabajo territorial en cada seccional y atento a lo que ocurra en torno a los centros vecinales, ser\u00e1 el actual concejal Jos\u00e9 Mar\u00eda Romero.\n<\/p>\n<p>Romero lleg\u00f3 al Concejo de manera un tanto fortuita, luego de que el dirigente de la UCR Cristian Chesarotti renunciara a su banca tras quedar vinculado a una causa de narcomenudeo, la cual atraves\u00f3 las elecciones municipales del a\u00f1o pasado. Ante esta renuncia, la novena banca de Juntos por el Cambio de la lista de Rodrigo de Loredo qued\u00f3 para el Frente C\u00edvico y de esa manera desembarc\u00f3 Romero.\n<\/p>\n<p>En las \u00faltimas dos semanas, y a trav\u00e9s de las redes sociales, el concejal mostr\u00f3 que su trabajo ya arranc\u00f3: visit\u00f3 los barrios Jorge Newbery, Ej\u00e9rcito Argentino y se fotografi\u00f3 junto al cura Mariano Oberl\u00edn, todo en compa\u00f1\u00eda del tambi\u00e9n concejal Mart\u00edn Juez. El hijo de Luis es uno de los nombres que suenan entre los posibles candidatos opositores para disputar la intendencia en el 2027.\n<\/p>\n<p><strong>Dardo al radicalismo.<\/strong>&nbsp;En la reuni\u00f3n partidaria Juez dej\u00f3 una frase que no pas\u00f3 desapercibida. \u201cA nosotros no nos compran como pasa con otros\u201d. &nbsp;\u00bfFue un palo al radicalismo y a los dirigentes que decidieron sumarse a las filas del Partido Cordob\u00e9s impulsado por el gobernador Llaryora? Desde el juecismo le bajaron la espuma a la frase y aseguraron que \u201clas reuniones partidarias tienen ese aditamento, jugamos con el sentido de pertenencia\u201d.\n<\/p>\n<p>Sin embargo, enfatizaron que pensando en las elecciones de medio t\u00e9rmino en 2025, Juez sigue muy de cerca las internas en la UCR. \u201cLa presi\u00f3n no la tenemos nosotros, la tiene Rodrigo (De Loredo) que debe resolver su frente interno. Nosotros no renovamos bancas. Cuando todo esto pase seguramente nos sentaremos a conversar\u201d, se\u00f1alaron desde el entorno de Juez.\n<\/p>\n<div class=\"g g-38\">\n<div class=\"g-dyn a-12 c-1\"><a class=\"gofollow\" data-track=\"MTIsMzgsMSw2MA==\" href=\"https:\/\/form.jotform.com\/240784464263663\" target=\"_blank\" rel=\"noopener\"><img src=\"http:\/\/nuevacordoba.net\/wp-content\/uploads\/2024\/08\/carrera-al-2027-quien-es-el-hombre-clave-del-juecismo-para-recuperar-territorio-en-la-capital-1.jpg\" loading=\"lazy\"><\/a><\/div>\n<\/div>\n","protected":false},"excerpt":{"rendered":"<p>&nbsp; Por Ariel Bogdanov, especial para Perfil C\u00f3rdoba. \u00abHemos tomado nota, analizamos lo que pas\u00f3 en 2023 y desde all\u00ed partimos\u201d. Con esa frase, un \u00edntimo colaborador del senador Luis Juez coment\u00f3 de qu\u00e9 manera el Frente C\u00edvico comenz\u00f3 a alinear los trabajos que marcar\u00e1n lo que ser\u00e1 la cuarta candidatura del dirigente para la [&hellip;]<\/p>\n","protected":false},"author":1,"featured_media":46830,"comment_status":"open","ping_status":"closed","sticky":false,"template":"","format":"standard","meta":[],"categories":[12,14],"tags":[],"_links":{"self":[{"href":"http:\/\/nuevacordoba.net\/index.php\/wp-json\/wp\/v2\/posts\/46829"}],"collection":[{"href":"http:\/\/nuevacordoba.net\/index.php\/wp-json\/wp\/v2\/posts"}],"about":[{"href":"http:\/\/nuevacordoba.net\/index.php\/wp-json\/wp\/v2\/types\/post"}],"author":[{"embeddable":true,"href":"http:\/\/nuevacordoba.net\/index.php\/wp-json\/wp\/v2\/users\/1"}],"replies":[{"embeddable":true,"href":"http:\/\/nuevacordoba.net\/index.php\/wp-json\/wp\/v2\/comments?post=46829"}],"version-history":[{"count":0,"href":"http:\/\/nuevacordoba.net\/index.php\/wp-json\/wp\/v2\/posts\/46829\/revisions"}],"wp:featuredmedia":[{"embeddable":true,"href":"http:\/\/nuevacordoba.net\/index.php\/wp-json\/wp\/v2\/media\/46830"}],"wp:attachment":[{"href":"http:\/\/nuevacordoba.net\/index.php\/wp-json\/wp\/v2\/media?parent=46829"}],"wp:term":[{"taxonomy":"category","embeddable":true,"href":"http:\/\/nuevacordoba.net\/index.php\/wp-json\/wp\/v2\/categories?post=46829"},{"taxonomy":"post_tag","embeddable":true,"href":"http:\/\/nuevacordoba.net\/index.php\/wp-json\/wp\/v2\/tags?post=46829"}],"curies":[{"name":"wp","href":"https:\/\/api.w.org\/{rel}","templated":true}]}}