{"id":46881,"date":"2024-08-05T16:45:35","date_gmt":"2024-08-05T16:45:35","guid":{"rendered":"http:\/\/cordobanewsnet.wordpress.com\/?p=11104"},"modified":"2024-08-05T16:45:35","modified_gmt":"2024-08-05T16:45:35","slug":"segun-el-centro-de-almaceneros-de-cordoba-la-inflacion-de-julio-fue-de-38","status":"publish","type":"post","link":"http:\/\/nuevacordoba.net\/index.php\/2024\/08\/05\/segun-el-centro-de-almaceneros-de-cordoba-la-inflacion-de-julio-fue-de-38\/","title":{"rendered":"Seg\u00fan el Centro de Almaceneros de C\u00f3rdoba, la inflaci\u00f3n de julio fue de 3,8%"},"content":{"rendered":"<p>Ser\u00eda la m\u00e1s baja desde enero de 2022, cuando se situ\u00f3 en 3,7%.<\/p>\n<p>El Centro de Almaceneros de C\u00f3rdoba present\u00f3 su informe econ\u00f3mico y social de julio, destacando una inflaci\u00f3n del 3,8%, la m\u00e1s baja desde enero de 2022, cuando se registr\u00f3 un 3,7%. En lo que va de 2024, la inflaci\u00f3n acumulada se sit\u00faa en 95,8%, mientras que la interanual alcanza un alarmante 309%.<\/p>\n<p>Seg\u00fan el informe, la canasta b\u00e1sica total, que delimita la l\u00ednea de pobreza para una familia tipo de cuatro integrantes, se ubic\u00f3 en 1,088,688 pesos en julio. En cuanto a la canasta alimentaria, que marca la l\u00ednea de indigencia, se estableci\u00f3 en 604,240 pesos.<\/p>\n<p>El titular del Centro Germ\u00e1n Romero, indic\u00f3 que \u00abla proyecci\u00f3n de inflaci\u00f3n para todo el 2024 ha bajado de 160% a 140%\u00bb. En relaci\u00f3n a la situaci\u00f3n alimentaria, un 10,5% de las familias encuestadas manifestaron que \u00abalguno de sus integrantes comi\u00f3 solo una vez al d\u00eda o dej\u00f3 de comer todo un d\u00eda\u00bb. Adem\u00e1s, el 48% de los hogares inform\u00f3 que \u00abdej\u00f3 de desayunar, almorzar, merendar o cenar\u00bb.<\/p>\n<p>El informe tambi\u00e9n destaca el uso de ahorros para afrontar gastos, con un 57% de los argentinos recurrido a esta pr\u00e1ctica. Seg\u00fan Romero, \u00abcasi el 58% de las familias no alcanza los alimentos b\u00e1sicos y plantean que son indigentes\u00bb.<\/p>\n<p>Sobre el financiamiento de las compras, el uso de tarjetas de cr\u00e9dito ha disminuido debido a altos niveles de endeudamiento, lo que ha llevado a un aumento en el uso del fiado, que hoy es \u00abla primera herramienta que se utiliza en los comercios de proximidad\u00bb.<\/p>\n<figure class=\"wp-block-image size-large\"><img loading=\"lazy\" data-attachment-id=\"11105\" data-permalink=\"https:\/\/cordobanewsnet.wordpress.com\/2024\/08\/05\/segun-el-centro-de-almaceneros-de-cordoba-la-inflacion-de-julio-fue-de-38\/image-347\/\" data-orig-file=\"https:\/\/cordobanewsnet.wordpress.com\/wp-content\/uploads\/2024\/08\/image-33.png\" data-orig-size=\"929,523\" data-comments-opened=\"1\" data-image-meta=\"{&quot;aperture&quot;:&quot;0&quot;,&quot;credit&quot;:&quot;&quot;,&quot;camera&quot;:&quot;&quot;,&quot;caption&quot;:&quot;&quot;,&quot;created_timestamp&quot;:&quot;0&quot;,&quot;copyright&quot;:&quot;&quot;,&quot;focal_length&quot;:&quot;0&quot;,&quot;iso&quot;:&quot;0&quot;,&quot;shutter_speed&quot;:&quot;0&quot;,&quot;title&quot;:&quot;&quot;,&quot;orientation&quot;:&quot;0&quot;}\" data-image-title=\"image\" data-image-description data-image-caption data-medium-file=\"https:\/\/cordobanewsnet.wordpress.com\/wp-content\/uploads\/2024\/08\/image-33.png?w=300\" data-large-file=\"https:\/\/cordobanewsnet.wordpress.com\/wp-content\/uploads\/2024\/08\/image-33.png?w=736\" tabindex=\"0\" role=\"button\" width=\"929\" height=\"523\" src=\"http:\/\/nuevacordoba.net\/wp-content\/uploads\/2024\/08\/segun-el-centro-de-almaceneros-de-cordoba-la-inflacion-de-julio-fue-de-38.png\" alt class=\"wp-image-11105\"><\/figure>\n<p>Fuente : Telefe C\u00f3rdoba Argentina<\/p>\n<p><span id=\"wordads-inline-marker\"><\/span> <\/p>\n<div id=\"jp-post-flair\" class=\"sharedaddy sd-like-enabled sd-sharing-enabled\">\n<div class=\"sharedaddy sd-sharing-enabled\">\n<div class=\"robots-nocontent sd-block sd-social sd-social-icon-text sd-sharing\">\n<h3 class=\"sd-title\">Comparte esto:<\/h3>\n<\/div>\n<\/div>\n<div class=\"sharedaddy sd-block sd-like jetpack-likes-widget-wrapper jetpack-likes-widget-unloaded\" id=\"like-post-wrapper-143108178-11104-66b187d1354c3\" data-src=\"\/\/widgets.wp.com\/likes\/index.html?ver=20240806#blog_id=143108178&amp;post_id=11104&amp;origin=cordobanewsnet.wordpress.com&amp;obj_id=143108178-11104-66b187d1354c3\" data-name=\"like-post-frame-143108178-11104-66b187d1354c3\" data-title=\"Me gusta o Compartir\">\n<p><span class=\"button\"><span>Me gusta<\/span><\/span> <span class=\"loading\">Cargando&#8230;<\/span><\/p>\n<p><span class=\"sd-text-color\"><\/span><\/div>\n<p><h3 class=\"jp-relatedposts-headline\"><em>Relacionado<\/em><\/h3>\n<\/p>\n<\/div>\n","protected":false},"excerpt":{"rendered":"<p>Ser\u00eda la m\u00e1s baja desde enero de 2022, cuando se situ\u00f3 en 3,7%. El Centro de Almaceneros de C\u00f3rdoba present\u00f3 su informe econ\u00f3mico y social de julio, destacando una inflaci\u00f3n del 3,8%, la m\u00e1s baja desde enero de 2022, cuando se registr\u00f3 un 3,7%. En lo que va de 2024, la inflaci\u00f3n acumulada se sit\u00faa [&hellip;]<\/p>\n","protected":false},"author":1,"featured_media":46882,"comment_status":"closed","ping_status":"closed","sticky":false,"template":"","format":"standard","meta":[],"categories":[14],"tags":[],"_links":{"self":[{"href":"http:\/\/nuevacordoba.net\/index.php\/wp-json\/wp\/v2\/posts\/46881"}],"collection":[{"href":"http:\/\/nuevacordoba.net\/index.php\/wp-json\/wp\/v2\/posts"}],"about":[{"href":"http:\/\/nuevacordoba.net\/index.php\/wp-json\/wp\/v2\/types\/post"}],"author":[{"embeddable":true,"href":"http:\/\/nuevacordoba.net\/index.php\/wp-json\/wp\/v2\/users\/1"}],"replies":[{"embeddable":true,"href":"http:\/\/nuevacordoba.net\/index.php\/wp-json\/wp\/v2\/comments?post=46881"}],"version-history":[{"count":0,"href":"http:\/\/nuevacordoba.net\/index.php\/wp-json\/wp\/v2\/posts\/46881\/revisions"}],"wp:featuredmedia":[{"embeddable":true,"href":"http:\/\/nuevacordoba.net\/index.php\/wp-json\/wp\/v2\/media\/46882"}],"wp:attachment":[{"href":"http:\/\/nuevacordoba.net\/index.php\/wp-json\/wp\/v2\/media?parent=46881"}],"wp:term":[{"taxonomy":"category","embeddable":true,"href":"http:\/\/nuevacordoba.net\/index.php\/wp-json\/wp\/v2\/categories?post=46881"},{"taxonomy":"post_tag","embeddable":true,"href":"http:\/\/nuevacordoba.net\/index.php\/wp-json\/wp\/v2\/tags?post=46881"}],"curies":[{"name":"wp","href":"https:\/\/api.w.org\/{rel}","templated":true}]}}