{"id":47048,"date":"2024-08-08T12:42:10","date_gmt":"2024-08-08T12:42:10","guid":{"rendered":"https:\/\/www.ole.com.ar\/autos\/agustin-canapino-salida-indycar-juncos-holliger-racing-comunicado_0_87H8YiM1hW.html"},"modified":"2024-08-08T12:42:10","modified_gmt":"2024-08-08T12:42:10","slug":"que-dijo-canapino-luego-de-su-salida-de-la-indycar","status":"publish","type":"post","link":"http:\/\/nuevacordoba.net\/index.php\/2024\/08\/08\/que-dijo-canapino-luego-de-su-salida-de-la-indycar\/","title":{"rendered":"Qu\u00e9 dijo Canapino luego de su salida de la IndyCar"},"content":{"rendered":"<p><time class=\"createDate\" datetime=\"2024-08-08T09:42:10-03:00\">08\/08\/2024 09:42hs.<\/time><time class=\"modificatedDate\" datetime=\"2024-08-08T09:55:51-03:00\"> Actualizado al 08\/08\/2024 09:55hs.<\/time><\/p>\n<div id=\"storyBody\">\n<div class=\"custom-text \" readability=\"31.162878787879\">\n<p>A partir de ahora, los domingos no tendr\u00e1n el mismo aroma para los argentinos fan\u00e1ticos del automovilismo: <strong><a href=\"https:\/\/www.ole.com.ar\/autos\/agustin-canapino-correra-indycar-2024_0_zL885iVyY4.html\" target=\"_blank\" title=\"Agust\u00edn Canapino no seguir\u00e1 a bordo del auto #78 del Juncos Holliger Racing\" alt=\"Agust\u00edn Canapino no seguir\u00e1 a bordo del auto #78 del Juncos Holliger Racing\" rel=\"noopener\">Agust\u00edn Canapino no seguir\u00e1 a bordo del auto #78 del Juncos Holliger Racing<\/a><\/strong>, dado que cort\u00f3 su relaci\u00f3n laboral con el equipo que participa de la <strong>IndyCar<\/strong>. Luego de que se anunciara <strong><a href=\"https:\/\/www.ole.com.ar\/autos\/agustin-canapino-salida-indycar-juncos-estadisticas-mejores-resultados-conflicto_0_VvvyjyNnBS.html\" target=\"_blank\" title=\"su desvinculaci\u00f3n\" alt=\"su desvinculaci\u00f3n\" rel=\"noopener\">su desvinculaci\u00f3n<\/a><\/strong>, el Tit\u00e1n se tom\u00f3 unas horas para reflexionar y esta ma\u00f1ana subi\u00f3 un sentido comunicado en sus redes sociales para expresar en palabras lo que vivi\u00f3 en unas de las categor\u00edas m\u00e1s competitivas del mundo motor.<\/p>\n<\/div>\n<div class=\"custom-text \" readability=\"41\">\n<p>\u00abComo ya saben, no voy a continuar en Estados Unidos por lo que resta de la temporada. Fueron momento incre\u00edbles: haber realizado esta etapa en IndyCar y, en especial, correr dos veces las m\u00edticas 500 Millas de Indian\u00e1polis, es un gran honor y privilegio para m\u00ed. Desde esa primera prueba donde experiment\u00e9 en carne propia lo que era manejar este calibre de auto a terminar clasificando mis dos \u00faltimas carreras en el top 10, <strong>fue un gigante desaf\u00edo de constante evoluci\u00f3n y estoy sumamente feliz por todo lo hecho<\/strong>\u00ab, asegur\u00f3 el arrecife\u00f1o de 34 a\u00f1os.<\/p>\n<\/div>\n<div class=\"sc-e7b891c4-0 jPbnQF\"><img alt=\"Canapino deja la IndyCar. (@juncoshollinger)\" src=\"http:\/\/nuevacordoba.net\/wp-content\/uploads\/2024\/08\/que-dijo-canapino-luego-de-su-salida-de-la-indycar.jpg\" width=\"720\" height=\"100\" decoding=\"async\" data-nimg=\"future\" loading=\"lazy\"><span class=\"epigraphe\">Canapino deja la IndyCar. (@juncoshollinger)<\/span><\/div>\n<div class=\"custom-text \" readability=\"39\">\n<p>A falta de cinco fechas para el cierre de la temporada, el Juncos Holliger Racing decidi\u00f3 cortar de mutuo acuerdo el contrato del argentino tetracampe\u00f3n del TC. Falta de resultados deportivos en su segundo a\u00f1o en IndyCar, el cortocircuito en pista con el franc\u00e9s Theo Pourchaire y todo el problema en el que deriv\u00f3 (finalizaci\u00f3n de la alianza con Arrow McLaren, insultos de fan\u00e1ticos albicelestes en redes sociales al excampe\u00f3n de F\u00f3rmula 2) y la poca cantidad de sponsors privados (en 2024 se qued\u00f3 sin el apoyo de Visit Argentina, la publicidad que le entregaba el Gobierno a trav\u00e9s del Ministerio de Turismo) causaron un coctel que opac\u00f3 el progreso de Canapino y que oblig\u00f3 a la sociedad due\u00f1a de la escuder\u00eda yanqui a resolver de esta manera.<\/p>\n<\/div>\n<div class=\"custom-text \" readability=\"42\">\n<p>Yendo a los n\u00fameros, <strong>el #78 de Juncos culmin\u00f3 su primer campeonato en el puesto 21 de la tabla de posiciones<\/strong>, con un total de 180 unidades, lo que le permiti\u00f3 asegurar el mill\u00f3n de d\u00f3lares que se le otorgaba a los integrantes del Leader&#8217;s Circle (los 22 mejores autos). Su mejor resultado se hab\u00eda dado en la 10\u00aa fecha, por el Gran Premio de Toronto, donde culmin\u00f3 12\u00b0. En l\u00edneas generales, Canapino redonde\u00f3 un primer a\u00f1o aprobado, siendo<strong> el segundo mejor rookie de la categor\u00eda<\/strong> y asegur\u00e1ndose competir un a\u00f1o m\u00e1s.<\/p>\n<\/div>\n<div class=\"sc-e7b891c4-0 jPbnQF\"><img alt=\"Agust\u00edn Canapino en su \u00faltima carrera en Toronto. (Prensa IndyCar \/ Joe Skibinski)\" src=\"http:\/\/nuevacordoba.net\/wp-content\/uploads\/2024\/08\/que-dijo-canapino-luego-de-su-salida-de-la-indycar-1.jpg\" width=\"720\" height=\"100\" decoding=\"async\" data-nimg=\"future\" loading=\"lazy\"><span class=\"epigraphe\">Agust\u00edn Canapino en su \u00faltima carrera en Toronto. (Prensa IndyCar \/ Joe Skibinski)<\/span><\/div>\n<div class=\"custom-text \" readability=\"40\">\n<p>No obstante, el 2024 le depar\u00f3 una experiencia distinta. En total, el argentino compiti\u00f3 en 11 de las 12 jornadas hasta la fecha, consiguiendo <strong>un 12\u00b0 puesto en el callejero de Detroit como su mejor ubicaci\u00f3n<\/strong> (igualando lo conseguido en Toronto 2023). Agust\u00edn finaliza su etapa en el 23\u00b0 lugar en la tabla, con 109 puntos y dos qualies acabadas dentro del top 10. La historia marcar\u00e1 que la \u00faltima presentaci\u00f3n del Tit\u00e1n en la categor\u00eda estadounidense se dio el 21 de julio en el callejero de la ciudad canadiense, cuando debi\u00f3 abandonar tras un roce con Scott Dixon apenas en el quinto giro de la prueba.<\/p>\n<\/div>\n<p><h2><strong>El comunicado completo de Agust\u00edn Canapino<\/strong><\/h2>\n<\/p>\n<div class=\"custom-text \" readability=\"40\">\n<p>Como ya saben, no voy a continuar en Estados Unidos por lo que resta de la temporada. Fueron momento incre\u00edbles: haber realizado esta etapa en IndyCar y, en especial, correr dos veces las m\u00edticas 500 Millas de Indian\u00e1polis, es un gran honor y privilegio para m\u00ed. Desde esa primera prueba donde experiment\u00e9 en carne propia lo que era manejar este calibre de auto a terminar clasificando mis dos \u00faltimas carreras en el top 10, fue un gigante desaf\u00edo de constante evoluci\u00f3n y estoy sumamente feliz por todo lo hecho.<\/p>\n<\/div>\n<div class=\"sc-e7b891c4-0 jPbnQF\"><img alt=\"Canapino no correr\u00e1 las \u00faltimas cinco fechas de la IndyCar. (@juncoshollinger)\" src=\"http:\/\/nuevacordoba.net\/wp-content\/uploads\/2024\/08\/que-dijo-canapino-luego-de-su-salida-de-la-indycar-2.jpg\" width=\"720\" height=\"100\" decoding=\"async\" data-nimg=\"future\" loading=\"lazy\"><span class=\"epigraphe\">Canapino no correr\u00e1 las \u00faltimas cinco fechas de la IndyCar. (@juncoshollinger)<\/span><\/div>\n<div class=\"custom-text \" readability=\"36\">\n<p>Gracias IndyCar por haberme recibido y tratarme tan bien como siempre lo hicieron. Tambi\u00e9n un agradecimiento a Ricardo Juncos y Brad Hollinger por la oportunidad, y a cada integrante del equipo por permitirme aprender de este nuevo mundo que adem\u00e1s me pone muy orgulloso la evoluci\u00f3n que hemos tenido juntos. Les deseo lo mejor para lo que viene.<\/p>\n<\/div>\n<div class=\"custom-text \" readability=\"37\">\n<p>Di mi 100% cada d\u00eda, con errores y aciertos, pero siempre buscando el m\u00e1ximo a pesar de circunstancias que se atravesaron en el camino, de las cuales aprend\u00ed mucho. Me voy sabiendo que lo di todo y siempre hay una nueva oportunidad de volver a empezar.<\/p>\n<\/div>\n<div class=\"custom-text \" readability=\"35\">\n<p>Por \u00faltimo y muy importante para m\u00ed, gracias a los periodistas argentinos por la cobertura y el gran apoyo como tambi\u00e9n a todos los seguidores de nuestro amado automovilismo por alentarme cada momento. Cuando tenga mi futuro confirmado se los estar\u00e9 contando. \u00a1Nos vemos!<\/p>\n<\/div>\n<div class=\"sc-a7166897-0 exHLBh\" readability=\"7\">\n<section readability=\"4\"><picture><img alt=\"Canapino en IndyCar: sus n\u00fameros, mejores resultados y un conflicto que fue el principio del fin\" src=\"http:\/\/nuevacordoba.net\/wp-content\/uploads\/2024\/08\/que-dijo-canapino-luego-de-su-salida-de-la-indycar-3.jpg\" width=\"290\" height=\"290\" decoding=\"async\" data-nimg=\"future\" loading=\"lazy\"><\/picture>\n<p><span>Mir\u00e1 tambi\u00e9n<\/span><\/p>\n<hr>\n<h3>Canapino en IndyCar: sus n\u00fameros, mejores resultados y un conflicto que fue el principio del fin<\/h3>\n<\/p>\n<\/section>\n<\/div>\n<div class=\"sc-a7166897-0 exHLBh\" readability=\"6\">\n<section readability=\"2\"><picture><img alt=\"Bomba: Agust\u00edn Canapino deja la IndyCar\" src=\"http:\/\/nuevacordoba.net\/wp-content\/uploads\/2024\/08\/que-dijo-canapino-luego-de-su-salida-de-la-indycar-4.jpg\" width=\"290\" height=\"290\" decoding=\"async\" data-nimg=\"future\" loading=\"lazy\"><\/picture>\n<p><span>Mir\u00e1 tambi\u00e9n<\/span><\/p>\n<hr>\n<h3>Bomba: Agust\u00edn Canapino deja la IndyCar<\/h3>\n<\/p>\n<\/section>\n<\/div>\n<div class=\"sc-a7166897-0 exHLBh\" readability=\"6\">\n<section readability=\"2\"><picture><img alt=\"El piloto argentino que sue\u00f1a con sumarse a la IndyCar\" src=\"http:\/\/nuevacordoba.net\/wp-content\/uploads\/2024\/08\/que-dijo-canapino-luego-de-su-salida-de-la-indycar-5.jpg\" width=\"290\" height=\"290\" decoding=\"async\" data-nimg=\"future\" loading=\"lazy\"><\/picture>\n<p><span>Mir\u00e1 tambi\u00e9n<\/span><\/p>\n<hr>\n<h3>El piloto argentino que sue\u00f1a con sumarse a la IndyCar<\/h3>\n<\/p>\n<\/section>\n<\/div>\n<\/div>\n","protected":false},"excerpt":{"rendered":"<p>08\/08\/2024 09:42hs. Actualizado al 08\/08\/2024 09:55hs. A partir de ahora, los domingos no tendr\u00e1n el mismo aroma para los argentinos fan\u00e1ticos del automovilismo: Agust\u00edn Canapino no seguir\u00e1 a bordo del auto #78 del Juncos Holliger Racing, dado que cort\u00f3 su relaci\u00f3n laboral con el equipo que participa de la IndyCar. Luego de que se anunciara [&hellip;]<\/p>\n","protected":false},"author":1,"featured_media":47049,"comment_status":"closed","ping_status":"closed","sticky":false,"template":"","format":"standard","meta":[],"categories":[10],"tags":[],"_links":{"self":[{"href":"http:\/\/nuevacordoba.net\/index.php\/wp-json\/wp\/v2\/posts\/47048"}],"collection":[{"href":"http:\/\/nuevacordoba.net\/index.php\/wp-json\/wp\/v2\/posts"}],"about":[{"href":"http:\/\/nuevacordoba.net\/index.php\/wp-json\/wp\/v2\/types\/post"}],"author":[{"embeddable":true,"href":"http:\/\/nuevacordoba.net\/index.php\/wp-json\/wp\/v2\/users\/1"}],"replies":[{"embeddable":true,"href":"http:\/\/nuevacordoba.net\/index.php\/wp-json\/wp\/v2\/comments?post=47048"}],"version-history":[{"count":0,"href":"http:\/\/nuevacordoba.net\/index.php\/wp-json\/wp\/v2\/posts\/47048\/revisions"}],"wp:featuredmedia":[{"embeddable":true,"href":"http:\/\/nuevacordoba.net\/index.php\/wp-json\/wp\/v2\/media\/47049"}],"wp:attachment":[{"href":"http:\/\/nuevacordoba.net\/index.php\/wp-json\/wp\/v2\/media?parent=47048"}],"wp:term":[{"taxonomy":"category","embeddable":true,"href":"http:\/\/nuevacordoba.net\/index.php\/wp-json\/wp\/v2\/categories?post=47048"},{"taxonomy":"post_tag","embeddable":true,"href":"http:\/\/nuevacordoba.net\/index.php\/wp-json\/wp\/v2\/tags?post=47048"}],"curies":[{"name":"wp","href":"https:\/\/api.w.org\/{rel}","templated":true}]}}