{"id":47418,"date":"2024-08-18T22:59:40","date_gmt":"2024-08-18T22:59:40","guid":{"rendered":"https:\/\/www.bbc.com\/mundo\/articles\/cy765nlek4eo#1"},"modified":"2024-08-18T22:59:40","modified_gmt":"2024-08-18T22:59:40","slug":"las-imagenes-de-las-protestas-a-favor-de-la-oposicion-venezolana-en-el-mundo","status":"publish","type":"post","link":"http:\/\/nuevacordoba.net\/index.php\/2024\/08\/18\/las-imagenes-de-las-protestas-a-favor-de-la-oposicion-venezolana-en-el-mundo\/","title":{"rendered":"Las im\u00e1genes de las protestas a favor de la oposici\u00f3n venezolana en el mundo"},"content":{"rendered":"<figure class=\"bbc-1qn0xuy\">\n<div class=\"bbc-j1srjl\"><img loading=\"lazy\" src=\"http:\/\/nuevacordoba.net\/wp-content\/uploads\/2024\/08\/las-imagenes-de-las-protestas-a-favor-de-la-oposicion-venezolana-en-el-mundo.webp\" srcset=\"http:\/\/nuevacordoba.net\/wp-content\/uploads\/2024\/08\/las-imagenes-de-las-protestas-a-favor-de-la-oposicion-venezolana-en-el-mundo-12.webp 240w, http:\/\/nuevacordoba.net\/wp-content\/uploads\/2024\/08\/las-imagenes-de-las-protestas-a-favor-de-la-oposicion-venezolana-en-el-mundo-13.webp 320w, http:\/\/nuevacordoba.net\/wp-content\/uploads\/2024\/08\/las-imagenes-de-las-protestas-a-favor-de-la-oposicion-venezolana-en-el-mundo-14.webp 480w, http:\/\/nuevacordoba.net\/wp-content\/uploads\/2024\/08\/las-imagenes-de-las-protestas-a-favor-de-la-oposicion-venezolana-en-el-mundo-15.webp 624w, http:\/\/nuevacordoba.net\/wp-content\/uploads\/2024\/08\/las-imagenes-de-las-protestas-a-favor-de-la-oposicion-venezolana-en-el-mundo-16.webp 800w\" sizes=\"(min-width: 1008px) 760px, 100vw\" alt=\"Venezolanos\" width=\"1021\" height=\"574\" class=\"bbc-139onq\"><\/p>\n<p class=\"bbc-by8ykd\" role=\"text\"><span class=\"bbc-m04vo2\">Fuente de la imagen, <\/span><span lang=\"en-GB\">AFP<\/span><\/p>\n<\/div><figcaption dir=\"ltr\" class=\"bbc-1jsyunq e6i104o0\"><span role=\"text\"><span class=\"bbc-m04vo2\">Pie de foto, <\/span><span data-testid=\"caption-paragraph\">Una manifestante en la protesta convocada en la ciudad de Barcelona, Espa\u00f1a. <\/span><\/span><\/figcaption><\/figure>\n<section role=\"region\" aria-labelledby=\"article-byline\" class=\"bbc-1vjaf6b\"><strong id=\"article-byline\" aria-hidden=\"true\" class=\"bbc-m04vo2\">Informaci\u00f3n del art\u00edculo<\/strong><\/p>\n<ul role=\"list\" class=\"bbc-1rvtlej\">\n<li><span role=\"text\"><span class=\"bbc-m04vo2\">Autor, <\/span><span class=\"bbc-1ypcc2\">Redacci\u00f3n<\/span><\/span><\/li>\n<li><span role=\"text\"><span class=\"bbc-m04vo2\">T\u00edtulo del autor, <!-- --> <\/span><span class=\"bbc-1y5sx98\">BBC News Mundo<\/span><\/span><\/li>\n<li class=\"bbc-v8pmqw\">\n<p><time datetime=\"2024-08-17\" class=\"bbc-1dafq0j e1mklfmt0\">17 agosto 2024<\/time><\/p>\n<\/li>\n<\/ul>\n<\/section>\n<div dir=\"ltr\" class=\"bbc-19j92fr ebmt73l0\" readability=\"11\">\n<p dir=\"ltr\" class=\"bbc-hhl7in e17g058b0\"><b>Miles de personas salieron a protestar en Venezuela y decenas de ciudades en el mundo a favor de la oposici\u00f3n, que reclama la victoria del candidato Edmundo Gonz\u00e1lez, tras la proclamaci\u00f3n de Nicol\u00e1s Maduro como el ganador de los comicios del 28 de julio.<\/b><\/p>\n<\/div>\n<div dir=\"ltr\" class=\"bbc-19j92fr ebmt73l0\" readability=\"13\">\n<p dir=\"ltr\" class=\"bbc-hhl7in e17g058b0\">\u00abHoy tenemos m\u00e1s fuerza que nunca, no hay nada que est\u00e9 por encima de la voz del soberano y el soberano habl\u00f3\u00bb, dijo la dirigente opositora <b>Mar\u00eda Corina Machado<\/b> el s\u00e1bado, a bordo de un cami\u00f3n frente a miles de manifestantes en Caracas, seg\u00fan report\u00f3 la agencia de noticias Reuters.<\/p>\n<\/div>\n<div dir=\"ltr\" class=\"bbc-19j92fr ebmt73l0\" readability=\"15\">\n<p dir=\"ltr\" class=\"bbc-hhl7in e17g058b0\">Desde Australia, pasando por Europa, hasta Am\u00e9rica Latina y Estados Unidos, los venezolanos protestaron en m\u00e1s de 300 ciudades, para respaldar el llamado de la oposici\u00f3n a que el <b>Consejo Nacional Electoral (CNE)<\/b> muestre las actas de votaci\u00f3n que demostrar\u00edan el triunfo de Gonz\u00e1lez, inform\u00f3 la agencia AFP.<\/p>\n<\/div>\n<div dir=\"ltr\" class=\"bbc-19j92fr ebmt73l0\" readability=\"9\">\n<p dir=\"ltr\" class=\"bbc-hhl7in e17g058b0\">En paralelo, Maduro convoc\u00f3 a sus seguidores a salir a las calles para apoyar su proclamaci\u00f3n como presidente para un tercer mandato. <\/p>\n<\/div>\n<div dir=\"ltr\" class=\"bbc-19j92fr ebmt73l0\" readability=\"11\">\n<p dir=\"ltr\" class=\"bbc-hhl7in e17g058b0\">Al menos 23 personas fallecieron y 2.400 fueron detenidas en las manifestaciones contra el gobierno de Maduro, mientras cerca de una decena de pa\u00edses exige al CNE que muestre las actas electorales, como una salida a la crisis pol\u00edtica desatada despu\u00e9s de los comicios.<\/p>\n<\/div>\n<div dir=\"ltr\" class=\"bbc-19j92fr ebmt73l0\" readability=\"9\">\n<p dir=\"ltr\" class=\"bbc-hhl7in e17g058b0\">A continuaci\u00f3n, compartimos una galer\u00eda con im\u00e1genes de las protestas de los venezolanos en varias ciudades del mundo.<\/p>\n<\/div>\n<figure class=\"bbc-1qn0xuy\">\n<div class=\"bbc-j1srjl\"><img src=\"http:\/\/nuevacordoba.net\/wp-content\/uploads\/2024\/08\/las-imagenes-de-las-protestas-a-favor-de-la-oposicion-venezolana-en-el-mundo-1.webp\" srcset=\"http:\/\/nuevacordoba.net\/wp-content\/uploads\/2024\/08\/las-imagenes-de-las-protestas-a-favor-de-la-oposicion-venezolana-en-el-mundo-17.webp 240w, http:\/\/nuevacordoba.net\/wp-content\/uploads\/2024\/08\/las-imagenes-de-las-protestas-a-favor-de-la-oposicion-venezolana-en-el-mundo-18.webp 320w, http:\/\/nuevacordoba.net\/wp-content\/uploads\/2024\/08\/las-imagenes-de-las-protestas-a-favor-de-la-oposicion-venezolana-en-el-mundo-19.webp 480w, http:\/\/nuevacordoba.net\/wp-content\/uploads\/2024\/08\/las-imagenes-de-las-protestas-a-favor-de-la-oposicion-venezolana-en-el-mundo-20.webp 624w, http:\/\/nuevacordoba.net\/wp-content\/uploads\/2024\/08\/las-imagenes-de-las-protestas-a-favor-de-la-oposicion-venezolana-en-el-mundo-21.webp 800w\" sizes=\"(min-width: 1008px) 760px, 100vw\" alt=\"Venezolanos\" loading=\"lazy\" width=\"1024\" height=\"683\" class=\"bbc-139onq\"><\/p>\n<p class=\"bbc-by8ykd\" role=\"text\"><span class=\"bbc-m04vo2\">Fuente de la imagen, <\/span><span lang=\"en-GB\">AFP<\/span><\/p>\n<\/div><figcaption dir=\"ltr\" class=\"bbc-1jsyunq e6i104o0\"><span role=\"text\"><span class=\"bbc-m04vo2\">Pie de foto, <\/span><span data-testid=\"caption-paragraph\">La dirigente Mar\u00eda Corina Machado y el candidato opositor, Edmundo Gonz\u00e1lez, acudieron a la protesta convocada en Caracas a bordo de un cami\u00f3n. <\/span><\/span><\/figcaption><\/figure>\n<figure class=\"bbc-1qn0xuy\" readability=\"1.5\">\n<div class=\"bbc-j1srjl\" readability=\"8\"><img src=\"http:\/\/nuevacordoba.net\/wp-content\/uploads\/2024\/08\/las-imagenes-de-las-protestas-a-favor-de-la-oposicion-venezolana-en-el-mundo-2.webp\" srcset=\"http:\/\/nuevacordoba.net\/wp-content\/uploads\/2024\/08\/las-imagenes-de-las-protestas-a-favor-de-la-oposicion-venezolana-en-el-mundo-22.webp 240w, http:\/\/nuevacordoba.net\/wp-content\/uploads\/2024\/08\/las-imagenes-de-las-protestas-a-favor-de-la-oposicion-venezolana-en-el-mundo-23.webp 320w, http:\/\/nuevacordoba.net\/wp-content\/uploads\/2024\/08\/las-imagenes-de-las-protestas-a-favor-de-la-oposicion-venezolana-en-el-mundo-24.webp 480w, http:\/\/nuevacordoba.net\/wp-content\/uploads\/2024\/08\/las-imagenes-de-las-protestas-a-favor-de-la-oposicion-venezolana-en-el-mundo-25.webp 624w, http:\/\/nuevacordoba.net\/wp-content\/uploads\/2024\/08\/las-imagenes-de-las-protestas-a-favor-de-la-oposicion-venezolana-en-el-mundo-26.webp 800w\" sizes=\"(min-width: 1008px) 760px, 100vw\" alt=\"Venezolanos\" loading=\"lazy\" width=\"1024\" height=\"683\" class=\"bbc-139onq\"><\/p>\n<p class=\"bbc-by8ykd\" role=\"text\"><span class=\"bbc-m04vo2\">Fuente de la imagen, <\/span><span lang=\"en-GB\">Getty Images<\/span><\/p>\n<\/div><figcaption dir=\"ltr\" class=\"bbc-1jsyunq e6i104o0\"><span role=\"text\"><span class=\"bbc-m04vo2\">Pie de foto, <\/span><span data-testid=\"caption-paragraph\">El gobierno del presidente Nicol\u00e1s Maduro llam\u00f3 a sus seguidores a salir a las calles este s\u00e1bado en Caracas. <\/span><\/span><\/figcaption><\/figure>\n<figure class=\"bbc-1qn0xuy\" readability=\"1.5\">\n<div class=\"bbc-j1srjl\" readability=\"8\"><img src=\"http:\/\/nuevacordoba.net\/wp-content\/uploads\/2024\/08\/las-imagenes-de-las-protestas-a-favor-de-la-oposicion-venezolana-en-el-mundo-3.webp\" srcset=\"http:\/\/nuevacordoba.net\/wp-content\/uploads\/2024\/08\/las-imagenes-de-las-protestas-a-favor-de-la-oposicion-venezolana-en-el-mundo-27.webp 240w, http:\/\/nuevacordoba.net\/wp-content\/uploads\/2024\/08\/las-imagenes-de-las-protestas-a-favor-de-la-oposicion-venezolana-en-el-mundo-28.webp 320w, http:\/\/nuevacordoba.net\/wp-content\/uploads\/2024\/08\/las-imagenes-de-las-protestas-a-favor-de-la-oposicion-venezolana-en-el-mundo-29.webp 480w, http:\/\/nuevacordoba.net\/wp-content\/uploads\/2024\/08\/las-imagenes-de-las-protestas-a-favor-de-la-oposicion-venezolana-en-el-mundo-30.webp 624w, http:\/\/nuevacordoba.net\/wp-content\/uploads\/2024\/08\/las-imagenes-de-las-protestas-a-favor-de-la-oposicion-venezolana-en-el-mundo-31.webp 800w\" sizes=\"(min-width: 1008px) 760px, 100vw\" alt=\"Venezolanos en Medell\u00edn\" loading=\"lazy\" width=\"1024\" height=\"576\" class=\"bbc-139onq\"><\/p>\n<p class=\"bbc-by8ykd\" role=\"text\"><span class=\"bbc-m04vo2\">Fuente de la imagen, <\/span><span lang=\"en-GB\">Getty Images<\/span><\/p>\n<\/div><figcaption dir=\"ltr\" class=\"bbc-1jsyunq e6i104o0\"><span role=\"text\"><span class=\"bbc-m04vo2\">Pie de foto, <\/span><span data-testid=\"caption-paragraph\">Los venezolanos manifestaron en la ciudad de Medell\u00edn en Colombia, el pa\u00eds que alberga a la mayor cantidad de migrantes venezolanos en Am\u00e9rica Latina. <\/span><\/span><\/figcaption><\/figure>\n<figure class=\"bbc-1qn0xuy\">\n<div class=\"bbc-j1srjl\"><img src=\"http:\/\/nuevacordoba.net\/wp-content\/uploads\/2024\/08\/las-imagenes-de-las-protestas-a-favor-de-la-oposicion-venezolana-en-el-mundo-4.webp\" srcset=\"http:\/\/nuevacordoba.net\/wp-content\/uploads\/2024\/08\/las-imagenes-de-las-protestas-a-favor-de-la-oposicion-venezolana-en-el-mundo-32.webp 240w, http:\/\/nuevacordoba.net\/wp-content\/uploads\/2024\/08\/las-imagenes-de-las-protestas-a-favor-de-la-oposicion-venezolana-en-el-mundo-33.webp 320w, http:\/\/nuevacordoba.net\/wp-content\/uploads\/2024\/08\/las-imagenes-de-las-protestas-a-favor-de-la-oposicion-venezolana-en-el-mundo-34.webp 480w, http:\/\/nuevacordoba.net\/wp-content\/uploads\/2024\/08\/las-imagenes-de-las-protestas-a-favor-de-la-oposicion-venezolana-en-el-mundo-35.webp 624w, http:\/\/nuevacordoba.net\/wp-content\/uploads\/2024\/08\/las-imagenes-de-las-protestas-a-favor-de-la-oposicion-venezolana-en-el-mundo-36.webp 800w\" sizes=\"(min-width: 1008px) 760px, 100vw\" alt=\"Venezolanos \" loading=\"lazy\" width=\"1024\" height=\"683\" class=\"bbc-139onq\"><\/p>\n<p class=\"bbc-by8ykd\" role=\"text\"><span class=\"bbc-m04vo2\">Fuente de la imagen, <\/span><span lang=\"en-GB\">AFP<\/span><\/p>\n<\/div><figcaption dir=\"ltr\" class=\"bbc-1jsyunq e6i104o0\"><span role=\"text\"><span class=\"bbc-m04vo2\">Pie de foto, <\/span><span data-testid=\"caption-paragraph\">Los manifestantes venezolanos en Ciudad de M\u00e9xico se congregaron en el Monumento a la Revolucion.<\/span><\/span><\/figcaption><\/figure>\n<figure class=\"bbc-1qn0xuy\" readability=\"1.5\">\n<div class=\"bbc-j1srjl\" readability=\"8\"><img src=\"http:\/\/nuevacordoba.net\/wp-content\/uploads\/2024\/08\/las-imagenes-de-las-protestas-a-favor-de-la-oposicion-venezolana-en-el-mundo-5.webp\" srcset=\"http:\/\/nuevacordoba.net\/wp-content\/uploads\/2024\/08\/las-imagenes-de-las-protestas-a-favor-de-la-oposicion-venezolana-en-el-mundo-37.webp 240w, http:\/\/nuevacordoba.net\/wp-content\/uploads\/2024\/08\/las-imagenes-de-las-protestas-a-favor-de-la-oposicion-venezolana-en-el-mundo-38.webp 320w, http:\/\/nuevacordoba.net\/wp-content\/uploads\/2024\/08\/las-imagenes-de-las-protestas-a-favor-de-la-oposicion-venezolana-en-el-mundo-39.webp 480w, http:\/\/nuevacordoba.net\/wp-content\/uploads\/2024\/08\/las-imagenes-de-las-protestas-a-favor-de-la-oposicion-venezolana-en-el-mundo-40.webp 624w, http:\/\/nuevacordoba.net\/wp-content\/uploads\/2024\/08\/las-imagenes-de-las-protestas-a-favor-de-la-oposicion-venezolana-en-el-mundo-41.webp 800w\" sizes=\"(min-width: 1008px) 760px, 100vw\" alt=\"Venezolanos en Lisboa, Portugal. \" loading=\"lazy\" width=\"1017\" height=\"572\" class=\"bbc-139onq\"><\/p>\n<p class=\"bbc-by8ykd\" role=\"text\"><span class=\"bbc-m04vo2\">Fuente de la imagen, <\/span><span lang=\"en-GB\">Getty Images<\/span><\/p>\n<\/div><figcaption dir=\"ltr\" class=\"bbc-1jsyunq e6i104o0\"><span role=\"text\"><span class=\"bbc-m04vo2\">Pie de foto, <\/span><span data-testid=\"caption-paragraph\">Manifestantes de la oposici\u00f3n en Lisboa hicieron sentir su presencia. <\/span><\/span><\/figcaption><\/figure>\n<figure class=\"bbc-1qn0xuy\" readability=\"1.5\">\n<div class=\"bbc-j1srjl\" readability=\"8\"><img src=\"http:\/\/nuevacordoba.net\/wp-content\/uploads\/2024\/08\/las-imagenes-de-las-protestas-a-favor-de-la-oposicion-venezolana-en-el-mundo-6.webp\" srcset=\"http:\/\/nuevacordoba.net\/wp-content\/uploads\/2024\/08\/las-imagenes-de-las-protestas-a-favor-de-la-oposicion-venezolana-en-el-mundo-42.webp 240w, http:\/\/nuevacordoba.net\/wp-content\/uploads\/2024\/08\/las-imagenes-de-las-protestas-a-favor-de-la-oposicion-venezolana-en-el-mundo-43.webp 320w, http:\/\/nuevacordoba.net\/wp-content\/uploads\/2024\/08\/las-imagenes-de-las-protestas-a-favor-de-la-oposicion-venezolana-en-el-mundo-44.webp 480w, http:\/\/nuevacordoba.net\/wp-content\/uploads\/2024\/08\/las-imagenes-de-las-protestas-a-favor-de-la-oposicion-venezolana-en-el-mundo-45.webp 624w, http:\/\/nuevacordoba.net\/wp-content\/uploads\/2024\/08\/las-imagenes-de-las-protestas-a-favor-de-la-oposicion-venezolana-en-el-mundo-46.webp 800w\" sizes=\"(min-width: 1008px) 760px, 100vw\" alt=\"Venezolanos en Buenos Aires. \" loading=\"lazy\" width=\"1017\" height=\"571\" class=\"bbc-139onq\"><\/p>\n<p class=\"bbc-by8ykd\" role=\"text\"><span class=\"bbc-m04vo2\">Fuente de la imagen, <\/span><span lang=\"en-GB\">Getty Images<\/span><\/p>\n<\/div><figcaption dir=\"ltr\" class=\"bbc-1jsyunq e6i104o0\"><span role=\"text\"><span class=\"bbc-m04vo2\">Pie de foto, <\/span><span data-testid=\"caption-paragraph\">Un manifestante vestido del personaje de \u00abEl zorro\u00bb protesta en el centro de Buenos Aires. <\/span><\/span><\/figcaption><\/figure>\n<figure class=\"bbc-1qn0xuy\" readability=\"1.5\">\n<div class=\"bbc-j1srjl\" readability=\"8\"><img src=\"http:\/\/nuevacordoba.net\/wp-content\/uploads\/2024\/08\/las-imagenes-de-las-protestas-a-favor-de-la-oposicion-venezolana-en-el-mundo-7.webp\" srcset=\"http:\/\/nuevacordoba.net\/wp-content\/uploads\/2024\/08\/las-imagenes-de-las-protestas-a-favor-de-la-oposicion-venezolana-en-el-mundo-47.webp 240w, http:\/\/nuevacordoba.net\/wp-content\/uploads\/2024\/08\/las-imagenes-de-las-protestas-a-favor-de-la-oposicion-venezolana-en-el-mundo-48.webp 320w, http:\/\/nuevacordoba.net\/wp-content\/uploads\/2024\/08\/las-imagenes-de-las-protestas-a-favor-de-la-oposicion-venezolana-en-el-mundo-49.webp 480w, http:\/\/nuevacordoba.net\/wp-content\/uploads\/2024\/08\/las-imagenes-de-las-protestas-a-favor-de-la-oposicion-venezolana-en-el-mundo-50.webp 624w, http:\/\/nuevacordoba.net\/wp-content\/uploads\/2024\/08\/las-imagenes-de-las-protestas-a-favor-de-la-oposicion-venezolana-en-el-mundo-51.webp 800w\" sizes=\"(min-width: 1008px) 760px, 100vw\" alt=\"Venezolanos a favor de Maduro protestando en Caracas. \" loading=\"lazy\" width=\"1017\" height=\"572\" class=\"bbc-139onq\"><\/p>\n<p class=\"bbc-by8ykd\" role=\"text\"><span class=\"bbc-m04vo2\">Fuente de la imagen, <\/span><span lang=\"en-GB\">Getty Images<\/span><\/p>\n<\/div><figcaption dir=\"ltr\" class=\"bbc-1jsyunq e6i104o0\"><span role=\"text\"><span class=\"bbc-m04vo2\">Pie de foto, <\/span><span data-testid=\"caption-paragraph\">En Caracas, los simpatizantes de Maduro tambi\u00e9n salieron a manifestarse en las calles. <\/span><\/span><\/figcaption><\/figure>\n<figure class=\"bbc-1qn0xuy\" readability=\"1.5\">\n<div class=\"bbc-j1srjl\" readability=\"8\"><img src=\"http:\/\/nuevacordoba.net\/wp-content\/uploads\/2024\/08\/las-imagenes-de-las-protestas-a-favor-de-la-oposicion-venezolana-en-el-mundo-8.webp\" srcset=\"http:\/\/nuevacordoba.net\/wp-content\/uploads\/2024\/08\/las-imagenes-de-las-protestas-a-favor-de-la-oposicion-venezolana-en-el-mundo-52.webp 240w, http:\/\/nuevacordoba.net\/wp-content\/uploads\/2024\/08\/las-imagenes-de-las-protestas-a-favor-de-la-oposicion-venezolana-en-el-mundo-53.webp 320w, http:\/\/nuevacordoba.net\/wp-content\/uploads\/2024\/08\/las-imagenes-de-las-protestas-a-favor-de-la-oposicion-venezolana-en-el-mundo-54.webp 480w, http:\/\/nuevacordoba.net\/wp-content\/uploads\/2024\/08\/las-imagenes-de-las-protestas-a-favor-de-la-oposicion-venezolana-en-el-mundo-55.webp 624w, http:\/\/nuevacordoba.net\/wp-content\/uploads\/2024\/08\/las-imagenes-de-las-protestas-a-favor-de-la-oposicion-venezolana-en-el-mundo-56.webp 800w\" sizes=\"(min-width: 1008px) 760px, 100vw\" alt=\"Venezolanos\" loading=\"lazy\" width=\"1024\" height=\"683\" class=\"bbc-139onq\"><\/p>\n<p class=\"bbc-by8ykd\" role=\"text\"><span class=\"bbc-m04vo2\">Fuente de la imagen, <\/span><span lang=\"en-GB\">Getty Images<\/span><\/p>\n<\/div><figcaption dir=\"ltr\" class=\"bbc-1jsyunq e6i104o0\"><span role=\"text\"><span class=\"bbc-m04vo2\">Pie de foto, <\/span><span data-testid=\"caption-paragraph\">Los venezolanos que viven en Madrid protestaron en la Puerta del Sol. <\/span><\/span><\/figcaption><\/figure>\n<figure class=\"bbc-1qn0xuy\" readability=\"1.5\">\n<div class=\"bbc-j1srjl\" readability=\"8\"><img src=\"http:\/\/nuevacordoba.net\/wp-content\/uploads\/2024\/08\/las-imagenes-de-las-protestas-a-favor-de-la-oposicion-venezolana-en-el-mundo-9.webp\" srcset=\"http:\/\/nuevacordoba.net\/wp-content\/uploads\/2024\/08\/las-imagenes-de-las-protestas-a-favor-de-la-oposicion-venezolana-en-el-mundo-57.webp 240w, http:\/\/nuevacordoba.net\/wp-content\/uploads\/2024\/08\/las-imagenes-de-las-protestas-a-favor-de-la-oposicion-venezolana-en-el-mundo-58.webp 320w, http:\/\/nuevacordoba.net\/wp-content\/uploads\/2024\/08\/las-imagenes-de-las-protestas-a-favor-de-la-oposicion-venezolana-en-el-mundo-59.webp 480w, http:\/\/nuevacordoba.net\/wp-content\/uploads\/2024\/08\/las-imagenes-de-las-protestas-a-favor-de-la-oposicion-venezolana-en-el-mundo-60.webp 624w, http:\/\/nuevacordoba.net\/wp-content\/uploads\/2024\/08\/las-imagenes-de-las-protestas-a-favor-de-la-oposicion-venezolana-en-el-mundo-61.webp 800w\" sizes=\"(min-width: 1008px) 760px, 100vw\" alt=\"Venezolanos\" loading=\"lazy\" width=\"1024\" height=\"683\" class=\"bbc-139onq\"><\/p>\n<p class=\"bbc-by8ykd\" role=\"text\"><span class=\"bbc-m04vo2\">Fuente de la imagen, <\/span><span lang=\"en-GB\">Getty Images<\/span><\/p>\n<\/div><figcaption dir=\"ltr\" class=\"bbc-1jsyunq e6i104o0\"><span role=\"text\"><span class=\"bbc-m04vo2\">Pie de foto, <\/span><span data-testid=\"caption-paragraph\">Los venezolanos se reunieron en la Place de l&#8217;Albertine en Bruselas, B\u00e9lgica. <\/span><\/span><\/figcaption><\/figure>\n<figure class=\"bbc-1qn0xuy\" readability=\"1.5\">\n<div class=\"bbc-j1srjl\" readability=\"8\"><img src=\"http:\/\/nuevacordoba.net\/wp-content\/uploads\/2024\/08\/las-imagenes-de-las-protestas-a-favor-de-la-oposicion-venezolana-en-el-mundo-10.webp\" srcset=\"http:\/\/nuevacordoba.net\/wp-content\/uploads\/2024\/08\/las-imagenes-de-las-protestas-a-favor-de-la-oposicion-venezolana-en-el-mundo-62.webp 240w, http:\/\/nuevacordoba.net\/wp-content\/uploads\/2024\/08\/las-imagenes-de-las-protestas-a-favor-de-la-oposicion-venezolana-en-el-mundo-63.webp 320w, http:\/\/nuevacordoba.net\/wp-content\/uploads\/2024\/08\/las-imagenes-de-las-protestas-a-favor-de-la-oposicion-venezolana-en-el-mundo-64.webp 480w, http:\/\/nuevacordoba.net\/wp-content\/uploads\/2024\/08\/las-imagenes-de-las-protestas-a-favor-de-la-oposicion-venezolana-en-el-mundo-65.webp 624w, http:\/\/nuevacordoba.net\/wp-content\/uploads\/2024\/08\/las-imagenes-de-las-protestas-a-favor-de-la-oposicion-venezolana-en-el-mundo-66.webp 800w\" sizes=\"(min-width: 1008px) 760px, 100vw\" alt=\"Venezolanos\" loading=\"lazy\" width=\"1024\" height=\"683\" class=\"bbc-139onq\"><\/p>\n<p class=\"bbc-by8ykd\" role=\"text\"><span class=\"bbc-m04vo2\">Fuente de la imagen, <\/span><span lang=\"en-GB\">Getty Images<\/span><\/p>\n<\/div><figcaption dir=\"ltr\" class=\"bbc-1jsyunq e6i104o0\"><span role=\"text\"><span class=\"bbc-m04vo2\">Pie de foto, <\/span><span data-testid=\"caption-paragraph\">Las primeras manifestaciones de la jornada ocurrieron en Melbourne y otras ciudades de Australia. <\/span><\/span><\/figcaption><\/figure>\n<figure class=\"bbc-1qn0xuy\">\n<div class=\"bbc-j1srjl\"><img src=\"http:\/\/nuevacordoba.net\/wp-content\/uploads\/2024\/08\/las-imagenes-de-las-protestas-a-favor-de-la-oposicion-venezolana-en-el-mundo-11.webp\" srcset=\"http:\/\/nuevacordoba.net\/wp-content\/uploads\/2024\/08\/las-imagenes-de-las-protestas-a-favor-de-la-oposicion-venezolana-en-el-mundo-67.webp 240w, http:\/\/nuevacordoba.net\/wp-content\/uploads\/2024\/08\/las-imagenes-de-las-protestas-a-favor-de-la-oposicion-venezolana-en-el-mundo-68.webp 320w, http:\/\/nuevacordoba.net\/wp-content\/uploads\/2024\/08\/las-imagenes-de-las-protestas-a-favor-de-la-oposicion-venezolana-en-el-mundo-69.webp 480w, http:\/\/nuevacordoba.net\/wp-content\/uploads\/2024\/08\/las-imagenes-de-las-protestas-a-favor-de-la-oposicion-venezolana-en-el-mundo-70.webp 624w, http:\/\/nuevacordoba.net\/wp-content\/uploads\/2024\/08\/las-imagenes-de-las-protestas-a-favor-de-la-oposicion-venezolana-en-el-mundo-71.webp 800w\" sizes=\"(min-width: 1008px) 760px, 100vw\" alt=\"L\u00ednea gris\" loading=\"lazy\" width=\"800\" height=\"100\" class=\"bbc-139onq\"><\/div>\n<\/figure>\n<div dir=\"ltr\" class=\"bbc-19j92fr ebmt73l0\" readability=\"8\">\n<p dir=\"ltr\" class=\"bbc-hhl7in e17g058b0\"><i class=\"bbc-h1y5j7 eih42320\">Y recuerda que puedes recibir notificaciones en nuestra app. Descarga la \u00faltima versi\u00f3n y act\u00edvalas.<\/i><\/p>\n<\/div>\n","protected":false},"excerpt":{"rendered":"<p>Fuente de la imagen, AFP Pie de foto, Una manifestante en la protesta convocada en la ciudad de Barcelona, Espa\u00f1a. Informaci\u00f3n del art\u00edculo Autor, Redacci\u00f3n T\u00edtulo del autor, BBC News Mundo 17 agosto 2024 Miles de personas salieron a protestar en Venezuela y decenas de ciudades en el mundo a favor de la oposici\u00f3n, que [&hellip;]<\/p>\n","protected":false},"author":1,"featured_media":0,"comment_status":"closed","ping_status":"closed","sticky":false,"template":"","format":"standard","meta":[],"categories":[13],"tags":[],"_links":{"self":[{"href":"http:\/\/nuevacordoba.net\/index.php\/wp-json\/wp\/v2\/posts\/47418"}],"collection":[{"href":"http:\/\/nuevacordoba.net\/index.php\/wp-json\/wp\/v2\/posts"}],"about":[{"href":"http:\/\/nuevacordoba.net\/index.php\/wp-json\/wp\/v2\/types\/post"}],"author":[{"embeddable":true,"href":"http:\/\/nuevacordoba.net\/index.php\/wp-json\/wp\/v2\/users\/1"}],"replies":[{"embeddable":true,"href":"http:\/\/nuevacordoba.net\/index.php\/wp-json\/wp\/v2\/comments?post=47418"}],"version-history":[{"count":0,"href":"http:\/\/nuevacordoba.net\/index.php\/wp-json\/wp\/v2\/posts\/47418\/revisions"}],"wp:attachment":[{"href":"http:\/\/nuevacordoba.net\/index.php\/wp-json\/wp\/v2\/media?parent=47418"}],"wp:term":[{"taxonomy":"category","embeddable":true,"href":"http:\/\/nuevacordoba.net\/index.php\/wp-json\/wp\/v2\/categories?post=47418"},{"taxonomy":"post_tag","embeddable":true,"href":"http:\/\/nuevacordoba.net\/index.php\/wp-json\/wp\/v2\/tags?post=47418"}],"curies":[{"name":"wp","href":"https:\/\/api.w.org\/{rel}","templated":true}]}}