{"id":47421,"date":"2024-08-18T19:33:00","date_gmt":"2024-08-18T19:33:00","guid":{"rendered":"https:\/\/www.ole.com.ar\/autos\/tc-turismo-carretera-buenos-aires-incendio-fuego-auto-gaston-mazzacane_0_DMmkAptPXS.html"},"modified":"2024-08-18T19:33:00","modified_gmt":"2024-08-18T19:33:00","slug":"impactante-el-auto-de-mazzacane-se-prendio-fuego-en-el-tc-en-buenos-aires","status":"publish","type":"post","link":"http:\/\/nuevacordoba.net\/index.php\/2024\/08\/18\/impactante-el-auto-de-mazzacane-se-prendio-fuego-en-el-tc-en-buenos-aires\/","title":{"rendered":"Impactante: el auto de Mazzacane se prendi\u00f3 fuego en el TC en Buenos Aires"},"content":{"rendered":"<p><time class=\"createDate\" datetime=\"2024-08-18T16:33:00-03:00\">18\/08\/2024 16:33hs.<\/time><time class=\"modificatedDate\" datetime=\"2024-08-18T16:34:24-03:00\"> Actualizado al 18\/08\/2024 16:34hs.<\/time><\/p>\n<div id=\"storyBody\">\n<div class=\"custom-text \" readability=\"39\">\n<p>En las primera vuelta de la final del <strong>TC en Buenos Aires<\/strong>, donde se cerrar\u00e1 la etapa regular del campeonato y se le abrir\u00e1 paso a la Copa de Oro, se dio un suceso impactante: <strong>el auto de Gast\u00f3n Mazzacane se prendi\u00f3 fuego<\/strong> y el piloto, que luego reconoci\u00f3 que \u00abno ve\u00eda nada\u00bb, debi\u00f3 tirarlo en medio de la pista y bajarse a las apuradas.<\/p>\n<\/div>\n<div class=\"custom-text \" readability=\"37\">\n<p>Cuando la mira estaba puesta en la punta de la carrera, y en c\u00f3mo <strong>la Chevy de Agust\u00edn Canapino<\/strong> -haciendo su retorno al Turismo Carretera tras su salida de la IndyCar- se fajaba con los autos de nueva generaci\u00f3n, un Rayo que circulaba por la mitad de la tabla llam\u00f3 la atenci\u00f3n de todos: <strong>no s\u00f3lo se incendi\u00f3 su Chevrolet Camaro sino que se volvi\u00f3 una bola de fuego.<\/strong><\/p>\n<\/div>\n<div class=\"sc-e7b891c4-0 jPbnQF\"><img alt=\"El auto de Mazzacane totalmente prendido fuego. Los otros pilotos lo esquivaron con \u00e9xito. \" src=\"http:\/\/nuevacordoba.net\/wp-content\/uploads\/2024\/08\/impactante-el-auto-de-mazzacane-se-prendio-fuego-en-el-tc-en-buenos-aires.jpg\" width=\"720\" height=\"100\" decoding=\"async\" data-nimg=\"future\" loading=\"lazy\"><span class=\"epigraphe\">El auto de Mazzacane totalmente prendido fuego. Los otros pilotos lo esquivaron con \u00e9xito. <\/span><\/div>\n<div class=\"custom-text \" readability=\"40\">\n<p>Saliendo del Salotto, el Chivo empez\u00f3 a reducir su velocidad y el resto de los autos, a tratar de esquivarlo. Cuando todav\u00eda no hab\u00eda terminado de pasar todo el pelot\u00f3n, <strong>Mazzacane abri\u00f3 su puerta, se tir\u00f3 al piso y alcanz\u00f3 a meter un pique para salir de la zona.<\/strong> Finalmente, los bomberos lograron controlar las llamas. <\/p>\n<\/div>\n<div class=\"custom-text \" readability=\"43\">\n<p>\u00abSaliendo de la S del Ciervo y entrando al Salotto, se me apag\u00f3. Iba a entrar a boxes, pero el auto se empez\u00f3 a prender fuego, <strong>sent\u00ed una temperatura impresionante y no vi nada<\/strong>. Por eso no pod\u00eda salir de la pista. Ve\u00eda negro, no sab\u00eda adonde salir, y despu\u00e9s sal\u00ed rapid\u00edsimo. Fue tremenda la imagen desde adentro, los pilotos me pudieron esquivar porque lo ven\u00edan viendo&#8230; Fue un rescate r\u00e1pido, <strong>se quem\u00f3 toda la parte trasera del auto<\/strong>\u00ab, dijo luego el Rayo en di\u00e1logo con TV P\u00fablica.<\/p>\n<\/div>\n<p><h2><strong>(VIDEO) El momento en el que el auto de Mazzacane se prendi\u00f3 fuego<\/strong><\/h2>\n<\/p>\n<div type=\"embed\" class=\"sc-3f46f5ae-0 djVTgz\">\n<div class=\"sc-3f46f5ae-1 fTjZec videoText\" id=\"contentTitleembeddTFkUa1n\" type=\"embed\"><svg fill=\"#ffffff\"><symbol id=\"play\" viewBox=\"0 0 512 512\"><path d=\"M512 256C512 397.4 397.4 512 256 512C114.6 512 0 397.4 0 256C0 114.6 114.6 0 256 0C397.4 0 512 114.6 512 256zM176 168V344C176 352.7 180.7 360.7 188.3 364.9C195.8 369.2 205.1 369 212.5 364.5L356.5 276.5C363.6 272.1 368 264.4 368 256C368 247.6 363.6 239.9 356.5 235.5L212.5 147.5C205.1 142.1 195.8 142.8 188.3 147.1C180.7 151.3 176 159.3 176 168V168z\" \/><\/symbol><use xlink:href=\"#play\" \/><\/svg><\/p>\n<div class=\"right\">\n<p>Turismo Carretera<!-- --> &#8211;<!-- --> <span>&nbsp;<\/span><\/p>\n<h2 class=\"title-vid\">El accidente completo de Mazzacane: se le prendi\u00f3 fuego la parte trasera del auto<\/h2>\n<\/div>\n<\/div>\n<p><span class=\"back\" id=\"spanBackembeddTFkUa1n\"><\/span><\/div>\n<div class=\"sc-a7166897-0 exHLBh\" readability=\"6.5\">\n<section readability=\"3\"><picture><img alt=\"Iribarne explic\u00f3 por qu\u00e9 plote\u00f3 su Camaro de Boca: &quot;Es un auto de Primera, ja&quot;\" src=\"http:\/\/nuevacordoba.net\/wp-content\/uploads\/2024\/08\/impactante-el-auto-de-mazzacane-se-prendio-fuego-en-el-tc-en-buenos-aires-1.jpg\" width=\"290\" height=\"290\" decoding=\"async\" data-nimg=\"future\" loading=\"lazy\"><\/picture>\n<p><span>Mir\u00e1 tambi\u00e9n<\/span><\/p>\n<hr>\n<h3>Iribarne explic\u00f3 por qu\u00e9 plote\u00f3 su Camaro de Boca: \u00abEs un auto de Primera, ja\u00bb<\/h3>\n<\/p>\n<\/section>\n<\/div>\n<div class=\"sc-a7166897-0 exHLBh\" readability=\"6.5\">\n<section readability=\"3\"><picture><img alt=\"El Tubo Gini con Ol\u00e9: qu\u00e9 hizo con los 8 millones de Rafaela y su objetivo en el campeonato\" src=\"http:\/\/nuevacordoba.net\/wp-content\/uploads\/2024\/08\/impactante-el-auto-de-mazzacane-se-prendio-fuego-en-el-tc-en-buenos-aires-2.jpg\" width=\"290\" height=\"290\" decoding=\"async\" data-nimg=\"future\" loading=\"lazy\"><\/picture>\n<p><span>Mir\u00e1 tambi\u00e9n<\/span><\/p>\n<hr>\n<h3>El Tubo Gini con Ol\u00e9: qu\u00e9 hizo con los 8 millones de Rafaela y su objetivo en el campeonato<\/h3>\n<\/p>\n<\/section>\n<\/div>\n<div class=\"sc-a7166897-0 exHLBh\" readability=\"6\">\n<section readability=\"2\"><picture><img alt=\"Video: el TC aceler\u00f3 en las calles de Buenos Aires\" src=\"http:\/\/nuevacordoba.net\/wp-content\/uploads\/2024\/08\/impactante-el-auto-de-mazzacane-se-prendio-fuego-en-el-tc-en-buenos-aires-3.jpg\" width=\"290\" height=\"290\" decoding=\"async\" data-nimg=\"future\" loading=\"lazy\"><\/picture>\n<p><span>Mir\u00e1 tambi\u00e9n<\/span><\/p>\n<hr>\n<h3>Video: el TC aceler\u00f3 en las calles de Buenos Aires<\/h3>\n<\/p>\n<\/section>\n<\/div>\n<div class=\"sc-a7166897-0 exHLBh\" readability=\"6\">\n<section readability=\"2\"><picture><img alt=\"\u00bfCanapino puede so\u00f1ar con volver a la IndyCar?\" src=\"http:\/\/nuevacordoba.net\/wp-content\/uploads\/2024\/08\/impactante-el-auto-de-mazzacane-se-prendio-fuego-en-el-tc-en-buenos-aires-4.jpg\" width=\"290\" height=\"290\" decoding=\"async\" data-nimg=\"future\" loading=\"lazy\"><\/picture>\n<p><span>Mir\u00e1 tambi\u00e9n<\/span><\/p>\n<hr>\n<h3>\u00bfCanapino puede so\u00f1ar con volver a la IndyCar?<\/h3>\n<\/p>\n<\/section>\n<\/div>\n<\/div>\n","protected":false},"excerpt":{"rendered":"<p>18\/08\/2024 16:33hs. Actualizado al 18\/08\/2024 16:34hs. En las primera vuelta de la final del TC en Buenos Aires, donde se cerrar\u00e1 la etapa regular del campeonato y se le abrir\u00e1 paso a la Copa de Oro, se dio un suceso impactante: el auto de Gast\u00f3n Mazzacane se prendi\u00f3 fuego y el piloto, que luego reconoci\u00f3 [&hellip;]<\/p>\n","protected":false},"author":1,"featured_media":47422,"comment_status":"closed","ping_status":"closed","sticky":false,"template":"","format":"standard","meta":[],"categories":[10],"tags":[],"_links":{"self":[{"href":"http:\/\/nuevacordoba.net\/index.php\/wp-json\/wp\/v2\/posts\/47421"}],"collection":[{"href":"http:\/\/nuevacordoba.net\/index.php\/wp-json\/wp\/v2\/posts"}],"about":[{"href":"http:\/\/nuevacordoba.net\/index.php\/wp-json\/wp\/v2\/types\/post"}],"author":[{"embeddable":true,"href":"http:\/\/nuevacordoba.net\/index.php\/wp-json\/wp\/v2\/users\/1"}],"replies":[{"embeddable":true,"href":"http:\/\/nuevacordoba.net\/index.php\/wp-json\/wp\/v2\/comments?post=47421"}],"version-history":[{"count":0,"href":"http:\/\/nuevacordoba.net\/index.php\/wp-json\/wp\/v2\/posts\/47421\/revisions"}],"wp:featuredmedia":[{"embeddable":true,"href":"http:\/\/nuevacordoba.net\/index.php\/wp-json\/wp\/v2\/media\/47422"}],"wp:attachment":[{"href":"http:\/\/nuevacordoba.net\/index.php\/wp-json\/wp\/v2\/media?parent=47421"}],"wp:term":[{"taxonomy":"category","embeddable":true,"href":"http:\/\/nuevacordoba.net\/index.php\/wp-json\/wp\/v2\/categories?post=47421"},{"taxonomy":"post_tag","embeddable":true,"href":"http:\/\/nuevacordoba.net\/index.php\/wp-json\/wp\/v2\/tags?post=47421"}],"curies":[{"name":"wp","href":"https:\/\/api.w.org\/{rel}","templated":true}]}}