{"id":47425,"date":"2024-08-18T15:18:34","date_gmt":"2024-08-18T15:18:34","guid":{"rendered":"https:\/\/prensa.cba.gov.ar\/?p=600959"},"modified":"2024-08-18T15:18:34","modified_gmt":"2024-08-18T15:18:34","slug":"mas-aves-libres-21-ejemplares-silvestres-regresaron-a-la-naturaleza-en-la-calera","status":"publish","type":"post","link":"http:\/\/nuevacordoba.net\/index.php\/2024\/08\/18\/mas-aves-libres-21-ejemplares-silvestres-regresaron-a-la-naturaleza-en-la-calera\/","title":{"rendered":"M\u00e1s aves libres: 21 ejemplares silvestres regresaron a la naturaleza en La Calera"},"content":{"rendered":"<ul class=\" eplus-wrapper eplus-styles-uid-c3f3c0\">\n<li class=\" eplus-wrapper\"><strong>Se trata de ejemplares rescatados por la Polic\u00eda Ambiental en diferentes procedimientos de control.<\/strong><\/li>\n<li class=\" eplus-wrapper\"><strong>Las aves volvieron a su h\u00e1bitat luego de rehabilitarse en el Parque de la Biodiversidad.<\/strong><\/li>\n<\/ul>\n<p class=\" eplus-wrapper\">La <strong>Polic\u00eda Ambiental<\/strong> realiz\u00f3 una nueva liberaci\u00f3n de fauna silvestre en cercan\u00edas al Diquecito, en la Reserva de la Defensa en La Calera.<\/p>\n<p class=\" eplus-wrapper\">En esta oportunidad, 19 aves de menor porte y dos lechuzas de campanario recuperaron su libertad luego de atravesar un proceso de rehabilitaci\u00f3n en el centro de rescate del Parque de la Biodiversidad.&nbsp;<\/p>\n<p class=\" eplus-wrapper\">Estos ejemplares fueron rescatados en diferentes procedimientos de control de tenencia y transporte ilegal de fauna realizados por el organismo perteneciente al Ministerio de Ambiente y Econom\u00eda Circular.<\/p>\n<p class=\" eplus-wrapper\">La ministra de Ambiente y Econom\u00eda Circular, Victoria Flores, encabez\u00f3 la suelta de fauna silvestre y expres\u00f3 su compromiso para continuar trabajando en pos del cuidado del ambiente: <em>\u201cDesde el Ministerio conjuntamente con otros actores como lo son los centros de rescate y otras instituciones con las que el Gobierno de la Provincia tiene alianza, estamos trabajando fuertemente para cuidar la casa com\u00fan y que todos los animales silvestres recuperados puedan regresar a la naturaleza, lugar del que no deber\u00edan haber salido\u201d.<\/em><\/p>\n<figure class=\" wp-block-gallery has-nested-images columns-default is-cropped eplus-wrapper wp-block-gallery-1 is-layout-flex wp-block-gallery-is-layout-flex\">\n<figure class=\"wp-block-image size-large eplus-wrapper\"><img loading=\"lazy\" decoding=\"async\" width=\"990\" height=\"660\" data-id=\"600962\" src=\"http:\/\/nuevacordoba.net\/wp-content\/uploads\/2024\/08\/mas-aves-libres-21-ejemplares-silvestres-regresaron-a-la-naturaleza-en-la-calera.png\" alt class=\"wp-image-600962\" srcset=\"http:\/\/nuevacordoba.net\/wp-content\/uploads\/2024\/08\/mas-aves-libres-21-ejemplares-silvestres-regresaron-a-la-naturaleza-en-la-calera.png 990w, http:\/\/nuevacordoba.net\/wp-content\/uploads\/2024\/08\/mas-aves-libres-21-ejemplares-silvestres-regresaron-a-la-naturaleza-en-la-calera-3.png 300w, http:\/\/nuevacordoba.net\/wp-content\/uploads\/2024\/08\/mas-aves-libres-21-ejemplares-silvestres-regresaron-a-la-naturaleza-en-la-calera-4.png 768w\" sizes=\"(max-width: 990px) 100vw, 990px\"><\/figure>\n<\/figure>\n<p class=\" eplus-wrapper\">Las especies que se reinsertaron en su medio natural fueron: cabecita negra, cardenal com\u00fan, chingolo, lechuza del campanario, misto, pepitero de collar, reinamora y tordo m\u00fasico.<\/p>\n<p class=\" eplus-wrapper\">Este pulm\u00f3n verde de la zona, es un lugar estrat\u00e9gico ya que tiene un parche de bosque nativo en muy buen estado de conservaci\u00f3n propicio para que las aves puedan tener una segunda oportunidad para desarrollar su vida silvestre.<\/p>\n<p class=\" eplus-wrapper\">Tambi\u00e9n estuvieron presentes representantes del Ente Biocordoba; de la Direcci\u00f3n Regional Centro de Conservaci\u00f3n, de Parques Nacionales; del Comando de 2da Divisi\u00f3n del Ej\u00e9rcito Argentino \u201cEj\u00e9rcito del Norte\u201d y de Patrulla Ambiental, de la Polic\u00eda de la Provincia.<\/p>\n<p class=\" eplus-wrapper\"><em>\u201cCada ejemplar rescatado de la tenencia o transporte ilegal conlleva todo un trabajo de asistencia y rehabilitaci\u00f3n que realizan los centros de rescates para que puedan regresar a la naturaleza y a\u00fan as\u00ed,&nbsp; no todos pueden lograrlo. Por ello, siempre insistimos en recordar que la fauna silvestre no se puede tener como mascota, debe estar libre en su h\u00e1bitat\u201d,<\/em> explic\u00f3 Adri\u00e1n Rinaudo, secretario de Polic\u00eda Ambiental.<\/p>\n<figure class=\" wp-block-gallery has-nested-images columns-default is-cropped eplus-wrapper wp-block-gallery-2 is-layout-flex wp-block-gallery-is-layout-flex\">\n<figure class=\"wp-block-image size-large eplus-wrapper\"><img loading=\"lazy\" decoding=\"async\" width=\"990\" height=\"660\" data-id=\"600965\" src=\"http:\/\/nuevacordoba.net\/wp-content\/uploads\/2024\/08\/mas-aves-libres-21-ejemplares-silvestres-regresaron-a-la-naturaleza-en-la-calera-1.png\" alt class=\"wp-image-600965\" srcset=\"http:\/\/nuevacordoba.net\/wp-content\/uploads\/2024\/08\/mas-aves-libres-21-ejemplares-silvestres-regresaron-a-la-naturaleza-en-la-calera-1.png 990w, http:\/\/nuevacordoba.net\/wp-content\/uploads\/2024\/08\/mas-aves-libres-21-ejemplares-silvestres-regresaron-a-la-naturaleza-en-la-calera-5.png 300w, http:\/\/nuevacordoba.net\/wp-content\/uploads\/2024\/08\/mas-aves-libres-21-ejemplares-silvestres-regresaron-a-la-naturaleza-en-la-calera-6.png 768w\" sizes=\"(max-width: 990px) 100vw, 990px\"><\/figure>\n<figure class=\"wp-block-image size-large eplus-wrapper\"><img loading=\"lazy\" decoding=\"async\" width=\"990\" height=\"660\" data-id=\"600964\" src=\"http:\/\/nuevacordoba.net\/wp-content\/uploads\/2024\/08\/mas-aves-libres-21-ejemplares-silvestres-regresaron-a-la-naturaleza-en-la-calera-2.png\" alt class=\"wp-image-600964\" srcset=\"http:\/\/nuevacordoba.net\/wp-content\/uploads\/2024\/08\/mas-aves-libres-21-ejemplares-silvestres-regresaron-a-la-naturaleza-en-la-calera-2.png 990w, http:\/\/nuevacordoba.net\/wp-content\/uploads\/2024\/08\/mas-aves-libres-21-ejemplares-silvestres-regresaron-a-la-naturaleza-en-la-calera-7.png 300w, http:\/\/nuevacordoba.net\/wp-content\/uploads\/2024\/08\/mas-aves-libres-21-ejemplares-silvestres-regresaron-a-la-naturaleza-en-la-calera-8.png 768w\" sizes=\"(max-width: 990px) 100vw, 990px\"><\/figure>\n<\/figure>\n<p class=\" eplus-wrapper\">Por su parte, el director de la Regional Centro de Conservaci\u00f3n Parques Nacionales enfatiz\u00f3 en la importancia de conservar el lugar como pulm\u00f3n verde: <em>\u201cEste espacio es muy importante, es un \u00e1rea protegida creada en 2009 y un pulm\u00f3n verde de la ciudad de C\u00f3rdoba y las ciudades de alrededores\u201d.<\/em><\/p>\n<p class=\" eplus-wrapper\">Est\u00e1 actividad conjunta tiene como objetivo aportar a la recuperaci\u00f3n y enriquecimiento de las poblaciones de fauna silvestre que habita en los ambientes naturales de la provincia.<\/p>\n","protected":false},"excerpt":{"rendered":"<p>Se trata de ejemplares rescatados por la Polic\u00eda Ambiental en diferentes procedimientos de control. Las aves volvieron a su h\u00e1bitat luego de rehabilitarse en el Parque de la Biodiversidad. La Polic\u00eda Ambiental realiz\u00f3 una nueva liberaci\u00f3n de fauna silvestre en cercan\u00edas al Diquecito, en la Reserva de la Defensa en La Calera. En esta oportunidad, [&hellip;]<\/p>\n","protected":false},"author":1,"featured_media":47426,"comment_status":"closed","ping_status":"closed","sticky":false,"template":"","format":"standard","meta":[],"categories":[14],"tags":[],"_links":{"self":[{"href":"http:\/\/nuevacordoba.net\/index.php\/wp-json\/wp\/v2\/posts\/47425"}],"collection":[{"href":"http:\/\/nuevacordoba.net\/index.php\/wp-json\/wp\/v2\/posts"}],"about":[{"href":"http:\/\/nuevacordoba.net\/index.php\/wp-json\/wp\/v2\/types\/post"}],"author":[{"embeddable":true,"href":"http:\/\/nuevacordoba.net\/index.php\/wp-json\/wp\/v2\/users\/1"}],"replies":[{"embeddable":true,"href":"http:\/\/nuevacordoba.net\/index.php\/wp-json\/wp\/v2\/comments?post=47425"}],"version-history":[{"count":0,"href":"http:\/\/nuevacordoba.net\/index.php\/wp-json\/wp\/v2\/posts\/47425\/revisions"}],"wp:featuredmedia":[{"embeddable":true,"href":"http:\/\/nuevacordoba.net\/index.php\/wp-json\/wp\/v2\/media\/47426"}],"wp:attachment":[{"href":"http:\/\/nuevacordoba.net\/index.php\/wp-json\/wp\/v2\/media?parent=47425"}],"wp:term":[{"taxonomy":"category","embeddable":true,"href":"http:\/\/nuevacordoba.net\/index.php\/wp-json\/wp\/v2\/categories?post=47425"},{"taxonomy":"post_tag","embeddable":true,"href":"http:\/\/nuevacordoba.net\/index.php\/wp-json\/wp\/v2\/tags?post=47425"}],"curies":[{"name":"wp","href":"https:\/\/api.w.org\/{rel}","templated":true}]}}