{"id":47427,"date":"2024-08-18T19:50:31","date_gmt":"2024-08-18T19:50:31","guid":{"rendered":"http:\/\/cordobanewsnet.wordpress.com\/?p=11328"},"modified":"2024-08-18T19:50:31","modified_gmt":"2024-08-18T19:50:31","slug":"el-parque-de-la-biodiversidad-invita-a-celebrar-el-dia-de-las-infancias","status":"publish","type":"post","link":"http:\/\/nuevacordoba.net\/index.php\/2024\/08\/18\/el-parque-de-la-biodiversidad-invita-a-celebrar-el-dia-de-las-infancias\/","title":{"rendered":"El Parque de la Biodiversidad invita a celebrar el D\u00eda de las Infancias"},"content":{"rendered":"<p>Hoy, de 9 a 17 habr\u00e1 t\u00edteres, shows y carrera de postas jugando y aprendiendo sobre temas de fauna y flora aut\u00f3ctona<\/p>\n<p>La Municipalidad invita a participar a todos los ni\u00f1os, ni\u00f1as y sus familias a celebrar el D\u00eda de las Infancias en el Parque de la Biodiversidad. Ser\u00e1 hoy desde las 9 y hasta las 17 horas, con entrada libre y gratuita.<\/p>\n<p>Se realizar\u00e1n diversas actividades educativas, did\u00e1cticas y abiertas al p\u00fablico que promueven la educaci\u00f3n ambiental y el cuidado de nuestro planeta.<\/p>\n<p>La din\u00e1mica de la propuesta est\u00e1 planteada en dos actividades que se desarrollar\u00e1n paralelamente. En la primera de ellas, los gu\u00edas invitar\u00e1n particularmente a los ni\u00f1os a descifrar acertijos, descubrir animales y conocer m\u00e1s sobre el vasto mundo de la biodiversidad cordobesa.<\/p>\n<p>La segunda, consta de la confecci\u00f3n de antifaces de animales y t\u00edteres con materiales reciclados. Los ni\u00f1os que participen podr\u00e1n llevarse un juguete creado por ellos mismos.<\/p>\n<p>Durante los dos d\u00edas de celebraci\u00f3n, habr\u00e1 tambi\u00e9n confecci\u00f3n de t\u00edteres y animales, una actividad que se desarrollar\u00e1 en paralelo y que tendr\u00e1 lugar frente a la Explanada de Ansenuza.<\/p>\n<p>Est\u00e1 destinada a los m\u00e1s peque\u00f1os para que se puedan divertir aprendiendo sobre los animales que vieron mientras crean sus propios antifaces y t\u00edteres con materiales reciclados que&nbsp; podr\u00e1n pintarlos con t\u00e9mperas y llev\u00e1rselos de regalo a su&nbsp; casa.<\/p>\n<figure class=\"wp-block-image size-large\"><img loading=\"lazy\" data-attachment-id=\"11329\" data-permalink=\"https:\/\/cordobanewsnet.wordpress.com\/2024\/08\/18\/el-parque-de-la-biodiversidad-invita-a-celebrar-el-dia-de-las-infancias\/image-404\/\" data-orig-file=\"https:\/\/cordobanewsnet.wordpress.com\/wp-content\/uploads\/2024\/08\/image-90.png\" data-orig-size=\"800,400\" data-comments-opened=\"1\" data-image-meta=\"{&quot;aperture&quot;:&quot;0&quot;,&quot;credit&quot;:&quot;&quot;,&quot;camera&quot;:&quot;&quot;,&quot;caption&quot;:&quot;&quot;,&quot;created_timestamp&quot;:&quot;0&quot;,&quot;copyright&quot;:&quot;&quot;,&quot;focal_length&quot;:&quot;0&quot;,&quot;iso&quot;:&quot;0&quot;,&quot;shutter_speed&quot;:&quot;0&quot;,&quot;title&quot;:&quot;&quot;,&quot;orientation&quot;:&quot;0&quot;}\" data-image-title=\"image\" data-image-description data-image-caption data-medium-file=\"https:\/\/cordobanewsnet.wordpress.com\/wp-content\/uploads\/2024\/08\/image-90.png?w=300\" data-large-file=\"https:\/\/cordobanewsnet.wordpress.com\/wp-content\/uploads\/2024\/08\/image-90.png?w=736\" tabindex=\"0\" role=\"button\" width=\"800\" height=\"400\" src=\"http:\/\/nuevacordoba.net\/wp-content\/uploads\/2024\/08\/el-parque-de-la-biodiversidad-invita-a-celebrar-el-dia-de-las-infancias.png\" alt class=\"wp-image-11329\"><\/figure>\n<p>Fuente : Hoy D\u00eda C\u00f3rdoba Argentina<\/p>\n<p><span id=\"wordads-inline-marker\"><\/span> <\/p>\n<div id=\"jp-post-flair\" class=\"sharedaddy sd-like-enabled sd-sharing-enabled\">\n<div class=\"sharedaddy sd-sharing-enabled\">\n<div class=\"robots-nocontent sd-block sd-social sd-social-icon-text sd-sharing\">\n<h3 class=\"sd-title\">Comparte esto:<\/h3>\n<\/div>\n<\/div>\n<div class=\"sharedaddy sd-block sd-like jetpack-likes-widget-wrapper jetpack-likes-widget-unloaded\" id=\"like-post-wrapper-143108178-11328-66c2afe49802a\" data-src=\"\/\/widgets.wp.com\/likes\/index.html?ver=20240819#blog_id=143108178&amp;post_id=11328&amp;origin=cordobanewsnet.wordpress.com&amp;obj_id=143108178-11328-66c2afe49802a\" data-name=\"like-post-frame-143108178-11328-66c2afe49802a\" data-title=\"Me gusta o Compartir\">\n<p><span class=\"button\"><span>Me gusta<\/span><\/span> <span class=\"loading\">Cargando&#8230;<\/span><\/p>\n<p><span class=\"sd-text-color\"><\/span><\/div>\n<p><h3 class=\"jp-relatedposts-headline\"><em>Relacionado<\/em><\/h3>\n<\/p>\n<\/div>\n","protected":false},"excerpt":{"rendered":"<p>Hoy, de 9 a 17 habr\u00e1 t\u00edteres, shows y carrera de postas jugando y aprendiendo sobre temas de fauna y flora aut\u00f3ctona La Municipalidad invita a participar a todos los ni\u00f1os, ni\u00f1as y sus familias a celebrar el D\u00eda de las Infancias en el Parque de la Biodiversidad. Ser\u00e1 hoy desde las 9 y hasta [&hellip;]<\/p>\n","protected":false},"author":1,"featured_media":47428,"comment_status":"closed","ping_status":"closed","sticky":false,"template":"","format":"standard","meta":[],"categories":[14],"tags":[],"_links":{"self":[{"href":"http:\/\/nuevacordoba.net\/index.php\/wp-json\/wp\/v2\/posts\/47427"}],"collection":[{"href":"http:\/\/nuevacordoba.net\/index.php\/wp-json\/wp\/v2\/posts"}],"about":[{"href":"http:\/\/nuevacordoba.net\/index.php\/wp-json\/wp\/v2\/types\/post"}],"author":[{"embeddable":true,"href":"http:\/\/nuevacordoba.net\/index.php\/wp-json\/wp\/v2\/users\/1"}],"replies":[{"embeddable":true,"href":"http:\/\/nuevacordoba.net\/index.php\/wp-json\/wp\/v2\/comments?post=47427"}],"version-history":[{"count":0,"href":"http:\/\/nuevacordoba.net\/index.php\/wp-json\/wp\/v2\/posts\/47427\/revisions"}],"wp:featuredmedia":[{"embeddable":true,"href":"http:\/\/nuevacordoba.net\/index.php\/wp-json\/wp\/v2\/media\/47428"}],"wp:attachment":[{"href":"http:\/\/nuevacordoba.net\/index.php\/wp-json\/wp\/v2\/media?parent=47427"}],"wp:term":[{"taxonomy":"category","embeddable":true,"href":"http:\/\/nuevacordoba.net\/index.php\/wp-json\/wp\/v2\/categories?post=47427"},{"taxonomy":"post_tag","embeddable":true,"href":"http:\/\/nuevacordoba.net\/index.php\/wp-json\/wp\/v2\/tags?post=47427"}],"curies":[{"name":"wp","href":"https:\/\/api.w.org\/{rel}","templated":true}]}}