{"id":47431,"date":"2024-08-19T13:28:27","date_gmt":"2024-08-19T13:28:27","guid":{"rendered":"http:\/\/cordobanewsnet.wordpress.com\/?p=11341"},"modified":"2024-08-19T13:28:27","modified_gmt":"2024-08-19T13:28:27","slug":"cordoba-da-la-vuelta-olimpica-con-maligno","status":"publish","type":"post","link":"http:\/\/nuevacordoba.net\/index.php\/2024\/08\/19\/cordoba-da-la-vuelta-olimpica-con-maligno\/","title":{"rendered":"C\u00f3rdoba da la vuelta ol\u00edmpica con Maligno"},"content":{"rendered":"<p><!-- \/featured-media --> <\/p>\n<div class=\"post-content clear\" readability=\"42.063339731286\">\n<p>\ud83e\udd47\u00a1C\u00d3RDOBA DA LA VUELTA OL\u00cdMPICA CON MALIGNO!<\/p>\n<p>El pr\u00f3ximo s\u00e1bado 24\/08, ven\u00ed a pedalear con&nbsp;<a href=\"https:\/\/www.instagram.com\/malignobmx\/?hl=es-la\">@malignobmx<\/a>, desde el Parque de las Naciones hasta el Parque del Kempes.<\/p>\n<p>\ud83d\udeb2 Uniremos en familia los dos espacios donde el&nbsp;<a href=\"https:\/\/www.instagram.com\/explore\/tags\/maligno\/?hl=es-la\">#Maligno<\/a>&nbsp;desarroll\u00f3 su talento para ganar la medalla de oro en Par\u00eds.<\/p>\n<p>\ud83d\ude4c Disfrutemos de una jornada hist\u00f3rica con nuestro campe\u00f3n ol\u00edmpico: \u270d\ufe0f \u00a1inscribite en el link de la bio!<\/p>\n<figure class=\"wp-block-image size-large\"><img loading=\"lazy\" data-attachment-id=\"11343\" data-permalink=\"https:\/\/cordobanewsnet.wordpress.com\/2024\/08\/19\/cordoba-da-la-vuelta-olimpica-con-maligno\/image-407\/\" data-orig-file=\"https:\/\/cordobanewsnet.wordpress.com\/wp-content\/uploads\/2024\/08\/image-93.png\" data-orig-size=\"1080,1080\" data-comments-opened=\"1\" data-image-meta=\"{&quot;aperture&quot;:&quot;0&quot;,&quot;credit&quot;:&quot;&quot;,&quot;camera&quot;:&quot;&quot;,&quot;caption&quot;:&quot;&quot;,&quot;created_timestamp&quot;:&quot;0&quot;,&quot;copyright&quot;:&quot;&quot;,&quot;focal_length&quot;:&quot;0&quot;,&quot;iso&quot;:&quot;0&quot;,&quot;shutter_speed&quot;:&quot;0&quot;,&quot;title&quot;:&quot;&quot;,&quot;orientation&quot;:&quot;0&quot;}\" data-image-title=\"image\" data-image-description data-image-caption data-medium-file=\"https:\/\/cordobanewsnet.wordpress.com\/wp-content\/uploads\/2024\/08\/image-93.png?w=300\" data-large-file=\"https:\/\/cordobanewsnet.wordpress.com\/wp-content\/uploads\/2024\/08\/image-93.png?w=736\" tabindex=\"0\" role=\"button\" width=\"1024\" height=\"1024\" src=\"http:\/\/nuevacordoba.net\/wp-content\/uploads\/2024\/08\/cordoba-da-la-vuelta-olimpica-con-maligno.png\" alt class=\"wp-image-11343\"><\/figure>\n<p>Fuente : Municipalidad de C\u00f3rdoba Argentina<\/p>\n<p><span id=\"wordads-inline-marker\"><\/span> <\/p>\n<div id=\"jp-post-flair\" class=\"sharedaddy sd-like-enabled sd-sharing-enabled\">\n<div class=\"sharedaddy sd-sharing-enabled\">\n<div class=\"robots-nocontent sd-block sd-social sd-social-icon-text sd-sharing\">\n<h3 class=\"sd-title\">Comparte esto:<\/h3>\n<\/div>\n<\/div>\n<div class=\"sharedaddy sd-block sd-like jetpack-likes-widget-wrapper jetpack-likes-widget-unloaded\" id=\"like-post-wrapper-143108178-11341-66c3960486798\" data-src=\"\/\/widgets.wp.com\/likes\/index.html?ver=20240819#blog_id=143108178&amp;post_id=11341&amp;origin=cordobanewsnet.wordpress.com&amp;obj_id=143108178-11341-66c3960486798\" data-name=\"like-post-frame-143108178-11341-66c3960486798\" data-title=\"Me gusta o Compartir\">\n<p><span class=\"button\"><span>Me gusta<\/span><\/span> <span class=\"loading\">Cargando&#8230;<\/span><\/p>\n<p><span class=\"sd-text-color\"><\/span><\/div>\n<p><h3 class=\"jp-relatedposts-headline\"><em>Relacionado<\/em><\/h3>\n<\/p>\n<\/div><\/div>\n<p><!--\/.post-content--> <\/p>\n<footer class=\"post-meta-container clear\" readability=\"0.35078534031414\">\n<div class=\"entry-author author-avatar-show\" readability=\"13.114754098361\">\n<div class=\"author-avatar\"> <img alt src=\"http:\/\/nuevacordoba.net\/wp-content\/uploads\/2024\/08\/cordoba-da-la-vuelta-olimpica-con-maligno-1.png\" srcset=\"http:\/\/nuevacordoba.net\/wp-content\/uploads\/2024\/08\/cordoba-da-la-vuelta-olimpica-con-maligno-1.png 1x, http:\/\/nuevacordoba.net\/wp-content\/uploads\/2024\/08\/cordoba-da-la-vuelta-olimpica-con-maligno-2.png 1.5x, http:\/\/nuevacordoba.net\/wp-content\/uploads\/2024\/08\/cordoba-da-la-vuelta-olimpica-con-maligno-3.png 2x, http:\/\/nuevacordoba.net\/wp-content\/uploads\/2024\/08\/cordoba-da-la-vuelta-olimpica-con-maligno-4.png 3x, http:\/\/nuevacordoba.net\/wp-content\/uploads\/2024\/08\/cordoba-da-la-vuelta-olimpica-con-maligno-5.png 4x\" class=\"avatar avatar-90\" height=\"90\" width=\"90\" loading=\"lazy\" decoding=\"async\"> <\/div>\n<p><!-- .author-avatar --> <\/p>\n<p><h2 class=\"author-title\"> Publicado por <span class=\"author-name\">Redacci\u00f3n<\/span> <\/h2>\n<\/p>\n<p><!-- .author-heading --> <\/p>\n<p class=\"author-bio\"> <a class=\"author-link\" href=\"https:\/\/cordobanewsnet.wordpress.com\/author\/prettomatias\/\" rel=\"author\"> Ver todas las entradas de Redacci\u00f3n <\/a> <\/p>\n<p><!-- .author-bio --> <\/div>\n<p><!-- .entry-auhtor --> <\/footer>\n<p> <!-- \/post-meta-container --> <!-- #respond --> <\/p>\n","protected":false},"excerpt":{"rendered":"<p>\ud83e\udd47\u00a1C\u00d3RDOBA DA LA VUELTA OL\u00cdMPICA CON MALIGNO! El pr\u00f3ximo s\u00e1bado 24\/08, ven\u00ed a pedalear con&nbsp;@malignobmx, desde el Parque de las Naciones hasta el Parque del Kempes. \ud83d\udeb2 Uniremos en familia los dos espacios donde el&nbsp;#Maligno&nbsp;desarroll\u00f3 su talento para ganar la medalla de oro en Par\u00eds. \ud83d\ude4c Disfrutemos de una jornada hist\u00f3rica con nuestro campe\u00f3n ol\u00edmpico: [&hellip;]<\/p>\n","protected":false},"author":1,"featured_media":47432,"comment_status":"closed","ping_status":"closed","sticky":false,"template":"","format":"standard","meta":[],"categories":[14],"tags":[],"_links":{"self":[{"href":"http:\/\/nuevacordoba.net\/index.php\/wp-json\/wp\/v2\/posts\/47431"}],"collection":[{"href":"http:\/\/nuevacordoba.net\/index.php\/wp-json\/wp\/v2\/posts"}],"about":[{"href":"http:\/\/nuevacordoba.net\/index.php\/wp-json\/wp\/v2\/types\/post"}],"author":[{"embeddable":true,"href":"http:\/\/nuevacordoba.net\/index.php\/wp-json\/wp\/v2\/users\/1"}],"replies":[{"embeddable":true,"href":"http:\/\/nuevacordoba.net\/index.php\/wp-json\/wp\/v2\/comments?post=47431"}],"version-history":[{"count":0,"href":"http:\/\/nuevacordoba.net\/index.php\/wp-json\/wp\/v2\/posts\/47431\/revisions"}],"wp:featuredmedia":[{"embeddable":true,"href":"http:\/\/nuevacordoba.net\/index.php\/wp-json\/wp\/v2\/media\/47432"}],"wp:attachment":[{"href":"http:\/\/nuevacordoba.net\/index.php\/wp-json\/wp\/v2\/media?parent=47431"}],"wp:term":[{"taxonomy":"category","embeddable":true,"href":"http:\/\/nuevacordoba.net\/index.php\/wp-json\/wp\/v2\/categories?post=47431"},{"taxonomy":"post_tag","embeddable":true,"href":"http:\/\/nuevacordoba.net\/index.php\/wp-json\/wp\/v2\/tags?post=47431"}],"curies":[{"name":"wp","href":"https:\/\/api.w.org\/{rel}","templated":true}]}}