{"id":47433,"date":"2024-08-19T13:02:53","date_gmt":"2024-08-19T13:02:53","guid":{"rendered":"https:\/\/puntoapunto.com.ar\/?p=364114"},"modified":"2024-08-19T13:02:53","modified_gmt":"2024-08-19T13:02:53","slug":"cumbre-llaryora-caputo-nacion-le-reconoce-a-cordoba-el-reclamo-por-la-caja-pero-reitera-que-auditara-a-las-provincias","status":"publish","type":"post","link":"http:\/\/nuevacordoba.net\/index.php\/2024\/08\/19\/cumbre-llaryora-caputo-nacion-le-reconoce-a-cordoba-el-reclamo-por-la-caja-pero-reitera-que-auditara-a-las-provincias\/","title":{"rendered":"Cumbre Llaryora-Caputo: Naci\u00f3n le reconoce a C\u00f3rdoba el reclamo por la Caja pero reitera que auditar\u00e1 a las provincias"},"content":{"rendered":"<div class=\"g g-36\">\n<div class=\"g-dyn a-29 c-1\"><a class=\"gofollow\" data-track=\"MjksMzYsMSw2MA==\" href=\"https:\/\/www.harmoniechateau.com.ar\/\" target=\"_blank\" rel=\"noopener\"><img src=\"http:\/\/nuevacordoba.net\/wp-content\/uploads\/2024\/08\/cumbre-llaryora-caputo-nacion-le-reconoce-a-cordoba-el-reclamo-por-la-caja-pero-reitera-que-auditara-a-las-provincias.gif\" loading=\"lazy\"><\/a><\/div>\n<\/div>\n<p>&nbsp;\n<\/p>\n<p>El encuentro que mantuvieron Mart\u00edn Llaryora y Luis Caputo el viernes de la semana pasada dej\u00f3 con buenas sensaciones a ambas partes. Por el lado del gobierno de C\u00f3rdoba, reconocieron el gesto de \u201cToto\u201d de avisar que pasar\u00eda por el Panal antes de emprender el viaje de vuelta a Buenos Aires, por lo que el gobernador decidi\u00f3 no asistir al almuerzo de la Bolsa de Comercio donde disert\u00f3 Caputo.\n<\/p>\n<p>Del otro lado, la buena sinton\u00eda entre el ministro y Guillermo Acosta, ministro de Finanzas de la provincia, qued\u00f3 patente tanto en el almuerzo ante los empresarios como en la charla posterior en el Centro C\u00edvico, donde se abordaron diversos temas.\n<\/p>\n<p>Uno de ellos fue el reclamo que C\u00f3rdoba lleva adelante por la deuda que Naci\u00f3n mantiene con C\u00f3rdoba por la Caja de Jubilaciones. Y en este punto, desde la administraci\u00f3n Llaryora no disimularon el conformismo con el que terminaron la reuni\u00f3n el viernes por la tarde.<!-- \u00a1O bien no hay banners, estan desactivados o no estan programados para esta ubicaci\u00f3n! -->\n<\/p>\n<p>Es que all\u00ed, Caputo reconoci\u00f3 el reclamo por la deuda es leg\u00edtimo. \u201cOjo, que se entienda bien: no reconoce la deuda, s\u00ed el reclamo. Pero nosotros no tenemos nada que ocultar. De hecho, hemos sido muy prolijos a diferencia de otras provincias. El problema es que despu\u00e9s Naci\u00f3n mete a todos en la misma bolsa\u201d, confiaron las fuentes consultadas por Perfil C\u00f3rdoba.<\/p>\n<p>En la reuni\u00f3n qued\u00f3 claro que el reclamo no se saldar\u00e1 f\u00e1cilmente. Caputo sostuvo que la situaci\u00f3n de cada una de las 13 provincias que no fueron transferidas a Naci\u00f3n es muy dis\u00edmil, por lo que reiter\u00f3 la necesidad de realizar auditor\u00edas.\n<\/p>\n<p>Con todo, la buena sinton\u00eda ente las partes no impidi\u00f3 que Llaryora reiterara que podr\u00eda sumar otra presentaci\u00f3n ante la Corte Suprema de Justicia (hay una presentada en el mes de octubre del a\u00f1o pasado). La deuda acumulada es de unos $ 400.000 millones, seg\u00fan el gobierno cordob\u00e9s, que desde hace varias semanas viene insistiendo en el tema junto a los gobernadores de la Regi\u00f3n Centro, Rogelio Frigerio y Maximiliano Pullaro.\n<\/p>\n<p>La obra p\u00fablica fue otro \u00edtem abordado en el encuentro del viernes. C\u00f3rdoba ya firm\u00f3 el convenio de traspaso de las obras con la Naci\u00f3n, pero a\u00fan tienen que definirse algunos aspectos como la resoluci\u00f3n de la deuda que hay en los proyectos. \u201cSe habl\u00f3 de los avales que la Provincia necesita de Naci\u00f3n para tomar financiamiento internacional\u201d, sostuvieron las fuentes consultadas por este medio.\n<\/p>\n<div class=\"g g-38\">\n<div class=\"g-dyn a-12 c-1\"><a class=\"gofollow\" data-track=\"MTIsMzgsMSw2MA==\" href=\"https:\/\/form.jotform.com\/240784464263663\" target=\"_blank\" rel=\"noopener\"><img src=\"http:\/\/nuevacordoba.net\/wp-content\/uploads\/2024\/08\/cumbre-llaryora-caputo-nacion-le-reconoce-a-cordoba-el-reclamo-por-la-caja-pero-reitera-que-auditara-a-las-provincias.jpg\" loading=\"lazy\"><\/a><\/div>\n<\/div>\n","protected":false},"excerpt":{"rendered":"<p>&nbsp; El encuentro que mantuvieron Mart\u00edn Llaryora y Luis Caputo el viernes de la semana pasada dej\u00f3 con buenas sensaciones a ambas partes. Por el lado del gobierno de C\u00f3rdoba, reconocieron el gesto de \u201cToto\u201d de avisar que pasar\u00eda por el Panal antes de emprender el viaje de vuelta a Buenos Aires, por lo que [&hellip;]<\/p>\n","protected":false},"author":1,"featured_media":47434,"comment_status":"open","ping_status":"closed","sticky":false,"template":"","format":"standard","meta":[],"categories":[12,14],"tags":[],"_links":{"self":[{"href":"http:\/\/nuevacordoba.net\/index.php\/wp-json\/wp\/v2\/posts\/47433"}],"collection":[{"href":"http:\/\/nuevacordoba.net\/index.php\/wp-json\/wp\/v2\/posts"}],"about":[{"href":"http:\/\/nuevacordoba.net\/index.php\/wp-json\/wp\/v2\/types\/post"}],"author":[{"embeddable":true,"href":"http:\/\/nuevacordoba.net\/index.php\/wp-json\/wp\/v2\/users\/1"}],"replies":[{"embeddable":true,"href":"http:\/\/nuevacordoba.net\/index.php\/wp-json\/wp\/v2\/comments?post=47433"}],"version-history":[{"count":0,"href":"http:\/\/nuevacordoba.net\/index.php\/wp-json\/wp\/v2\/posts\/47433\/revisions"}],"wp:featuredmedia":[{"embeddable":true,"href":"http:\/\/nuevacordoba.net\/index.php\/wp-json\/wp\/v2\/media\/47434"}],"wp:attachment":[{"href":"http:\/\/nuevacordoba.net\/index.php\/wp-json\/wp\/v2\/media?parent=47433"}],"wp:term":[{"taxonomy":"category","embeddable":true,"href":"http:\/\/nuevacordoba.net\/index.php\/wp-json\/wp\/v2\/categories?post=47433"},{"taxonomy":"post_tag","embeddable":true,"href":"http:\/\/nuevacordoba.net\/index.php\/wp-json\/wp\/v2\/tags?post=47433"}],"curies":[{"name":"wp","href":"https:\/\/api.w.org\/{rel}","templated":true}]}}