{"id":47453,"date":"2024-08-19T20:04:23","date_gmt":"2024-08-19T20:04:23","guid":{"rendered":"https:\/\/www.ole.com.ar\/autos\/guillermo-ortelli-carlos-bianchi-tc-indycar-agustin-canapino_0_N5lVtgxCSg.html"},"modified":"2024-08-19T20:04:23","modified_gmt":"2024-08-19T20:04:23","slug":"ortelli-evoco-a-carlos-bianchi-para-hablar-de-canapino","status":"publish","type":"post","link":"http:\/\/nuevacordoba.net\/index.php\/2024\/08\/19\/ortelli-evoco-a-carlos-bianchi-para-hablar-de-canapino\/","title":{"rendered":"Ortelli evoc\u00f3 a Carlos Bianchi para hablar de Canapino"},"content":{"rendered":"<p><time class=\"createDate\" datetime=\"2024-08-19T17:04:23-03:00\">19\/08\/2024 17:04hs.<\/time><\/p>\n<div id=\"storyBody\">\n<div class=\"custom-text \" readability=\"38\">\n<p>El retorno de <strong>Agust\u00edn Canapino<\/strong> al TC tras su desvinculaci\u00f3n de la IndyCar fue uno de los t\u00f3picos m\u00e1s tratados en la visita de la categor\u00eda al G\u00e1lvez porte\u00f1o. <strong>Guillermo Ortelli<\/strong>, el \u00eddolo de Chevrolet que hizo su reaparici\u00f3n en el mismo equipo que el Tit\u00e1n (el Canning Motorsport), no le esquiv\u00f3 al tema y para abordarlo evoc\u00f3 a <strong>Carlos Bianchi, el hist\u00f3rico entrenador de f\u00fatbol.<\/strong><\/p>\n<\/div>\n<div class=\"sc-e7b891c4-0 jPbnQF\"><img alt=\"Ortelli regres\u00f3 al TC por la fecha en Buenos Aires. El Gur\u00ed Mart\u00ednez hizo lo propio. (Prensa ACTC)\" src=\"http:\/\/nuevacordoba.net\/wp-content\/uploads\/2024\/08\/ortelli-evoco-a-carlos-bianchi-para-hablar-de-canapino.jpg\" width=\"720\" height=\"100\" decoding=\"async\" data-nimg=\"future\" loading=\"lazy\"><span class=\"epigraphe\">Ortelli regres\u00f3 al TC por la fecha en Buenos Aires. El Gur\u00ed Mart\u00ednez hizo lo propio. (Prensa ACTC)<\/span><\/div>\n<div class=\"custom-text \" readability=\"37\">\n<p>\u00abLo llam\u00e9 cuando me enter\u00e9 de la noticia para saber c\u00f3mo estaba y lo encontr\u00e9 bien. No s\u00e9 los motivos por los que se rescindi\u00f3 el contrato, pero los problemas arrancaron cuando empez\u00f3 a molestar. <strong>Le pusieron un piloto de F\u00f3rmula 1 (Romain Grosjean) y andaba detr\u00e1s de Agust\u00edn<\/strong>\u00ab, comenz\u00f3 el heptacampe\u00f3n de TC en di\u00e1logo con ESPN.<\/p>\n<\/div>\n<div class=\"custom-text \" readability=\"40\">\n<p>En cuanto al futuro del Tit\u00e1n, el piloto de 51 a\u00f1os dijo que \u00abtiene que estar bien donde sea que elija estar,<strong> porque de nada servir\u00eda que corra en la Argentina con la cabeza en Estados Unidos o al rev\u00e9s<\/strong>\u00ab. Y en caso de que Canapino decida continuar en el TC, donde ya gan\u00f3 cuatro campeonatos (est\u00e1 a tres del Guille, el segundo m\u00e1ximo ganador), no ve extra\u00f1o que lo supere en cantidad de t\u00edtulos&#8230;<\/p>\n<\/div>\n<div class=\"custom-text \" readability=\"39\">\n<p><strong>\u00abTiene todo para hacerlo. Carlos Bianchi me dijo una vez que los records est\u00e1n para romperse\u00bb<\/strong>, dijo un Ortelli que es fan\u00e1tico de Boca, que ha sido reconocido en la Bombonera y que incluso lleg\u00f3 a competir en un auto totalmente xeneize: fue en el 2005, cuando los cinco grandes del f\u00fatbol argentino desembarcaron en el Top Race y <strong>\u00e9l luci\u00f3 los colores azul y oro en un Chevrolet Vectra (para hacerla completa, fue campe\u00f3n a fin de a\u00f1o).<\/strong><\/p>\n<\/div>\n<div class=\"sc-e7b891c4-0 jPbnQF\"><img alt=\"El Vectra bostero de Guillermo Ortelli en el Top Race, en 2005.\" src=\"http:\/\/nuevacordoba.net\/wp-content\/uploads\/2024\/08\/ortelli-evoco-a-carlos-bianchi-para-hablar-de-canapino-1.jpg\" width=\"720\" height=\"100\" decoding=\"async\" data-nimg=\"future\" loading=\"lazy\"><span class=\"epigraphe\">El Vectra bostero de Guillermo Ortelli en el Top Race, en 2005.<\/span><\/div>\n<p><h2><strong>Los rumores sobre un posible retorno de Canapino a la IndyCar<\/strong><\/h2>\n<\/p>\n<div class=\"custom-text \" readability=\"42\">\n<p>En la conferencia de prensa previa al TC en Buenos Aires,<strong> Norberto Fontana<\/strong>, arrecife\u00f1o y ex IndyCar como Canapino (compiti\u00f3 en el 2000, cuando la categor\u00eda era llamada CART), desliz\u00f3 un comentario sobre su futuro: \u00abHay una posibilidad, seg\u00fan me contaron, <strong>de un equipo nuevo que se est\u00e1 integrando a la IndyCar<\/strong>. Como lo han llamado a \u00e9l han llamado a otros pilotos, pero hasta ah\u00ed llegu\u00e9. El fin de semana le preguntamos. <strong>\u00bfPuedo decir cu\u00e1l es el equipo? Prema<\/strong>\u00ab.<\/p>\n<\/div>\n<div class=\"custom-text \" readability=\"38\">\n<p>Al ser consultado por Clar\u00edn, el Tit\u00e1n reconoci\u00f3 que \u00ab<strong>he tenido alg\u00fan contacto en este tiempo, pero ning\u00fan ofrecimiento oficial<\/strong>. Est\u00e1 la puerta abierta y obviamente que me gustar\u00eda aprovechar el desarrollo que tuve como piloto. Y si no se da, todo lo que aprend\u00ed me sirve para ac\u00e1 tambi\u00e9n\u00bb.<\/p>\n<\/div>\n<div class=\"sc-e7b891c4-0 jPbnQF\"><img alt=\"Canapino hizo su retorno al TC en el G\u00e1lvez. (Fernando de la Orden)\" src=\"http:\/\/nuevacordoba.net\/wp-content\/uploads\/2024\/08\/ortelli-evoco-a-carlos-bianchi-para-hablar-de-canapino-2.jpg\" width=\"720\" height=\"100\" decoding=\"async\" data-nimg=\"future\" loading=\"lazy\"><span class=\"epigraphe\">Canapino hizo su retorno al TC en el G\u00e1lvez. (Fernando de la Orden)<\/span><\/div>\n<div class=\"sc-a7166897-0 exHLBh\" readability=\"6\">\n<section readability=\"2\"><picture><img alt=\"Canapino: de su salida de la IndyCar al podio en el TC\" src=\"http:\/\/nuevacordoba.net\/wp-content\/uploads\/2024\/08\/ortelli-evoco-a-carlos-bianchi-para-hablar-de-canapino-3.jpg\" width=\"290\" height=\"290\" decoding=\"async\" data-nimg=\"future\" loading=\"lazy\"><\/picture>\n<p><span>Mir\u00e1 tambi\u00e9n<\/span><\/p>\n<hr>\n<h3>Canapino: de su salida de la IndyCar al podio en el TC<\/h3>\n<\/p>\n<\/section>\n<\/div>\n<div class=\"sc-a7166897-0 exHLBh\" readability=\"6\">\n<section readability=\"2\"><picture><img alt=\"Quiero vale cuatro: Trucco gan\u00f3 su primera carrera en el TC y lo hizo en el G\u00e1lvez\" src=\"http:\/\/nuevacordoba.net\/wp-content\/uploads\/2024\/08\/ortelli-evoco-a-carlos-bianchi-para-hablar-de-canapino-4.jpg\" width=\"290\" height=\"290\" decoding=\"async\" data-nimg=\"future\" loading=\"lazy\"><\/picture>\n<p><span>Mir\u00e1 tambi\u00e9n<\/span><\/p>\n<hr>\n<h3>Quiero vale cuatro: Trucco gan\u00f3 su primera carrera en el TC y lo hizo en el G\u00e1lvez<\/h3>\n<\/p>\n<\/section>\n<\/div>\n<div class=\"sc-a7166897-0 exHLBh\" readability=\"6\">\n<section readability=\"2\"><picture><img alt=\"Impactante: el auto de Mazzacane se prendi\u00f3 fuego en el TC en Buenos Aires\" src=\"http:\/\/nuevacordoba.net\/wp-content\/uploads\/2024\/08\/ortelli-evoco-a-carlos-bianchi-para-hablar-de-canapino-5.jpg\" width=\"290\" height=\"290\" decoding=\"async\" data-nimg=\"future\" loading=\"lazy\"><\/picture>\n<p><span>Mir\u00e1 tambi\u00e9n<\/span><\/p>\n<hr>\n<h3>Impactante: el auto de Mazzacane se prendi\u00f3 fuego en el TC en Buenos Aires<\/h3>\n<\/p>\n<\/section>\n<\/div>\n<div class=\"sc-a7166897-0 exHLBh\" readability=\"6\">\n<section readability=\"2\"><picture><img alt=\"\u00bfQui\u00e9nes son los 12 pilotos clasificados a la Copa de Oro del Turismo Carretera?\" src=\"http:\/\/nuevacordoba.net\/wp-content\/uploads\/2024\/08\/ortelli-evoco-a-carlos-bianchi-para-hablar-de-canapino-6.jpg\" width=\"290\" height=\"290\" decoding=\"async\" data-nimg=\"future\" loading=\"lazy\"><\/picture>\n<p><span>Mir\u00e1 tambi\u00e9n<\/span><\/p>\n<hr>\n<h3>\u00bfQui\u00e9nes son los 12 pilotos clasificados a la Copa de Oro del Turismo Carretera?<\/h3>\n<\/p>\n<\/section>\n<\/div>\n<div class=\"sc-a7166897-0 exHLBh\" readability=\"6.5\">\n<section readability=\"3\"><picture><img alt=\"Iribarne explic\u00f3 por qu\u00e9 plote\u00f3 su Camaro de Boca: &quot;Es un auto de Primera, ja&quot;\" src=\"http:\/\/nuevacordoba.net\/wp-content\/uploads\/2024\/08\/ortelli-evoco-a-carlos-bianchi-para-hablar-de-canapino-7.jpg\" width=\"290\" height=\"290\" decoding=\"async\" data-nimg=\"future\" loading=\"lazy\"><\/picture>\n<p><span>Mir\u00e1 tambi\u00e9n<\/span><\/p>\n<hr>\n<h3>Iribarne explic\u00f3 por qu\u00e9 plote\u00f3 su Camaro de Boca: \u00abEs un auto de Primera, ja\u00bb<\/h3>\n<\/p>\n<\/section>\n<\/div>\n<div class=\"sc-a7166897-0 exHLBh\" readability=\"6.5\">\n<section readability=\"3\"><picture><img alt=\"El Tubo Gini con Ol\u00e9: qu\u00e9 hizo con los 8 millones de Rafaela y su objetivo en el campeonato\" src=\"http:\/\/nuevacordoba.net\/wp-content\/uploads\/2024\/08\/ortelli-evoco-a-carlos-bianchi-para-hablar-de-canapino-8.jpg\" width=\"290\" height=\"290\" decoding=\"async\" data-nimg=\"future\" loading=\"lazy\"><\/picture>\n<p><span>Mir\u00e1 tambi\u00e9n<\/span><\/p>\n<hr>\n<h3>El Tubo Gini con Ol\u00e9: qu\u00e9 hizo con los 8 millones de Rafaela y su objetivo en el campeonato<\/h3>\n<\/p>\n<\/section>\n<\/div>\n<\/div>\n","protected":false},"excerpt":{"rendered":"<p>19\/08\/2024 17:04hs. El retorno de Agust\u00edn Canapino al TC tras su desvinculaci\u00f3n de la IndyCar fue uno de los t\u00f3picos m\u00e1s tratados en la visita de la categor\u00eda al G\u00e1lvez porte\u00f1o. Guillermo Ortelli, el \u00eddolo de Chevrolet que hizo su reaparici\u00f3n en el mismo equipo que el Tit\u00e1n (el Canning Motorsport), no le esquiv\u00f3 al [&hellip;]<\/p>\n","protected":false},"author":1,"featured_media":47454,"comment_status":"closed","ping_status":"closed","sticky":false,"template":"","format":"standard","meta":[],"categories":[10],"tags":[],"_links":{"self":[{"href":"http:\/\/nuevacordoba.net\/index.php\/wp-json\/wp\/v2\/posts\/47453"}],"collection":[{"href":"http:\/\/nuevacordoba.net\/index.php\/wp-json\/wp\/v2\/posts"}],"about":[{"href":"http:\/\/nuevacordoba.net\/index.php\/wp-json\/wp\/v2\/types\/post"}],"author":[{"embeddable":true,"href":"http:\/\/nuevacordoba.net\/index.php\/wp-json\/wp\/v2\/users\/1"}],"replies":[{"embeddable":true,"href":"http:\/\/nuevacordoba.net\/index.php\/wp-json\/wp\/v2\/comments?post=47453"}],"version-history":[{"count":0,"href":"http:\/\/nuevacordoba.net\/index.php\/wp-json\/wp\/v2\/posts\/47453\/revisions"}],"wp:featuredmedia":[{"embeddable":true,"href":"http:\/\/nuevacordoba.net\/index.php\/wp-json\/wp\/v2\/media\/47454"}],"wp:attachment":[{"href":"http:\/\/nuevacordoba.net\/index.php\/wp-json\/wp\/v2\/media?parent=47453"}],"wp:term":[{"taxonomy":"category","embeddable":true,"href":"http:\/\/nuevacordoba.net\/index.php\/wp-json\/wp\/v2\/categories?post=47453"},{"taxonomy":"post_tag","embeddable":true,"href":"http:\/\/nuevacordoba.net\/index.php\/wp-json\/wp\/v2\/tags?post=47453"}],"curies":[{"name":"wp","href":"https:\/\/api.w.org\/{rel}","templated":true}]}}