{"id":47455,"date":"2024-08-19T20:45:01","date_gmt":"2024-08-19T20:45:01","guid":{"rendered":"https:\/\/www.ole.com.ar\/futbol-ascenso\/ascenso-primera-nacional-atletico-rafaela-nardozza_0_zIST1u1Fkb.html"},"modified":"2024-08-19T20:45:01","modified_gmt":"2024-08-19T20:45:01","slug":"sigue-la-crisis-en-rafaela-nardozza-dejo-de-ser-el-entrenador","status":"publish","type":"post","link":"http:\/\/nuevacordoba.net\/index.php\/2024\/08\/19\/sigue-la-crisis-en-rafaela-nardozza-dejo-de-ser-el-entrenador\/","title":{"rendered":"Sigue la crisis en Rafaela: Nardozza dej\u00f3 de ser el entrenador"},"content":{"rendered":"<p><time class=\"createDate\" datetime=\"2024-08-19T17:45:01-03:00\">19\/08\/2024 17:45hs.<\/time><time class=\"modificatedDate\" datetime=\"2024-08-19T18:03:02-03:00\"> Actualizado al 19\/08\/2024 18:03hs.<\/time><\/p>\n<div id=\"storyBody\">\n<div class=\"custom-text \" readability=\"33.911262798635\">\n<p><a href=\"https:\/\/www.ole.com.ar\/tema\/atletico-rafaela.html\" title=\"Atl\u00e9tico Rafaela\" alt=\"Atl\u00e9tico Rafaela\" class=\"slug\">Atl\u00e9tico Rafaela <\/a>vive una pesadilla que parece no tener fin. Tras los primeros partidos del a\u00f1o que dejaban buenas sensaciones, <strong>todo comenz\u00f3 a tornarse cuesta arriba a partir de los malos resultados<\/strong>. Y en el inicio de esta semana, una nueva noticia negativa invadi\u00f3 el terreno santafesino.<\/p>\n<\/div>\n<div class=\"custom-text \" readability=\"34.944444444444\">\n<p>Es que tras la derrota ante Almagro de este domingo,<strong> <a href=\"https:\/\/www.ole.com.ar\/tema\/fabian-nardozza.html\" title=\"Fabian Nardozza\" alt=\"Fabian Nardozza\" class=\"slug\">Fabi\u00e1n Nardozza<\/a> dej\u00f3 de ser el entrenador del plantel profesional<\/strong>. Tal como lo confirm\u00f3 el club en sus redes sociales, la decisi\u00f3n fue de \u00abcom\u00fan acuerdo\u00bb entre el cuerpo t\u00e9cnico, el Consejo Directivo y la Subcomisi\u00f3n de F\u00fatbol.<\/p>\n<\/div>\n<div class=\"custom-embedhtml\" readability=\"6.9587301587302\">\n<blockquote class=\"twitter-tweet\" readability=\"7.8285714285714\">\n<p lang=\"es\" dir=\"ltr\">\u26bd El Consejo Directivo y la Subcomisi\u00f3n de F\u00fatbol informan que, de com\u00fan acuerdo, Fabi\u00e1n Nardozza y su Cuerpo T\u00e9cnico no seguir\u00e1n a cargo del plantel profesional para lo que resta de la temporada 2024 de la Primera Nacional. <a href=\"https:\/\/t.co\/0Rw3U003jI\">pic.twitter.com\/0Rw3U003jI<\/a><\/p>\n<p>\u2014 Atl\u00e9tico de Rafaela (@OficialAMSyD) <a href=\"https:\/\/twitter.com\/OficialAMSyD\/status\/1825555256551563587?ref_src=twsrc%5Etfw\">August 19, 2024<\/a><\/p><\/blockquote><\/div>\n<div class=\"custom-text \" readability=\"36\">\n<p>El ex det\u00e9 de Deportivo Mor\u00f3n dirigi\u00f3 nueve encuentros en su paso por la Crema: <strong>acumul\u00f3 seis derrotas, dos empates y apenas una victoria<\/strong>. Atl\u00e9tico se encuentra decimoctavo de la Zona A y ocupa la plaza de promoci\u00f3n a falta de diez fechas para que termine el torneo. Apenas supera a Brown de Adrogu\u00e9 -descenso directo- por dos puntos.<\/p>\n<\/div>\n<div class=\"sc-e7b891c4-0 jPbnQF\"><img alt=\"El det\u00e9 dur\u00f3 dos meses en el cargo (Foto: Prensa Atl\u00e9tico Rafaela).\" src=\"http:\/\/nuevacordoba.net\/wp-content\/uploads\/2024\/08\/sigue-la-crisis-en-rafaela-nardozza-dejo-de-ser-el-entrenador.jpg\" width=\"720\" height=\"100\" decoding=\"async\" data-nimg=\"future\" loading=\"lazy\"><span class=\"epigraphe\">El det\u00e9 dur\u00f3 dos meses en el cargo (Foto: Prensa Atl\u00e9tico Rafaela).<\/span><\/div>\n<div class=\"custom-text \" readability=\"38\">\n<p>Y el mal momento del club no solo tiene que ver con lo deportivo: pese a que <strong>gan\u00f3 apenas un partido de los \u00faltimos 15<\/strong> y pelea por no descender a la Primera B, la crisis tambi\u00e9n involucra lo institucional. Hay que recordar que a fines de mayo, el presidente Diego Kurganoff renunci\u00f3 de forma indeclinable a su cargo. A levantar cabeza, Crema&#8230;<\/p>\n<\/div>\n<p><h2><strong>El tercero tambi\u00e9n fue vencido <\/strong><\/h2>\n<\/p>\n<div class=\"custom-text \" readability=\"33.834586466165\">\n<p>Contin\u00faa el desfile de entrenadores en Rafaela. Y pese a que fue un denominador com\u00fan a lo largo de la temporada en la <a href=\"https:\/\/www.ole.com.ar\/tema\/primera-nacional.html\" title=\"Primera Nacional\" alt=\"Primera Nacional\" class=\"slug\">Primera Nacional<\/a>, el caso de Atl\u00e9tico es particular: claro, porque <strong>Nardozza fue el tercer entrenador que tom\u00f3 el mando del equipo en este 2024<\/strong>. <\/p>\n<\/div>\n<div class=\"custom-text \" readability=\"37\">\n<p>Los anteriores hab\u00edan sido Ezequiel Medr\u00e1n -hoy dirigiendo a Gimnasia de Mendoza- y Ricardo Pancaldo -est\u00e1 en Chaco For Ever-. <strong>Por el momento, el plantel entrenar\u00e1 bajo las \u00f3rdenes de Gonzalo Del Bono y Franco Mendoza <\/strong>como t\u00e9cnicos interinos. Completan el CT los preparadores f\u00edsicos Eduardo Gentile y Alexis Andereggen, y el entrenador de arqueros Gabriel Dottor.<\/p>\n<\/div>\n<div class=\"sc-e7b891c4-0 jPbnQF\"><img alt=\"Pancaldo agarr\u00f3 el tim\u00f3n de Chaco For Ever (Foto: Internet).\" src=\"http:\/\/nuevacordoba.net\/wp-content\/uploads\/2024\/08\/sigue-la-crisis-en-rafaela-nardozza-dejo-de-ser-el-entrenador-1.jpg\" width=\"720\" height=\"100\" decoding=\"async\" data-nimg=\"future\" loading=\"lazy\"><span class=\"epigraphe\">Pancaldo agarr\u00f3 el tim\u00f3n de Chaco For Ever (Foto: Internet).<\/span><\/div>\n<div class=\"custom-text \" readability=\"35\">\n<p>Y el pr\u00f3ximo partido no es para nada f\u00e1cil. A la Crema <strong>se le viene Defensores de Belgrano<\/strong> en condici\u00f3n de visitante, un equipo que viene en alza y pelea por llegar a la final por el primer ascenso a la Liga Profesional.<\/p>\n<\/div>\n<p><h2><strong>\u00bfAsoma el cuarto?<\/strong><\/h2>\n<\/p>\n<div class=\"custom-text \" readability=\"35\">\n<p>A falta de la confirmaci\u00f3n oficial, todo parece ser que quien tomar\u00e1 las riendas de Atl\u00e9tico ser\u00e1 <strong>Iv\u00e1n Ju\u00e1rez<\/strong>. El ex player del club se sum\u00f3 en mayo como director deportivo y ser\u00eda quien se encargue de dirigir al equipo en el tramo final del torneo.<\/p>\n<\/div>\n<div class=\"sc-a7166897-0 exHLBh\" readability=\"6\">\n<section readability=\"2\"><picture><img alt=\"Mu\u00f1iz le sac\u00f3 el invicto a Berazategui y se prendi\u00f3 arriba\" src=\"http:\/\/nuevacordoba.net\/wp-content\/uploads\/2024\/08\/sigue-la-crisis-en-rafaela-nardozza-dejo-de-ser-el-entrenador-2.jpg\" width=\"290\" height=\"290\" decoding=\"async\" data-nimg=\"future\" loading=\"lazy\"><\/picture>\n<p><span>Mir\u00e1 tambi\u00e9n<\/span><\/p>\n<hr>\n<h3>Mu\u00f1iz le sac\u00f3 el invicto a Berazategui y se prendi\u00f3 arriba<\/h3>\n<\/p>\n<\/section>\n<\/div>\n<div class=\"sc-a7166897-0 exHLBh\" readability=\"6\">\n<section readability=\"2\"><picture><img alt=\"La UAI cay\u00f3 con Sacachispas y no pudo quedar como l\u00edder\" src=\"http:\/\/nuevacordoba.net\/wp-content\/uploads\/2024\/08\/sigue-la-crisis-en-rafaela-nardozza-dejo-de-ser-el-entrenador-3.jpg\" width=\"290\" height=\"290\" decoding=\"async\" data-nimg=\"future\" loading=\"lazy\"><\/picture>\n<p><span>Mir\u00e1 tambi\u00e9n<\/span><\/p>\n<hr>\n<h3>La UAI cay\u00f3 con Sacachispas y no pudo quedar como l\u00edder<\/h3>\n<\/p>\n<\/section>\n<\/div>\n<div class=\"sc-a7166897-0 exHLBh\" readability=\"6.5\">\n<section readability=\"3\"><picture><img alt=\"Sin Messi y m\u00e1s novedades: la lista de la Selecci\u00f3n para los partidos de Eliminatorias ante Chile y Colombia \" src=\"http:\/\/nuevacordoba.net\/wp-content\/uploads\/2024\/08\/sigue-la-crisis-en-rafaela-nardozza-dejo-de-ser-el-entrenador-4.jpg\" width=\"290\" height=\"290\" decoding=\"async\" data-nimg=\"future\" loading=\"lazy\"><\/picture>\n<p><span>Mir\u00e1 tambi\u00e9n<\/span><\/p>\n<hr>\n<h3>Sin Messi y m\u00e1s novedades: la lista de la Selecci\u00f3n para los partidos de Eliminatorias ante Chile y Colombia <\/h3>\n<\/p>\n<\/section>\n<\/div>\n<div class=\"sc-a7166897-0 exHLBh\" readability=\"6\">\n<section readability=\"2\"><picture><img alt=\"Ilkay Gundogan anunci\u00f3 su retiro de la selecci\u00f3n alemana\" src=\"http:\/\/nuevacordoba.net\/wp-content\/uploads\/2024\/08\/sigue-la-crisis-en-rafaela-nardozza-dejo-de-ser-el-entrenador-5.jpg\" width=\"290\" height=\"290\" decoding=\"async\" data-nimg=\"future\" loading=\"lazy\"><\/picture>\n<p><span>Mir\u00e1 tambi\u00e9n<\/span><\/p>\n<hr>\n<h3>Ilkay Gundogan anunci\u00f3 su retiro de la selecci\u00f3n alemana<\/h3>\n<\/p>\n<\/section>\n<\/div>\n<\/div>\n","protected":false},"excerpt":{"rendered":"<p>19\/08\/2024 17:45hs. Actualizado al 19\/08\/2024 18:03hs. Atl\u00e9tico Rafaela vive una pesadilla que parece no tener fin. Tras los primeros partidos del a\u00f1o que dejaban buenas sensaciones, todo comenz\u00f3 a tornarse cuesta arriba a partir de los malos resultados. Y en el inicio de esta semana, una nueva noticia negativa invadi\u00f3 el terreno santafesino. Es que [&hellip;]<\/p>\n","protected":false},"author":1,"featured_media":47456,"comment_status":"closed","ping_status":"closed","sticky":false,"template":"","format":"standard","meta":[],"categories":[10],"tags":[],"_links":{"self":[{"href":"http:\/\/nuevacordoba.net\/index.php\/wp-json\/wp\/v2\/posts\/47455"}],"collection":[{"href":"http:\/\/nuevacordoba.net\/index.php\/wp-json\/wp\/v2\/posts"}],"about":[{"href":"http:\/\/nuevacordoba.net\/index.php\/wp-json\/wp\/v2\/types\/post"}],"author":[{"embeddable":true,"href":"http:\/\/nuevacordoba.net\/index.php\/wp-json\/wp\/v2\/users\/1"}],"replies":[{"embeddable":true,"href":"http:\/\/nuevacordoba.net\/index.php\/wp-json\/wp\/v2\/comments?post=47455"}],"version-history":[{"count":0,"href":"http:\/\/nuevacordoba.net\/index.php\/wp-json\/wp\/v2\/posts\/47455\/revisions"}],"wp:featuredmedia":[{"embeddable":true,"href":"http:\/\/nuevacordoba.net\/index.php\/wp-json\/wp\/v2\/media\/47456"}],"wp:attachment":[{"href":"http:\/\/nuevacordoba.net\/index.php\/wp-json\/wp\/v2\/media?parent=47455"}],"wp:term":[{"taxonomy":"category","embeddable":true,"href":"http:\/\/nuevacordoba.net\/index.php\/wp-json\/wp\/v2\/categories?post=47455"},{"taxonomy":"post_tag","embeddable":true,"href":"http:\/\/nuevacordoba.net\/index.php\/wp-json\/wp\/v2\/tags?post=47455"}],"curies":[{"name":"wp","href":"https:\/\/api.w.org\/{rel}","templated":true}]}}