{"id":47469,"date":"2024-08-20T03:04:54","date_gmt":"2024-08-20T03:04:54","guid":{"rendered":"https:\/\/puntoapunto.com.ar\/?p=364138"},"modified":"2024-08-20T03:04:54","modified_gmt":"2024-08-20T03:04:54","slug":"como-es-el-plan-de-llaryora-para-crear-10-mil-puestos-de-trabajo-en-el-sector-privado","status":"publish","type":"post","link":"http:\/\/nuevacordoba.net\/index.php\/2024\/08\/20\/como-es-el-plan-de-llaryora-para-crear-10-mil-puestos-de-trabajo-en-el-sector-privado\/","title":{"rendered":"C\u00f3mo es el plan de Llaryora para crear 10 mil puestos de trabajo en el sector privado"},"content":{"rendered":"<div class=\"g g-36\">\n<div class=\"g-dyn a-29 c-1\"><a class=\"gofollow\" data-track=\"MjksMzYsMSw2MA==\" href=\"https:\/\/www.harmoniechateau.com.ar\/\" target=\"_blank\" rel=\"noopener\"><img src=\"http:\/\/nuevacordoba.net\/wp-content\/uploads\/2024\/08\/como-es-el-plan-de-llaryora-para-crear-10-mil-puestos-de-trabajo-en-el-sector-privado.gif\" loading=\"lazy\"><\/a><\/div>\n<\/div>\n<p>&nbsp;\n<\/p>\n<p class=\" eplus-wrapper\">El gobernador Mart\u00edn Llaryora anunci\u00f3<strong> Empleo +26<\/strong>, una nueva acci\u00f3n que busca <strong>promover la integraci\u00f3n en el mercado laboral<\/strong> e impulsar as\u00ed el desarrollo personal de las personas y el crecimiento econ\u00f3mico de la provincia.<!-- \u00a1O bien no hay banners, estan desactivados o no estan programados para esta ubicaci\u00f3n! -->\n<\/p>\n<p class=\" eplus-wrapper\">El objetivo e<strong>s crear empleo genuino para 10.000 cordobeses mayores de 26 a\u00f1os que se encuentren desempleados.<\/strong> Tendr\u00e1n prioridad quienes superen los 45 a\u00f1os y tambi\u00e9n las personas que vivan en la regi\u00f3n del noroeste y departamentos <strong>Roque S\u00e1enz Pe\u00f1a y General Roca.<\/strong>\n<\/p>\n<p class=\" wp-block-heading eplus-wrapper\"><strong>La medida implementar\u00e1 dos modalidades:<\/strong><!-- \u00a1O bien no hay banners, estan desactivados o no estan programados para esta ubicaci\u00f3n! -->\n<\/p>\n<ul class=\" eplus-wrapper eplus-styles-uid-59add5\">\n<li class=\" eplus-wrapper\"><strong>Contrato por tiempo indeterminado<\/strong><\/li>\n<\/ul>\n<p class=\" eplus-wrapper\">El cupo ser\u00e1 de 6.000 beneficiarios y el ingreso es directo hasta agotar cupo. El Estado provincial acompa\u00f1ar\u00e1 especialmente a las empresas para que apuesten por incorporar a beneficiarios bajo esta modalidad.<\/p>\n<p class=\" eplus-wrapper\">El trabajador percibir\u00e1 la remuneraci\u00f3n de acuerdo al convenio colectivo del rubro en el que ingrese, y el Gobierno provincial aportar\u00e1 a la empresa el equivalente a un Salario M\u00ednimo, Vital y M\u00f3vil (SMVM) durante 12 meses.\n<\/p>\n<p class=\" eplus-wrapper\">En el caso de las personas mayores de 45 a\u00f1os, el aporte ser\u00e1 equivalente a 1.2 Salario M\u00ednimo, Vital y M\u00f3vil (SMVM) durante 18 meses, al igual que para los 10 departamentos del noroeste y departamentos Roque S\u00e1enz Pe\u00f1a y General Roca.\n<\/p>\n<ul class=\" eplus-wrapper eplus-styles-uid-8b1fb1\">\n<li class=\" eplus-wrapper\"><strong>Entrenamiento laboral<\/strong><\/li>\n<\/ul>\n<p class=\" eplus-wrapper\">El cupo ser\u00e1 de 4.000 beneficiarios. Realizar\u00e1n una pr\u00e1ctica laboral en empresas del sector privado durante 6 meses. Si se supera el cupo, se realizar\u00e1 un sorteo por la Loter\u00eda de C\u00f3rdoba.\n<\/p>\n<p class=\" eplus-wrapper\">Los beneficiarios deber\u00e1n realizar capacitaciones dispuestas y dise\u00f1adas por las empresas de acuerdo a las exigencias que demanda el rubro y al puesto que el beneficiario desempe\u00f1ar\u00e1.\n<\/p>\n<p class=\" eplus-wrapper\">Se desarrollar\u00e1n tambi\u00e9n talleres de formaci\u00f3n certificados dictados a trav\u00e9s del Campus C\u00f3rdoba para potenciar habilidades.\n<\/p>\n<p class=\" eplus-wrapper\">Los beneficiarios percibir\u00e1n una asignaci\u00f3n est\u00edmulo equivalente a un Salario M\u00ednimo, Vital y M\u00f3vil (SMVM) por 20 horas semanales. Adem\u00e1s, contar\u00e1n con acceso al Boleto Obrero Social (BOS).\n<\/p>\n<p class=\" eplus-wrapper\"><strong>Las inscripciones para postulantes y empresas ser\u00e1n v\u00eda<a href=\"https:\/\/cidi.cba.gov.ar\/portal-publico\/\" target=\"_blank\" rel=\"noreferrer noopener\">&nbsp;Ciudadano Digital<\/a>&nbsp;y estar\u00e1n abiertas hasta el 16 de septiembre. M\u00e1s informaci\u00f3n sobre los requisitos, fechas y m\u00e1s en&nbsp;<a href=\"http:\/\/desarrolloyempleo.cba.gov.ar\/\">desarrolloyempleo.cba.gov.ar<\/a>.<\/strong>\n<\/p>\n<p class=\" wp-block-heading eplus-wrapper\"><strong>Impacto del Empleo +26<\/strong>\n<\/p>\n<p class=\" eplus-wrapper\"><em>\u201cC\u00f3rdoba ha estado siempre en la vanguardia. Y hoy, a\u00fan en la recesi\u00f3n en la cual estamos, una provincia o un municipio no puede cambiar la realidad de un pa\u00eds, pero s\u00ed puede ayudar a mejorarla\u201d<\/em>&nbsp;asegur\u00f3 Mart\u00edn Llaryora en la presentaci\u00f3n de +26 que tiene como fin fortalecer el desarrollo personal de los cordobeses a trav\u00e9s de empleo con condiciones laborales dignas y capacitaci\u00f3n continua.\n<\/p>\n<p class=\" eplus-wrapper\"><strong>Tambi\u00e9n busca facilitar la generaci\u00f3n de puestos de empleo junto al sector privado, mejorando la competitividad de las empresas al formar aquellos perfiles que ayudan a crecer en los nuevos escenarios laborales.<\/strong>\n<\/p>\n<p class=\" eplus-wrapper\">De la misma manera, es un objetivo del programa impulsar alianzas estrat\u00e9gicas con c\u00e1maras empresariales, federaciones, organizaciones de la sociedad civil, municipios y comunas para la promoci\u00f3n del empleo en distintos sectores socio-productivos.\n<\/p>\n<p class=\" eplus-wrapper\">A la vez que promover el empleo formal, fortaleciendo la econom\u00eda provincial al integrar a la poblaci\u00f3n laboralmente activa, reduciendo el desempleo en la regi\u00f3n.\n<\/p>\n<p class=\" eplus-wrapper\"><em>\u201cGobernar es generar empleo. Las sociedades que m\u00e1s trabajo formal tienen, son las sociedades que menos pobres tienen. Por eso las sociedades que crecen y desarrolladas hacen todo lo posible para generar trabajo formal y digno\u201d<\/em>, se\u00f1al\u00f3 llaryora.\n<\/p>\n<div class=\"g g-38\">\n<div class=\"g-dyn a-12 c-1\"><a class=\"gofollow\" data-track=\"MTIsMzgsMSw2MA==\" href=\"https:\/\/form.jotform.com\/240784464263663\" target=\"_blank\" rel=\"noopener\"><img src=\"http:\/\/nuevacordoba.net\/wp-content\/uploads\/2024\/08\/como-es-el-plan-de-llaryora-para-crear-10-mil-puestos-de-trabajo-en-el-sector-privado.jpg\" loading=\"lazy\"><\/a><\/div>\n<\/div>\n","protected":false},"excerpt":{"rendered":"<p>&nbsp; El gobernador Mart\u00edn Llaryora anunci\u00f3 Empleo +26, una nueva acci\u00f3n que busca promover la integraci\u00f3n en el mercado laboral e impulsar as\u00ed el desarrollo personal de las personas y el crecimiento econ\u00f3mico de la provincia. El objetivo es crear empleo genuino para 10.000 cordobeses mayores de 26 a\u00f1os que se encuentren desempleados. Tendr\u00e1n prioridad [&hellip;]<\/p>\n","protected":false},"author":1,"featured_media":47470,"comment_status":"open","ping_status":"closed","sticky":false,"template":"","format":"standard","meta":[],"categories":[14],"tags":[],"_links":{"self":[{"href":"http:\/\/nuevacordoba.net\/index.php\/wp-json\/wp\/v2\/posts\/47469"}],"collection":[{"href":"http:\/\/nuevacordoba.net\/index.php\/wp-json\/wp\/v2\/posts"}],"about":[{"href":"http:\/\/nuevacordoba.net\/index.php\/wp-json\/wp\/v2\/types\/post"}],"author":[{"embeddable":true,"href":"http:\/\/nuevacordoba.net\/index.php\/wp-json\/wp\/v2\/users\/1"}],"replies":[{"embeddable":true,"href":"http:\/\/nuevacordoba.net\/index.php\/wp-json\/wp\/v2\/comments?post=47469"}],"version-history":[{"count":0,"href":"http:\/\/nuevacordoba.net\/index.php\/wp-json\/wp\/v2\/posts\/47469\/revisions"}],"wp:featuredmedia":[{"embeddable":true,"href":"http:\/\/nuevacordoba.net\/index.php\/wp-json\/wp\/v2\/media\/47470"}],"wp:attachment":[{"href":"http:\/\/nuevacordoba.net\/index.php\/wp-json\/wp\/v2\/media?parent=47469"}],"wp:term":[{"taxonomy":"category","embeddable":true,"href":"http:\/\/nuevacordoba.net\/index.php\/wp-json\/wp\/v2\/categories?post=47469"},{"taxonomy":"post_tag","embeddable":true,"href":"http:\/\/nuevacordoba.net\/index.php\/wp-json\/wp\/v2\/tags?post=47469"}],"curies":[{"name":"wp","href":"https:\/\/api.w.org\/{rel}","templated":true}]}}