{"id":47471,"date":"2024-08-20T10:18:00","date_gmt":"2024-08-20T10:18:00","guid":{"rendered":"http:\/\/cordobanewsnet.wordpress.com\/?p=11351"},"modified":"2024-08-20T10:18:00","modified_gmt":"2024-08-20T10:18:00","slug":"el-gobierno-desregulo-el-mercado-del-gas-envasado-y-libero-el-precio-de-las-garrafas","status":"publish","type":"post","link":"http:\/\/nuevacordoba.net\/index.php\/2024\/08\/20\/el-gobierno-desregulo-el-mercado-del-gas-envasado-y-libero-el-precio-de-las-garrafas\/","title":{"rendered":"El Gobierno desregul\u00f3 el mercado del gas envasado y liber\u00f3 el precio de las garrafas"},"content":{"rendered":"<p>La Secretar\u00eda de Energ\u00eda quit\u00f3 los precios m\u00e1ximos de referencia y lo reemplaz\u00f3 \u00fanicamente por \u00abprecios de referencia\u00bb sin tope<\/p>\n<p>La Secretar\u00eda de Energ\u00eda&nbsp;<strong>desregul\u00f3 el mercado del gas envasado y elimin\u00f3 los precios m\u00e1ximos de referencia de las garrafas<\/strong>, por lo que desde ahora se podr\u00e1n fijar libremente sin tener que adecuarse a un tope.<\/p>\n<p>El \u00e1rea que conduce Eduardo Rodr\u00edguez Chirillo decidi\u00f3 desregular los precios de la industria y comercializaci\u00f3n del Gas Licuado de Petr\u00f3leo (GLP), que incluyen los valores de referencia de las garrafas, mediante la Resoluci\u00f3n 216\/2024 publicada este lunes en el Bolet\u00edn Oficial.<\/p>\n<p>La normativa dispuso que \u00ab<strong>a fin de liberar de regulaciones de precios al sistema<\/strong>, resulta necesario dejar de aplicar \u00b4Precios M\u00e1ximos de Referencia\u00b4 para las etapas de fraccionamiento, distribuci\u00f3n y venta al p\u00fablico de garrafas a fin de continuar estableciendo \u00fanicamente \u00b4Precios de Referencia\u00b4,&nbsp;<strong>sin un tope que obstaculice la cobertura de la real variaci\u00f3n experimentada en los costos observados en los segmentos de fraccionamiento, distribuci\u00f3n y comercio minorista<\/strong>\u00ab.<\/p>\n<p>Al explicar la finalidad de la decisi\u00f3n, el texto oficial precis\u00f3 que&nbsp;<strong>\u00abla presente medida tiene por objetivo dejar de obstruir el ejercicio de las libertades individuales en el \u00e1mbito contractual conforme los principios de libertad de mercado\u00bb.<\/strong><\/p>\n<p>Adem\u00e1s, remarc\u00f3 que \u00abla desregulaci\u00f3n del mercado de precios de GLP, producir\u00e1 una mayor eficiencia en lo econ\u00f3mico y estimular\u00e1 la inversi\u00f3n, produciendo de esta forma una mejora progresiva en cuanto a una amplia competencia logrando elevar al mercado de GLP local a est\u00e1ndares internacionales\u00bb.<\/p>\n<p>La medida forma parte de las disposiciones en materia de desregulaci\u00f3n fijadas en el DNU 70\/2023 en el que se estableci\u00f3 \u00abcomo objetivo de pol\u00edtica nacional el funcionamiento libre de los mercados energ\u00e9ticos en todos sus alcances\u00bb, por lo que en relaci\u00f3n al GLP se determin\u00f3 que&nbsp;<strong>\u00ablos criterios normativos vinculados al sector deben armonizarse con los objetivos de pol\u00edtica nacional que habr\u00e1n de regir el sector energ\u00e9tico en su integralidad\u00bb<\/strong>.<\/p>\n<p>En este marco y bajo la renovada denominaci\u00f3n, Energ\u00eda tambi\u00e9n actualiz\u00f3 el \u00abprecio de referencia\u00bb de las garrafas de 10 kg en $8.500, la de 12 kg a un valor de $10.200 y la de 15 kg a $12.750, incluyendo impuestos.<\/p>\n<p>Asimismo, derog\u00f3<strong>&nbsp;\u00ablos apartamientos m\u00e1ximos permitidos\u00bb<\/strong>, un c\u00e1lculo que se hac\u00eda por jurisdicci\u00f3n con el fin de fijar el precio de las garrafas para los hogares seg\u00fan el costo log\u00edstico para las distintas zonas del pa\u00eds.<\/p>\n<p>La desregulaci\u00f3n de los precios de las garrafas abarca al Programa Hogar, que consiste en un subsidio otorgado por la secretar\u00eda energ\u00e9tica y ANSES que cubre el 80% del valor efectivo de la garrafa de 10 kg.<\/p>\n<figure class=\"wp-block-image size-large\"><img loading=\"lazy\" data-attachment-id=\"11352\" data-permalink=\"https:\/\/cordobanewsnet.wordpress.com\/2024\/08\/20\/el-gobierno-desregulo-el-mercado-del-gas-envasado-y-libero-el-precio-de-las-garrafas\/image-409\/\" data-orig-file=\"https:\/\/cordobanewsnet.wordpress.com\/wp-content\/uploads\/2024\/08\/image-95.png\" data-orig-size=\"1000,666\" data-comments-opened=\"1\" data-image-meta=\"{&quot;aperture&quot;:&quot;0&quot;,&quot;credit&quot;:&quot;&quot;,&quot;camera&quot;:&quot;&quot;,&quot;caption&quot;:&quot;&quot;,&quot;created_timestamp&quot;:&quot;0&quot;,&quot;copyright&quot;:&quot;&quot;,&quot;focal_length&quot;:&quot;0&quot;,&quot;iso&quot;:&quot;0&quot;,&quot;shutter_speed&quot;:&quot;0&quot;,&quot;title&quot;:&quot;&quot;,&quot;orientation&quot;:&quot;0&quot;}\" data-image-title=\"image\" data-image-description data-image-caption data-medium-file=\"https:\/\/cordobanewsnet.wordpress.com\/wp-content\/uploads\/2024\/08\/image-95.png?w=300\" data-large-file=\"https:\/\/cordobanewsnet.wordpress.com\/wp-content\/uploads\/2024\/08\/image-95.png?w=736\" tabindex=\"0\" role=\"button\" width=\"1000\" height=\"666\" src=\"http:\/\/nuevacordoba.net\/wp-content\/uploads\/2024\/08\/el-gobierno-desregulo-el-mercado-del-gas-envasado-y-libero-el-precio-de-las-garrafas.png\" alt class=\"wp-image-11352\"><\/figure>\n<p>Fuente : Hoy D\u00eda C\u00f3rdoba Argentina<\/p>\n<p><span id=\"wordads-inline-marker\"><\/span> <\/p>\n<div id=\"jp-post-flair\" class=\"sharedaddy sd-like-enabled sd-sharing-enabled\">\n<div class=\"sharedaddy sd-sharing-enabled\">\n<div class=\"robots-nocontent sd-block sd-social sd-social-icon-text sd-sharing\">\n<h3 class=\"sd-title\">Comparte esto:<\/h3>\n<\/div>\n<\/div>\n<div class=\"sharedaddy sd-block sd-like jetpack-likes-widget-wrapper jetpack-likes-widget-unloaded\" id=\"like-post-wrapper-143108178-11351-66c47d196fc00\" data-src=\"\/\/widgets.wp.com\/likes\/index.html?ver=20240820#blog_id=143108178&amp;post_id=11351&amp;origin=cordobanewsnet.wordpress.com&amp;obj_id=143108178-11351-66c47d196fc00\" data-name=\"like-post-frame-143108178-11351-66c47d196fc00\" data-title=\"Me gusta o Compartir\">\n<p><span class=\"button\"><span>Me gusta<\/span><\/span> <span class=\"loading\">Cargando&#8230;<\/span><\/p>\n<p><span class=\"sd-text-color\"><\/span><\/div>\n<p><h3 class=\"jp-relatedposts-headline\"><em>Relacionado<\/em><\/h3>\n<\/p>\n<\/div>\n","protected":false},"excerpt":{"rendered":"<p>La Secretar\u00eda de Energ\u00eda quit\u00f3 los precios m\u00e1ximos de referencia y lo reemplaz\u00f3 \u00fanicamente por \u00abprecios de referencia\u00bb sin tope La Secretar\u00eda de Energ\u00eda&nbsp;desregul\u00f3 el mercado del gas envasado y elimin\u00f3 los precios m\u00e1ximos de referencia de las garrafas, por lo que desde ahora se podr\u00e1n fijar libremente sin tener que adecuarse a un tope. [&hellip;]<\/p>\n","protected":false},"author":1,"featured_media":47472,"comment_status":"closed","ping_status":"closed","sticky":false,"template":"","format":"standard","meta":[],"categories":[14],"tags":[],"_links":{"self":[{"href":"http:\/\/nuevacordoba.net\/index.php\/wp-json\/wp\/v2\/posts\/47471"}],"collection":[{"href":"http:\/\/nuevacordoba.net\/index.php\/wp-json\/wp\/v2\/posts"}],"about":[{"href":"http:\/\/nuevacordoba.net\/index.php\/wp-json\/wp\/v2\/types\/post"}],"author":[{"embeddable":true,"href":"http:\/\/nuevacordoba.net\/index.php\/wp-json\/wp\/v2\/users\/1"}],"replies":[{"embeddable":true,"href":"http:\/\/nuevacordoba.net\/index.php\/wp-json\/wp\/v2\/comments?post=47471"}],"version-history":[{"count":0,"href":"http:\/\/nuevacordoba.net\/index.php\/wp-json\/wp\/v2\/posts\/47471\/revisions"}],"wp:featuredmedia":[{"embeddable":true,"href":"http:\/\/nuevacordoba.net\/index.php\/wp-json\/wp\/v2\/media\/47472"}],"wp:attachment":[{"href":"http:\/\/nuevacordoba.net\/index.php\/wp-json\/wp\/v2\/media?parent=47471"}],"wp:term":[{"taxonomy":"category","embeddable":true,"href":"http:\/\/nuevacordoba.net\/index.php\/wp-json\/wp\/v2\/categories?post=47471"},{"taxonomy":"post_tag","embeddable":true,"href":"http:\/\/nuevacordoba.net\/index.php\/wp-json\/wp\/v2\/tags?post=47471"}],"curies":[{"name":"wp","href":"https:\/\/api.w.org\/{rel}","templated":true}]}}