{"id":4751,"date":"2021-05-21T16:19:43","date_gmt":"2021-05-21T16:19:43","guid":{"rendered":"http:\/\/nuevacordoba.net\/index.php\/2021\/05\/21\/messi-comenzo-sus-vacaciones-y-no-jugara-para-barcelona-la-ultima-fecha-de-la-liga-de-espana\/"},"modified":"2021-05-21T16:19:43","modified_gmt":"2021-05-21T16:19:43","slug":"messi-comenzo-sus-vacaciones-y-no-jugara-para-barcelona-la-ultima-fecha-de-la-liga-de-espana","status":"publish","type":"post","link":"http:\/\/nuevacordoba.net\/index.php\/2021\/05\/21\/messi-comenzo-sus-vacaciones-y-no-jugara-para-barcelona-la-ultima-fecha-de-la-liga-de-espana\/","title":{"rendered":"Messi comenz\u00f3 sus vacaciones y no jugar\u00e1 para Barcelona la \u00faltima fecha de La Liga de Espa\u00f1a"},"content":{"rendered":"<div class=\"image\" id=\"image\" readability=\"7\"> <img src=\"http:\/\/nuevacordoba.net\/wp-content\/uploads\/2021\/05\/messi-comenzo-sus-vacaciones-y-no-jugara-para-barcelona-la-ultima-fecha-de-la-liga-de-espana.jpg\" alt=\"Messi no jugar\u00e1 el s\u00e1bado por la Liga\" title=\"Messi no jugar\u00e1 el s\u00e1bado por la Liga\"><\/p>\n<p>Messi no jugar\u00e1 el s\u00e1bado por la Liga<\/p>\n<\/div>\n<p>Lionel Messi, el capit\u00e1n del seleccionado argentino, inici\u00f3 sus vacaciones previas a su participaci\u00f3n en la Copa Am\u00e9rica y no jugar\u00e1 el s\u00e1bado el partido que Barcelona animar\u00e1 como visitante del Eibar, por la 38va. y \u00faltima fecha de La Liga de Espa\u00f1a.<\/p>\n<p>En ese contexto, Messi, de 33 a\u00f1os, adelant\u00f3 sus vacaciones y no acudi\u00f3 al entrenamiento que efectu\u00f3 durante esta jornada el Barcelona, autorizado por el entrenador del equipo catal\u00e1n, el neerland\u00e9s Ronald Koeman, seg\u00fan public\u00f3 el peri\u00f3dico Mundo Deportivo.<\/p>\n<p>El rosarino cierra una temporada en la que el Barcelona llega a la \u00faltima fecha sin chances de ganar el t\u00edtulo, que se dirimir\u00e1 entre Atl\u00e9tico de Madrid y Real Madrid, aunque a nivel personal es el goleador de La Liga con 30 tantos, seguido de lejos por Gerard Moreno (Villarreal) con 23, Karim Benzema (Real Madrid) 22 y Luis Su\u00e1rez (Atl\u00e9tico de Madrid) 20.<\/p>\n<blockquote readability=\"7\">\n<p>El rosarino cierra una temporada en la que el Barcelona llega a la \u00faltima fecha sin chances de ganar el t\u00edtulo, que se dirimir\u00e1 entre Atl\u00e9tico de Madrid y Real Madrid<span class=\"comilla\">\u201d<\/span><\/p>\n<\/blockquote>\n<p>En cuanto a su futuro en el Barcelona, su contrato finalizar\u00e1 el 30 de junio pr\u00f3ximo y se estima que lo renovar\u00e1, aunque en lo inmediato al objetivo de Messi es regresar a la Argentina antes de comenzar a entrenar bajo las \u00f3rdenes de Lionel Scaloni con miras a la Copa Am\u00e9rica.<\/p>\n<p>La Copa Am\u00e9rica se jugar\u00e1 desde el 13 de junio al 10 de julio y el partido inaugural lo animar\u00e1n la Argentina y Chile, en Buenos Aires. <\/p>\n","protected":false},"excerpt":{"rendered":"<p>Messi no jugar\u00e1 el s\u00e1bado por la Liga Lionel Messi, el capit\u00e1n del seleccionado argentino, inici\u00f3 sus vacaciones previas a su participaci\u00f3n en la Copa Am\u00e9rica y no jugar\u00e1 el s\u00e1bado el partido que Barcelona animar\u00e1 como visitante del Eibar, por la 38va. y \u00faltima fecha de La Liga de Espa\u00f1a. En ese contexto, Messi, [&hellip;]<\/p>\n","protected":false},"author":1,"featured_media":4752,"comment_status":"closed","ping_status":"closed","sticky":false,"template":"","format":"standard","meta":[],"categories":[10],"tags":[],"_links":{"self":[{"href":"http:\/\/nuevacordoba.net\/index.php\/wp-json\/wp\/v2\/posts\/4751"}],"collection":[{"href":"http:\/\/nuevacordoba.net\/index.php\/wp-json\/wp\/v2\/posts"}],"about":[{"href":"http:\/\/nuevacordoba.net\/index.php\/wp-json\/wp\/v2\/types\/post"}],"author":[{"embeddable":true,"href":"http:\/\/nuevacordoba.net\/index.php\/wp-json\/wp\/v2\/users\/1"}],"replies":[{"embeddable":true,"href":"http:\/\/nuevacordoba.net\/index.php\/wp-json\/wp\/v2\/comments?post=4751"}],"version-history":[{"count":0,"href":"http:\/\/nuevacordoba.net\/index.php\/wp-json\/wp\/v2\/posts\/4751\/revisions"}],"wp:featuredmedia":[{"embeddable":true,"href":"http:\/\/nuevacordoba.net\/index.php\/wp-json\/wp\/v2\/media\/4752"}],"wp:attachment":[{"href":"http:\/\/nuevacordoba.net\/index.php\/wp-json\/wp\/v2\/media?parent=4751"}],"wp:term":[{"taxonomy":"category","embeddable":true,"href":"http:\/\/nuevacordoba.net\/index.php\/wp-json\/wp\/v2\/categories?post=4751"},{"taxonomy":"post_tag","embeddable":true,"href":"http:\/\/nuevacordoba.net\/index.php\/wp-json\/wp\/v2\/tags?post=4751"}],"curies":[{"name":"wp","href":"https:\/\/api.w.org\/{rel}","templated":true}]}}