{"id":47863,"date":"2024-08-30T20:22:47","date_gmt":"2024-08-30T20:22:47","guid":{"rendered":"https:\/\/www.ole.com.ar\/autos\/franco-colapinto-formula-1-williams-monza-schumacher_0_YHi4pOqoZc.html"},"modified":"2024-08-30T20:22:47","modified_gmt":"2024-08-30T20:22:47","slug":"el-director-de-williams-conto-por-que-eligio-a-colapinto","status":"publish","type":"post","link":"http:\/\/nuevacordoba.net\/index.php\/2024\/08\/30\/el-director-de-williams-conto-por-que-eligio-a-colapinto\/","title":{"rendered":"El director de Williams cont\u00f3 por qu\u00e9 eligi\u00f3 a Colapinto"},"content":{"rendered":"<p><time class=\"createDate\" datetime=\"2024-08-30T17:22:47-03:00\">30\/08\/2024 17:22hs.<\/time><\/p>\n<div id=\"storyBody\">\n<div class=\"custom-text \" readability=\"40.3093270366\">\n<p><strong>La bomba de Franco Colapinto a la F\u00f3rmula 1 todav\u00eda sigue dando tela para cortar.<\/strong> En Argentina claro est\u00e1 el efecto que caus\u00f3 el ascenso del pilarense a la M\u00e1xima. Pero eso tambi\u00e9n gener\u00f3 algunos disgustos en otro lado, porque hay que entender que para que eligieran al argentino como piloto de Williams por lo que resta de la temporada, debieron rechazar a otros postulantes, como Liam Lawson y Mick Schumacher. El que m\u00e1s caliente qued\u00f3 fue Ralf Schumacher, el hermano de Michael y t\u00edo del actual volante del WEC, que <a href=\"https:\/\/www.ole.com.ar\/autos\/hermano-schumacher-caliente-llegada-colapinto-williams-sentido_0_e91lES1alq.html\" target=\"_self\" title=\"dijo que la elecci\u00f3n de Colapinto &quot;no tiene sentido&quot;\" alt=\"dijo que la elecci\u00f3n de Colapinto &quot;no tiene sentido&quot;\" rel=\"noopener\">dijo que la elecci\u00f3n de Colapinto \u00abno tiene sentido\u00bb<\/a>. El que s\u00ed se encarg\u00f3 de explicar la l\u00f3gica sobre la designaci\u00f3n fue <strong>James Vowles<\/strong>, el director de equipo de la escuder\u00eda brit\u00e1nica, quien <strong>sali\u00f3 a bancar al piloto nacional<\/strong> y de paso le tir\u00f3 un palito al joven alem\u00e1n, a quien catalog\u00f3 como <strong>\u00abno especial\u00bb<\/strong>.<\/p>\n<\/div>\n<div class=\"custom-text \" readability=\"41\">\n<p>En medio de la actividad del Gran Premio de Monza, que empez\u00f3 con las pr\u00e1cticas de este viernes (Colapinto qued\u00f3 17\u00b0), Vowles cont\u00f3 detalles sobre la decisi\u00f3n de optar por Franco y no el neozeland\u00e9s Lawson, a quien postularon Christian Horner y Helmut Marko, o al propio Mick, que ya manej\u00f3 para Haas: <strong>\u00abQuer\u00edamos invertir en futuro con Franco, por eso lo elegimos por delante de Lawson o Schumacher\u00bb<\/strong>.<\/p>\n<\/div>\n<div class=\"sc-e7b891c4-0 ifHnQL\"><img alt=\"Vowles es el principal de Williams.\" loading=\"lazy\" width=\"720\" height=\"100\" decoding=\"async\" data-nimg=\"1\" src=\"http:\/\/nuevacordoba.net\/wp-content\/uploads\/2024\/08\/el-director-de-williams-conto-por-que-eligio-a-colapinto.jpg\"><span class=\"epigraphe\">Vowles es el principal de Williams.<\/span><\/div>\n<div class=\"custom-text \" readability=\"41\">\n<p>\u00abCon Liam la posici\u00f3n contractual de Red Bull no habr\u00eda funcionado, as\u00ed que <strong>no se convirti\u00f3 en una opci\u00f3n<\/strong>. As\u00ed que la decisi\u00f3n era si ponemos a Mick, que habr\u00eda hecho un buen trabajo, o invertimos en un piloto de nuestra academia\u00bb, coment\u00f3. De paso, a\u00f1adi\u00f3: \u00abCreo que ambos entrar\u00edan en la categor\u00eda de buenos y no especiales. <strong>Mick no es especial, s\u00f3lo ser\u00eda bueno<\/strong>\u00ab.<\/p>\n<\/div>\n<div class=\"custom-text \" readability=\"39\">\n<p>Para despejar dudas, el director del equipo afirm\u00f3 que la llegada de Franco no pas\u00f3 por lo econ\u00f3mico: \u00abLo firmamos sin saber nada de sponsors, <strong>no hubo ning\u00fan inter\u00e9s financiero<\/strong>\u00ab. Adem\u00e1s, le sac\u00f3 presi\u00f3n para lo que pueda llegar a hacer en los circuitos con el Williams FW46 : \u00ab<strong>No tiene que demostrar nada<\/strong>, esperamos que a final de a\u00f1o est\u00e9 cerrando la diferencia con Albon\u00bb<\/p>\n<\/div>\n<div class=\"sc-e7b891c4-0 ifHnQL\"><img alt=\"Schumacher tendr\u00e1 que esperar.\" loading=\"lazy\" width=\"720\" height=\"100\" decoding=\"async\" data-nimg=\"1\" src=\"http:\/\/nuevacordoba.net\/wp-content\/uploads\/2024\/08\/el-director-de-williams-conto-por-que-eligio-a-colapinto-1.jpg\"><span class=\"epigraphe\">Schumacher tendr\u00e1 que esperar.<\/span><\/div>\n<div class=\"custom-text \" readability=\"37\">\n<p>\u00abSi lo hace bien en estas carreras, <strong>podr\u00eda ser piloto reserva de Williams<\/strong>\u00ab, asegur\u00f3 Vowles sobre la posible continuidad de Colapinto en la pr\u00f3xima temporada. Al menos por ahora, acompa\u00f1ar\u00e1 a Albon en Williams y todo se resolver\u00e1 de acuerdo al desempe\u00f1o del argentino en las pistas.<\/p>\n<\/div>\n<div class=\"custom-text \" readability=\"42\">\n<p>\u00abFranco est\u00e1 por delante de Antonelli y de Bearman en la F2, y est\u00e1 en MP, que no es Prema ni ART, y est\u00e1 haciendo un buen trabajo. Ahora, \u00bfcreo que pusimos a alguien en la parte m\u00e1s profunda de la pileta? Absolutamente, al 100%. Pero <strong>si escuchas las palabras de Franco, est\u00e1 preparado y sabe lo que tiene delante<\/strong>\u00ab, concluy\u00f3 Vowles.<\/p>\n<\/div>\n<p><h2><strong>Wolff sali\u00f3 a cruzar a Vowles y a bancar a Schumacher<\/strong><\/h2>\n<\/p>\n<div class=\"custom-text \" readability=\"42\">\n<p>Lo que dijo el de Williams no qued\u00f3 ah\u00ed, porque como si fuera una cadena, una vez que termina de hablar uno, sale otro a opinar sobre las palabras del anterior. Primero fue Schumacher contra Williams, despu\u00e9s fue Vowles contra Schumacher, y <strong>ahora el que apareci\u00f3 fue Toto Wolff<\/strong>, director de Mercedes, cruzando a Vowles.<\/p>\n<\/div>\n<div class=\"sc-e7b891c4-0 ifHnQL\"><img alt=\"Wolff, otra vez pol\u00e9mico.\" loading=\"lazy\" width=\"720\" height=\"100\" decoding=\"async\" data-nimg=\"1\" src=\"http:\/\/nuevacordoba.net\/wp-content\/uploads\/2024\/08\/el-director-de-williams-conto-por-que-eligio-a-colapinto-2.jpg\"><span class=\"epigraphe\">Wolff, otra vez pol\u00e9mico.<\/span><\/div>\n<div class=\"custom-text \" readability=\"39\">\n<p>\u00abJames a veces <strong>dice las cosas demasiado directas<\/strong>. Esa fue una declaraci\u00f3n de la que podr\u00eda haber prescindido. <strong>Mick se merec\u00eda la oportunidad<\/strong>. Si no se la das, no deber\u00edas comentarlo, deber\u00edas dejar vivir a todo el mundo. Esa es mi opini\u00f3n\u00bb, dijo Wolff, haci\u00e9ndose eco de las declaraciones de su colega.<\/p>\n<\/div>\n<p><h2><strong>\u00bfC\u00f3mo le fue a Colapinto en la F\u00f3rmula 1 y cuando vuelve a correr?<\/strong><\/h2>\n<\/p>\n<div class=\"custom-text \" readability=\"30.582524271845\">\n<p>El piloto de 21 a\u00f1os, haciendo su debut a tiempo completo en Williams, <a href=\"https:\/\/www.ole.com.ar\/autos\/franco-colapinto-practica-entrenamiento-libre-f1-formula-1-hoy-vivo-hora-ver-tv-online_0_d45SYFuzsd.html\" target=\"_self\" title=\"dio sus primeros giros en Monza \" alt=\"dio sus primeros giros en Monza \" rel=\"noopener\">dio sus primeros giros en Monza <\/a>y no podr\u00eda haber tenido un mejor d\u00eda: <strong>dos 17os puestos (1m22s880 y 1m21s784) en los entrenamientos<\/strong>.<\/p>\n<\/div>\n<div class=\"sc-e7b891c4-0 ifHnQL\"><img alt=\"Williams driver Franco Colapinto of Argentina steers his car during the first free practice ahead of the Formula One Italian Grand Prix race at the Monza racetrack, in Monza, Italy, Friday, Aug. 30, 2024. (AP Photo\/Luca Bruno)\" loading=\"lazy\" width=\"720\" height=\"100\" decoding=\"async\" data-nimg=\"1\" src=\"http:\/\/nuevacordoba.net\/wp-content\/uploads\/2024\/08\/el-director-de-williams-conto-por-que-eligio-a-colapinto-3.jpg\"><span class=\"epigraphe\">Williams driver Franco Colapinto of Argentina steers his car during the first free practice ahead of the Formula One Italian Grand Prix race at the Monza racetrack, in Monza, Italy, Friday, Aug. 30, 2024. (AP Photo\/Luca Bruno)<\/span><\/div>\n<div class=\"custom-text \" readability=\"41.835334476844\">\n<p>El d\u00eda m\u00e1s dif\u00edcil ya pas\u00f3. Este <strong>s\u00e1bado <\/strong>deber\u00e1 volver a los entrenamientos y, unas horas despu\u00e9s (<strong>a las 11<\/strong>, m\u00e1s precisamente), medirse contra los otros 19 pilotos <a href=\"https:\/\/www.ole.com.ar\/autos\/horario-franco-colapinto-qualy-clasificacion-formula1-monza_0_TPCbpLZqxN.html\" target=\"_self\" title=\"en una clasificaci\u00f3n que se divide en tres \" alt=\"en una clasificaci\u00f3n que se divide en tres \" rel=\"noopener\">en una <\/a><strong><a href=\"https:\/\/www.ole.com.ar\/autos\/horario-franco-colapinto-qualy-clasificacion-formula1-monza_0_TPCbpLZqxN.html\" target=\"_self\" title=\"en una clasificaci\u00f3n que se divide en tres \" alt=\"en una clasificaci\u00f3n que se divide en tres \" rel=\"noopener\">clasificaci\u00f3n <\/a><\/strong><a href=\"https:\/\/www.ole.com.ar\/autos\/horario-franco-colapinto-qualy-clasificacion-formula1-monza_0_TPCbpLZqxN.html\" target=\"_self\" title=\"en una clasificaci\u00f3n que se divide en tres \" alt=\"en una clasificaci\u00f3n que se divide en tres \" rel=\"noopener\">que se divide en tres <\/a>secciones: Q1, en la que los cinco m\u00e1s lentos quedan eliminados; Q2, en la que otros cinco no pasan el corte, y la Q3, en la que los 10 m\u00e1s veloces se pelean por la pole position. Por \u00faltimo, el <strong>domingo<\/strong>, cuando suceder\u00e1 eso que se lleva esperando por m\u00e1s de dos d\u00e9cadas: que un argentino ponga primera, suelte el embrague y se lance en una carrera de F\u00f3rmula 1.<\/p>\n<\/div>\n<div class=\"sc-a7166897-0 eoLsBE\" readability=\"6\">\n<section readability=\"2\"><picture><img alt=\"Todo lo que ten\u00e9s que saber para entender la F\u00f3rmula 1 y seguir a Colapinto\" loading=\"lazy\" width=\"290\" height=\"290\" decoding=\"async\" data-nimg=\"1\" src=\"http:\/\/nuevacordoba.net\/wp-content\/uploads\/2024\/08\/el-director-de-williams-conto-por-que-eligio-a-colapinto-4.jpg\"><\/picture>\n<p><span>Mir\u00e1 tambi\u00e9n<\/span><\/p>\n<hr>\n<h3>Todo lo que ten\u00e9s que saber para entender la F\u00f3rmula 1 y seguir a Colapinto<\/h3>\n<\/p>\n<\/section>\n<\/div>\n<div class=\"sc-a7166897-0 eoLsBE\" readability=\"6\">\n<section readability=\"2\"><picture><img alt=\"A qu\u00e9 hora corre Franco Colapinto en Monza y c\u00f3mo ver la actividad de la F\u00f3rmula 1\" loading=\"lazy\" width=\"290\" height=\"290\" decoding=\"async\" data-nimg=\"1\" src=\"http:\/\/nuevacordoba.net\/wp-content\/uploads\/2024\/08\/el-director-de-williams-conto-por-que-eligio-a-colapinto-5.jpg\"><\/picture>\n<p><span>Mir\u00e1 tambi\u00e9n<\/span><\/p>\n<hr>\n<h3>A qu\u00e9 hora corre Franco Colapinto en Monza y c\u00f3mo ver la actividad de la F\u00f3rmula 1<\/h3>\n<\/p>\n<\/section>\n<\/div>\n<div class=\"sc-a7166897-0 eoLsBE\" readability=\"6\">\n<section readability=\"2\"><picture><img alt=\"Colapinto tuvo un feliz estreno en las pr\u00e1cticas de la F1 en Monza\" loading=\"lazy\" width=\"290\" height=\"290\" decoding=\"async\" data-nimg=\"1\" src=\"http:\/\/nuevacordoba.net\/wp-content\/uploads\/2024\/08\/el-director-de-williams-conto-por-que-eligio-a-colapinto-6.jpg\"><\/picture>\n<p><span>Mir\u00e1 tambi\u00e9n<\/span><\/p>\n<hr>\n<h3>Colapinto tuvo un feliz estreno en las pr\u00e1cticas de la F1 en Monza<\/h3>\n<\/p>\n<\/section>\n<\/div>\n<div class=\"sc-a7166897-0 eoLsBE\" readability=\"6.5\">\n<section readability=\"3\"><picture><img alt=\"A qu\u00e9 hora corre Franco Colapinto la clasificaci\u00f3n en Monza y c\u00f3mo ver la F\u00f3rmula 1\" loading=\"lazy\" width=\"290\" height=\"290\" decoding=\"async\" data-nimg=\"1\" src=\"http:\/\/nuevacordoba.net\/wp-content\/uploads\/2024\/08\/el-director-de-williams-conto-por-que-eligio-a-colapinto-7.jpg\"><\/picture>\n<p><span>Mir\u00e1 tambi\u00e9n<\/span><\/p>\n<hr>\n<h3>A qu\u00e9 hora corre Franco Colapinto la clasificaci\u00f3n en Monza y c\u00f3mo ver la F\u00f3rmula 1<\/h3>\n<\/p>\n<\/section>\n<\/div>\n<div class=\"sc-a7166897-0 eoLsBE\" readability=\"7\">\n<section readability=\"4\"><picture><img alt=\"La emoci\u00f3n de Colapinto, tras su primer d\u00eda en la F\u00f3rmula 1: &quot;Es el sue\u00f1o que ten\u00eda desde chico&quot;\" loading=\"lazy\" width=\"290\" height=\"290\" decoding=\"async\" data-nimg=\"1\" src=\"http:\/\/nuevacordoba.net\/wp-content\/uploads\/2024\/08\/el-director-de-williams-conto-por-que-eligio-a-colapinto-8.jpg\"><\/picture>\n<p><span>Mir\u00e1 tambi\u00e9n<\/span><\/p>\n<hr>\n<h3>La emoci\u00f3n de Colapinto, tras su primer d\u00eda en la F\u00f3rmula 1: \u00abEs el sue\u00f1o que ten\u00eda desde chico\u00bb<\/h3>\n<\/p>\n<\/section>\n<\/div>\n<\/div>\n","protected":false},"excerpt":{"rendered":"<p>30\/08\/2024 17:22hs. La bomba de Franco Colapinto a la F\u00f3rmula 1 todav\u00eda sigue dando tela para cortar. En Argentina claro est\u00e1 el efecto que caus\u00f3 el ascenso del pilarense a la M\u00e1xima. Pero eso tambi\u00e9n gener\u00f3 algunos disgustos en otro lado, porque hay que entender que para que eligieran al argentino como piloto de Williams [&hellip;]<\/p>\n","protected":false},"author":1,"featured_media":47864,"comment_status":"closed","ping_status":"closed","sticky":false,"template":"","format":"standard","meta":[],"categories":[10],"tags":[],"_links":{"self":[{"href":"http:\/\/nuevacordoba.net\/index.php\/wp-json\/wp\/v2\/posts\/47863"}],"collection":[{"href":"http:\/\/nuevacordoba.net\/index.php\/wp-json\/wp\/v2\/posts"}],"about":[{"href":"http:\/\/nuevacordoba.net\/index.php\/wp-json\/wp\/v2\/types\/post"}],"author":[{"embeddable":true,"href":"http:\/\/nuevacordoba.net\/index.php\/wp-json\/wp\/v2\/users\/1"}],"replies":[{"embeddable":true,"href":"http:\/\/nuevacordoba.net\/index.php\/wp-json\/wp\/v2\/comments?post=47863"}],"version-history":[{"count":0,"href":"http:\/\/nuevacordoba.net\/index.php\/wp-json\/wp\/v2\/posts\/47863\/revisions"}],"wp:featuredmedia":[{"embeddable":true,"href":"http:\/\/nuevacordoba.net\/index.php\/wp-json\/wp\/v2\/media\/47864"}],"wp:attachment":[{"href":"http:\/\/nuevacordoba.net\/index.php\/wp-json\/wp\/v2\/media?parent=47863"}],"wp:term":[{"taxonomy":"category","embeddable":true,"href":"http:\/\/nuevacordoba.net\/index.php\/wp-json\/wp\/v2\/categories?post=47863"},{"taxonomy":"post_tag","embeddable":true,"href":"http:\/\/nuevacordoba.net\/index.php\/wp-json\/wp\/v2\/tags?post=47863"}],"curies":[{"name":"wp","href":"https:\/\/api.w.org\/{rel}","templated":true}]}}