{"id":47865,"date":"2024-08-30T21:51:45","date_gmt":"2024-08-30T21:51:45","guid":{"rendered":"https:\/\/www.ole.com.ar\/futbol-ascenso\/ascenso-primera-nacional-san-telmo_0_P1Deog7O20.html"},"modified":"2024-08-30T21:51:45","modified_gmt":"2024-08-30T21:51:45","slug":"el-duro-comunicado-de-san-telmo-tras-la-resolucion-del-tribunal-y-sancion-de-aprevide","status":"publish","type":"post","link":"http:\/\/nuevacordoba.net\/index.php\/2024\/08\/30\/el-duro-comunicado-de-san-telmo-tras-la-resolucion-del-tribunal-y-sancion-de-aprevide\/","title":{"rendered":"El duro comunicado de San Telmo tras la resoluci\u00f3n del Tribunal y sanci\u00f3n de Aprevide"},"content":{"rendered":"<p><time class=\"createDate\" datetime=\"2024-08-30T18:51:45-03:00\">30\/08\/2024 18:51hs.<\/time><\/p>\n<div id=\"storyBody\">\n<div class=\"custom-text \" readability=\"35.594936708861\">\n<p><strong>No vienen siendo d\u00edas f\u00e1ciles para <a href=\"https:\/\/www.ole.com.ar\/tema\/san-telmo.html\" title=\"San Telmo\" alt=\"San Telmo\" class=\"slug\">San Telmo<\/a><\/strong>, que a\u00fan sigue en la lucha por subir a la m\u00e1xima categor\u00eda del f\u00fatbol argentino. Pese al buen presente deportivo, lo concreto es que durante esta semana, <strong>el club recibi\u00f3 malas noticias. <\/strong><\/p>\n<\/div>\n<div class=\"custom-text \" readability=\"36.128479657388\">\n<p>En la noche del martes, <strong>el <a href=\"https:\/\/www.ole.com.ar\/tema\/tribunal-de-disciplina-afa.html\" title=\"Tribunal de Disciplina AFA\" alt=\"Tribunal de Disciplina AFA\" class=\"slug\">Tribunal de Disiciplina<\/a> decidi\u00f3 no devolverle los puntos quitados por los incidentes contra Aldosivi<\/strong> en la fecha 19. Adem\u00e1s, el jueves se dio a conocer la <strong>sanci\u00f3n de Aprevide y el Candombero deber\u00e1 jugar fuera de la Isla Maciel y a puertas cerradas hasta fin de a\u00f1o.<\/strong> Esto \u00faltimo se debe al enfrentamiento que hubo entre la parcialidad azul y celeste con la policia al finalizar el match frente a Defensores de Belgrao, semanas atr\u00e1s.<\/p>\n<\/div>\n<div class=\"custom-text \" readability=\"36\">\n<p>En este contexto, <strong>la Comisi\u00f3n Directiva de San Telmo tom\u00f3 la determinaci\u00f3n de emitir un comunicado oficial mediante las redes sociales de la instituci\u00f3n.<\/strong> En el mismo manifestaron su descontento por las medidas tomadas en su contra, a las cuales tildaron de \u00abexcesivamente injustas\u00bb. <\/p>\n<\/div>\n<p><h2><strong>El comunicado de San Telmo, \u00bfcon un dardo contra la AFA?<\/strong><\/h2>\n<\/p>\n<div class=\"custom-text \" readability=\"41\">\n<p>\u00abEn un momento crucial para nuestro club, <strong>nos enfrentamos a sanciones excesivamente injustas que intentan arrebatarnos el fruto de nuestro esfuerzo y dedicaci\u00f3n<\/strong>. Desde el Club San Telmo repudiamos todo hecho de violencia y nos encontramos trabajando con los entes de seguridad en la prevenci\u00f3n de los mismos. Queremos destacar el compromiso y la pasi\u00f3n que nuestro plantel y cuerpo t\u00e9cnico han demostrado dentro y fuera del campo de juego. <strong>Los jugadores est\u00e1n dando todo por el club, y nuestro cuerpo t\u00e9cnico ha sabido sacar lo mejor de cada uno de ellos.<\/strong> En este momento dif\u00edcil, queremos expresar nuestra confianza plena en ellos. Sabemos que est\u00e1n m\u00e1s unidos que nunca y que dar\u00e1n todo por lograr nuestro objetivo. Es hora de unirnos todos m\u00e1s que nunca. <strong>Pedimos su apoyo incondicional en este momento. Juntos, podemos superar cualquier obst\u00e1culo.<\/strong> Juntos, podemos lograr el ascenso que nos merecemos. \u00a1Seguiremos adelante! \u00a1Todos juntos podemos lograrlo!\u00bb, detalla lo anunciado por el club. <\/p>\n<\/div>\n<p><h2><strong>El motivo por el que sancionaron al Candombero con la quita de tres puntos<\/strong><\/h2>\n<\/p>\n<div class=\"custom-text \" readability=\"41\">\n<p>Corr\u00eda la fecha 19 de la Primera Nacional,<strong> San Telmo recib\u00eda en la Isla Maciel a Aldosivi<\/strong>, el por aquel entonces cuarto de la tabla y se esperaba que sea uno de los partidos de la jornada. Lamentablemente, a pocos minutos de que ambos elencos salieran al campo de juego, <strong>el estallido de una bomba de estruendo gener\u00f3 la suspensi\u00f3n del encuentro y dej\u00f3 herido al t\u00e9cnico del Tibur\u00f3n<\/strong>, Andr\u00e9s Yllana, que fue trasladado al hospital por problemas auditivos.<\/p>\n<\/div>\n<div class=\"custom-text \" readability=\"35\">\n<p>El martes a \u00faltima hora se dio a conocer el<strong> fallo definitivo del Tribunal de Disciplina de AFA: no hay devoluci\u00f3n de puntos para San Telmo<\/strong>. A su vez, <strong>se rechaz\u00f3 el pedido de apelaci\u00f3n<\/strong> que hab\u00eda realizado la instituci\u00f3n de Isla Maciel hace algunas semanas atr\u00e1s.<\/p>\n<\/div>\n<div class=\"sc-e7b891c4-0 ifHnQL\"><img alt=\"El Tribunal de Disciplina fall\u00f3 en contra de San Telmo: no habr\u00e1 devoluci\u00f3n de puntos\" loading=\"lazy\" width=\"720\" height=\"100\" decoding=\"async\" data-nimg=\"1\" src=\"http:\/\/nuevacordoba.net\/wp-content\/uploads\/2024\/08\/el-duro-comunicado-de-san-telmo-tras-la-resolucion-del-tribunal-y-sancion-de-aprevide.jpg\"><span class=\"epigraphe\">El Tribunal de Disciplina fall\u00f3 en contra de San Telmo: no habr\u00e1 devoluci\u00f3n de puntos<\/span><\/div>\n<p><h2><strong>La causa por la que San Telmo debe jugar a puertas cerradas y fuera de su estadio hasta fin de a\u00f1o<\/strong><\/h2>\n<\/p>\n<div class=\"custom-text \" readability=\"37\">\n<p>Una vez finalizado el partido entre Telmo y Defensores de Belgrano, correspondiente a la fecha 28, la tensi\u00f3n que comenz\u00f3 por fallos arbitrales en el terreno de juego se traslad\u00f3 a una de las puertas de acceso a la platea del Osvaldo Baletto<strong>. Gran cantidad de barras empezaron a tirar cascotes contra los efectivos policiales que continuaban en las inmediaciones del estadio.<\/strong><\/p>\n<\/div>\n<div type=\"embed\" class=\"sc-3f46f5ae-0 djVTgz\">\n<div class=\"sc-3f46f5ae-1 fTjZec videoText\" id=\"contentTitleembedoFEgoSki\" type=\"embed\"><svg fill=\"#ffffff\"><symbol id=\"play\" viewBox=\"0 0 512 512\"><path d=\"M512 256C512 397.4 397.4 512 256 512C114.6 512 0 397.4 0 256C0 114.6 114.6 0 256 0C397.4 0 512 114.6 512 256zM176 168V344C176 352.7 180.7 360.7 188.3 364.9C195.8 369.2 205.1 369 212.5 364.5L356.5 276.5C363.6 272.1 368 264.4 368 256C368 247.6 363.6 239.9 356.5 235.5L212.5 147.5C205.1 142.1 195.8 142.8 188.3 147.1C180.7 151.3 176 159.3 176 168V168z\" \/><\/symbol><use xlink:href=\"#play\" \/><\/svg><\/p>\n<div class=\"right\">\n<p>San Telmo<!-- --> &#8211;<!-- --> <span>&nbsp;<\/span><\/p>\n<h2 class=\"title-vid\">Fuerte pelea entre hinchas de San Telmo y la polic\u00eda<\/h2>\n<\/div>\n<\/div>\n<p><span class=\"back\" id=\"spanBackembedoFEgoSki\"><\/span><\/div>\n<div class=\"custom-text \" readability=\"32.463276836158\">\n<p>En la noche del jueves, se hizo p\u00fablica la sanci\u00f3n de <a href=\"https:\/\/www.ole.com.ar\/tema\/aprevide.html\" title=\"Aprevide\" alt=\"Aprevide\" class=\"slug\">Aprevide<\/a> contra San Telmo: <strong>prohibici\u00f3n de oficiar de local en su cancha y del p\u00fablico hasta que finalice el campeonato. <\/strong><\/p>\n<\/div>\n<div class=\"sc-e7b891c4-0 ifHnQL\"><img alt=\"Aprevide sancion\u00f3 a San Telmo por los incidentes vs. Defensores de Belgrano\" loading=\"lazy\" width=\"720\" height=\"100\" decoding=\"async\" data-nimg=\"1\" src=\"http:\/\/nuevacordoba.net\/wp-content\/uploads\/2024\/08\/el-duro-comunicado-de-san-telmo-tras-la-resolucion-del-tribunal-y-sancion-de-aprevide-1.jpg\"><span class=\"epigraphe\">Aprevide sancion\u00f3 a San Telmo por los incidentes vs. Defensores de Belgrano<\/span><\/div>\n<div class=\"sc-a7166897-0 eoLsBE\" readability=\"6\">\n<section readability=\"2\"><picture><img alt=\"El Inter de Lautaro Mart\u00ednez pas\u00f3 por arriba al Atalanta de Mateo Retegui \" loading=\"lazy\" width=\"290\" height=\"290\" decoding=\"async\" data-nimg=\"1\" src=\"http:\/\/nuevacordoba.net\/wp-content\/uploads\/2024\/08\/el-duro-comunicado-de-san-telmo-tras-la-resolucion-del-tribunal-y-sancion-de-aprevide-2.jpg\"><\/picture>\n<p><span>Mir\u00e1 tambi\u00e9n<\/span><\/p>\n<hr>\n<h3>El Inter de Lautaro Mart\u00ednez pas\u00f3 por arriba al Atalanta de Mateo Retegui<br \/>\n<\/h3>\n<\/p>\n<\/section>\n<\/div>\n<div class=\"sc-a7166897-0 eoLsBE\" readability=\"6\">\n<section readability=\"2\"><picture><img alt=\"El gran gesto que tuvo Colidio con dos jugadores de las inferiores de River\" loading=\"lazy\" width=\"290\" height=\"290\" decoding=\"async\" data-nimg=\"1\" src=\"http:\/\/nuevacordoba.net\/wp-content\/uploads\/2024\/08\/el-duro-comunicado-de-san-telmo-tras-la-resolucion-del-tribunal-y-sancion-de-aprevide-3.jpg\"><\/picture>\n<p><span>Mir\u00e1 tambi\u00e9n<\/span><\/p>\n<hr>\n<h3>El gran gesto que tuvo Colidio con dos jugadores de las inferiores de River<\/h3>\n<\/p>\n<\/section>\n<\/div>\n<div class=\"sc-a7166897-0 eoLsBE\" readability=\"6\">\n<section readability=\"2\"><picture><img alt=\"Atenci\u00f3n: el due\u00f1o de Cruzeiro confirm\u00f3 si van por el Pipa Benedetto\" loading=\"lazy\" width=\"290\" height=\"290\" decoding=\"async\" data-nimg=\"1\" src=\"http:\/\/nuevacordoba.net\/wp-content\/uploads\/2024\/08\/el-duro-comunicado-de-san-telmo-tras-la-resolucion-del-tribunal-y-sancion-de-aprevide-4.jpg\"><\/picture>\n<p><span>Mir\u00e1 tambi\u00e9n<\/span><\/p>\n<hr>\n<h3>Atenci\u00f3n: el due\u00f1o de Cruzeiro confirm\u00f3 si van por el Pipa Benedetto<\/h3>\n<\/p>\n<\/section>\n<\/div>\n<div class=\"sc-a7166897-0 eoLsBE\" readability=\"7\">\n<section readability=\"4\"><picture><img alt=\"La decisi\u00f3n que eval\u00faa Blanco en Racing tras reunirse con Milito, candidato a presidente\" loading=\"lazy\" width=\"290\" height=\"290\" decoding=\"async\" data-nimg=\"1\" src=\"http:\/\/nuevacordoba.net\/wp-content\/uploads\/2024\/08\/el-duro-comunicado-de-san-telmo-tras-la-resolucion-del-tribunal-y-sancion-de-aprevide-5.jpg\"><\/picture>\n<p><span>Mir\u00e1 tambi\u00e9n<\/span><\/p>\n<hr>\n<h3>La decisi\u00f3n que eval\u00faa Blanco en Racing tras reunirse con Milito, candidato a presidente<\/h3>\n<\/p>\n<\/section>\n<\/div>\n<\/div>\n","protected":false},"excerpt":{"rendered":"<p>30\/08\/2024 18:51hs. No vienen siendo d\u00edas f\u00e1ciles para San Telmo, que a\u00fan sigue en la lucha por subir a la m\u00e1xima categor\u00eda del f\u00fatbol argentino. Pese al buen presente deportivo, lo concreto es que durante esta semana, el club recibi\u00f3 malas noticias. En la noche del martes, el Tribunal de Disiciplina decidi\u00f3 no devolverle los [&hellip;]<\/p>\n","protected":false},"author":1,"featured_media":47866,"comment_status":"closed","ping_status":"closed","sticky":false,"template":"","format":"standard","meta":[],"categories":[10],"tags":[],"_links":{"self":[{"href":"http:\/\/nuevacordoba.net\/index.php\/wp-json\/wp\/v2\/posts\/47865"}],"collection":[{"href":"http:\/\/nuevacordoba.net\/index.php\/wp-json\/wp\/v2\/posts"}],"about":[{"href":"http:\/\/nuevacordoba.net\/index.php\/wp-json\/wp\/v2\/types\/post"}],"author":[{"embeddable":true,"href":"http:\/\/nuevacordoba.net\/index.php\/wp-json\/wp\/v2\/users\/1"}],"replies":[{"embeddable":true,"href":"http:\/\/nuevacordoba.net\/index.php\/wp-json\/wp\/v2\/comments?post=47865"}],"version-history":[{"count":0,"href":"http:\/\/nuevacordoba.net\/index.php\/wp-json\/wp\/v2\/posts\/47865\/revisions"}],"wp:featuredmedia":[{"embeddable":true,"href":"http:\/\/nuevacordoba.net\/index.php\/wp-json\/wp\/v2\/media\/47866"}],"wp:attachment":[{"href":"http:\/\/nuevacordoba.net\/index.php\/wp-json\/wp\/v2\/media?parent=47865"}],"wp:term":[{"taxonomy":"category","embeddable":true,"href":"http:\/\/nuevacordoba.net\/index.php\/wp-json\/wp\/v2\/categories?post=47865"},{"taxonomy":"post_tag","embeddable":true,"href":"http:\/\/nuevacordoba.net\/index.php\/wp-json\/wp\/v2\/tags?post=47865"}],"curies":[{"name":"wp","href":"https:\/\/api.w.org\/{rel}","templated":true}]}}