{"id":4787,"date":"2021-05-22T06:51:18","date_gmt":"2021-05-22T06:51:18","guid":{"rendered":"http:\/\/nuevacordoba.net\/index.php\/2021\/05\/22\/sara-hebe-en-expansivas-me-senti-en-tension-y-fuera-de-mi-zona-de-confort\/"},"modified":"2021-05-22T06:51:18","modified_gmt":"2021-05-22T06:51:18","slug":"sara-hebe-en-expansivas-me-senti-en-tension-y-fuera-de-mi-zona-de-confort","status":"publish","type":"post","link":"http:\/\/nuevacordoba.net\/index.php\/2021\/05\/22\/sara-hebe-en-expansivas-me-senti-en-tension-y-fuera-de-mi-zona-de-confort\/","title":{"rendered":"Sara Hebe: \u00abEn &#8216;Expansivas&#8217; me sent\u00ed en tensi\u00f3n y fuera de mi zona de confort\u00bb"},"content":{"rendered":"<div class=\"image\" id=\"image\"> <img src=\"http:\/\/nuevacordoba.net\/wp-content\/uploads\/2021\/05\/sara-hebe-en-expansivas-me-senti-en-tension-y-fuera-de-mi-zona-de-confort.jpg\" alt title><\/div>\n<p>La cantante y compositora urbana Sara Hebe debuta en el cine con un protag\u00f3nico en \u00abExpansivas\u00bb, filme de Ramiro Garc\u00eda Bogliano en el que explora una venganza intrafamiliar con ribetes de thriller en la mafia de la trata de personas, y que para la artista fue correrse fuera de su \u00abzona de confort\u00bb.<\/p>\n<p>\u00abMe sent\u00ed en tensi\u00f3n y fuera de mi zona de confort. Si bien pas\u00e9 por escuelas de actuaci\u00f3n y teatro, no soy actriz. Pero me gusta jugar, y creo que tanto la m\u00fasica, las canciones, la danza y la actuaci\u00f3n son juegos que pueden hacerse en serio\u00bb, dijo Hebe a T\u00e9lam sobre su trabajo en la cinta que ya se puede ver en la plataforma de streaming de Qubit y que, a partir del jueves que viene, tambi\u00e9n estar\u00e1 en Cine.ar.<\/p>\n<p><strong>La cantante interpreta a Flavia, una joven hura\u00f1a que contrasta con su hermana Ana (Martina Juncadella)<\/strong>, pero con una uni\u00f3n que, m\u00e1s all\u00e1 de la sangre, se remonta al asesinato de su madre en manos de su padre, Rudi (Gustavo Portela), quien se encuentra en libertad.<\/p>\n<p>En la b\u00fasqueda de venganza, descubre que Rudi usa como pantalla a una remiser\u00eda para llevar adelante su negocio de trata de mujeres, lo que a\u00f1ade un nuevo condimento al plan organizado por las hermanas.<\/p>\n<p> <iframe width=\"560\" height=\"315\" src=\"https:\/\/www.youtube.com\/embed\/?wmode=transparent&amp;showinfo=0&amp;autohide=1&amp;rel=0\" frameborder=\"0\" allowfullscreen>[embedded content]<\/iframe> <\/p>\n<p>\u00abLa pel\u00edcula ataca la realidad. Y eso es algo que faltaba en el mundo de las narraciones audiovisuales. Un ataque a la realidad es que dos mujeres busquen venganza con violencia, que ocupen el lugar que vemos siempre en el cine ocupado por hombres\u00bb, argument\u00f3 la cantante.<\/p>\n<p>\u00abLo primero que me gust\u00f3 -coment\u00f3 sobre el proyecto- y me captur\u00f3 de la propuesta es que Bogliano me dijo que la pel\u00edcula rozaba lo &#8216;c\u00f3mic&#8217; por lo sangrienta y porque hab\u00eda peleas, armas, tiros, y dos hero\u00ednas asesinas. Una de ellas no ten\u00eda tanto texto y fue genial para m\u00ed, que no soy actriz. Adem\u00e1s, me dijo que me pagaban, as\u00ed que le dije que s\u00ed (risas)\u00bb.<\/p>\n<p><strong>&#8211; T\u00e9lam: \u00bfC\u00f3mo fue el trabajo del personaje, teniendo en cuenta que no ven\u00eds con una carrera en la actuaci\u00f3n?<\/strong><br \/>&#8211; Sara Hebe: El trabaj\u00f3 empez\u00f3 en las mesas de pasada de texto. Tambi\u00e9n hubo una construcci\u00f3n colectiva de los roles y eso es algo que se dio mucho en todo el rodaje. Un trabajo colectivo y en equipo. Para el rol, pensamos en el pasado de Flavia, en su historia; algo que quiz\u00e1s no se ve en la pel\u00edcula, pero que hace al personaje. Imaginar por las cosas que pas\u00f3 nos ayud\u00f3, junto con la guionista (Milagros Figueroa Garro) y las dem\u00e1s actrices, a pensar en por qu\u00e9 hoy hace lo que hace; el por qu\u00e9 mata, por qu\u00e9 pelea, por qu\u00e9 lucha. Sobran los motivos.<\/p>\n<p><strong>&#8211; T: \u00bfHay algo de la m\u00fasica que cre\u00e9s que te ayud\u00f3 a encarar la interpretaci\u00f3n?<\/strong><br \/>&#8211; SH: No lo s\u00e9. En el escenario, cuando canto en vivo, act\u00fao un poco&#8230; y tengo una presencia monstruosa porque nunca tuve prejuicios o porque soy &#8216;freak&#8217;. Tambi\u00e9n voy transform\u00e1ndome y a veces no act\u00fao tanto. Pero no s\u00e9, creo que hacer pelis o videos es otra cosa. Me gustar\u00eda actuar m\u00e1s en pel\u00edculas o series o algo. Claro que creo que la experiencia de exposici\u00f3n en la m\u00fasica me sirvi\u00f3 para desarrollar mi trabajo en \u00abExpansivas\u00bb.<\/p>\n<p><strong>&#8211; T: \u00bfC\u00f3mo te sentiste con tu primer protag\u00f3nico?<\/strong><br \/>&#8211; SH: Yo ya hab\u00eda hecho una peque\u00f1a participaci\u00f3n en \u00abLa Vagancia\u00bb, de Ayar Blasco. Me sent\u00ed bien porque el equipo fue genial y Martina Juncadella, mi compa\u00f1era, que es una gran actriz, me ayud\u00f3 mucho. Fue un gran desaf\u00edo y con la direcci\u00f3n buen\u00edsima de Ramiro me sent\u00ed s\u00faper bien y creo que se ve bien la peli y las actuaciones, en la que se lleg\u00f3 a un resultado que funciona y que comunica lo que quiere comunicar.<\/p>\n<div class=\"image\" id=\"image\"> <img src=\"http:\/\/nuevacordoba.net\/wp-content\/uploads\/2021\/05\/sara-hebe-en-expansivas-me-senti-en-tension-y-fuera-de-mi-zona-de-confort-1.jpg\" alt title><\/div>\n<p><strong>&#8211; T: \u00bfC\u00f3mo cre\u00e9s que representa la historia la tem\u00e1tica del abuso a las mujeres? La historia condensa tanto la violencia intrafamiliar como la trata de personas.<\/strong><br \/>&#8211; SE: La pel\u00edcula muestra una realidad, no hay ficci\u00f3n. Lo que se ve pasa en Argentina. en Am\u00e9rica Latina y en otras partes del mundo. La propuesta es responder a ese ataque y a esa violencia y abuso hacia mujeres o ni\u00f1es, con la misma violencia. Hicimos una peli. Luego, quiz\u00e1s, tomemos las armas.<\/p>\n<p><strong>&#8211; T: En cuanto a los tiempos, \u00bfc\u00f3mo pens\u00e1s combinar el cine y la m\u00fasica en el futuro?<\/strong><br \/>&#8211; SH: No pienso nada. Estoy un poco deprimida. El tiempo ya es cualquier cosa. Cambi\u00f3 la medida del tiempo un poco, o cambi\u00f3 la forma del tiempo. Algo cambi\u00f3&#8230; me la baja no tener recitales, no poder amontonarse. Espero que se pueda volver a eso en alg\u00fan momento. No me interesa la gente separada sin tocarse y sin gritar.<\/p>\n<p><strong>&#8211; T: \u00bfC\u00f3mo est\u00e1s viviendo esta etapa de pandemia?<\/strong><br \/>&#8211; SH: Bien dentro de todo . Por suerte no tuve bajas en familia y amistades. Agradezco al cielo por eso y lamento mucho la situaci\u00f3n mundial. Y sobre todo c\u00f3mo la vivimos en los pa\u00edses pobres, es triste: gente enferma, sin trabajo, m\u00e1s gente en la calle. Pero yo tengo privilegios y no la pas\u00e9 mal. De a ratos me da ansiedad, miedo, angustia no poder tocar, que era lo que me manten\u00eda. Pero segu\u00ed produciendo, no s\u00e9 si por inercia o porque espero entusiasmarme nuevamente y cantar con \u00e1nimo las canciones nuevas. Mi \u00faltimo lanzamiento se llama \u00abRefix\u00bb y me gusta bastante. Ya est\u00e1 en YouTube.<\/p>\n<p> <iframe width=\"560\" height=\"315\" src=\"https:\/\/www.youtube.com\/embed\/-_TgQxM9dzU?wmode=transparent&amp;showinfo=0&amp;autohide=1&amp;rel=0\" frameborder=\"0\" allowfullscreen>[embedded content]<\/iframe> <\/p>\n<p>Sara Hebe &#8211; REFIX<\/p>\n","protected":false},"excerpt":{"rendered":"<p>La cantante y compositora urbana Sara Hebe debuta en el cine con un protag\u00f3nico en \u00abExpansivas\u00bb, filme de Ramiro Garc\u00eda Bogliano en el que explora una venganza intrafamiliar con ribetes de thriller en la mafia de la trata de personas, y que para la artista fue correrse fuera de su \u00abzona de confort\u00bb. \u00abMe sent\u00ed [&hellip;]<\/p>\n","protected":false},"author":1,"featured_media":4788,"comment_status":"closed","ping_status":"closed","sticky":false,"template":"","format":"standard","meta":[],"categories":[9],"tags":[],"_links":{"self":[{"href":"http:\/\/nuevacordoba.net\/index.php\/wp-json\/wp\/v2\/posts\/4787"}],"collection":[{"href":"http:\/\/nuevacordoba.net\/index.php\/wp-json\/wp\/v2\/posts"}],"about":[{"href":"http:\/\/nuevacordoba.net\/index.php\/wp-json\/wp\/v2\/types\/post"}],"author":[{"embeddable":true,"href":"http:\/\/nuevacordoba.net\/index.php\/wp-json\/wp\/v2\/users\/1"}],"replies":[{"embeddable":true,"href":"http:\/\/nuevacordoba.net\/index.php\/wp-json\/wp\/v2\/comments?post=4787"}],"version-history":[{"count":0,"href":"http:\/\/nuevacordoba.net\/index.php\/wp-json\/wp\/v2\/posts\/4787\/revisions"}],"wp:featuredmedia":[{"embeddable":true,"href":"http:\/\/nuevacordoba.net\/index.php\/wp-json\/wp\/v2\/media\/4788"}],"wp:attachment":[{"href":"http:\/\/nuevacordoba.net\/index.php\/wp-json\/wp\/v2\/media?parent=4787"}],"wp:term":[{"taxonomy":"category","embeddable":true,"href":"http:\/\/nuevacordoba.net\/index.php\/wp-json\/wp\/v2\/categories?post=4787"},{"taxonomy":"post_tag","embeddable":true,"href":"http:\/\/nuevacordoba.net\/index.php\/wp-json\/wp\/v2\/tags?post=4787"}],"curies":[{"name":"wp","href":"https:\/\/api.w.org\/{rel}","templated":true}]}}