{"id":4793,"date":"2021-05-22T16:24:21","date_gmt":"2021-05-22T16:24:21","guid":{"rendered":"http:\/\/nuevacordoba.net\/index.php\/2021\/05\/22\/messi-entusiasmado-por-reencontrarse-con-sus-companeros-para-jugar-una-copa-america-diferente\/"},"modified":"2021-05-22T16:24:21","modified_gmt":"2021-05-22T16:24:21","slug":"messi-entusiasmado-por-reencontrarse-con-sus-companeros-para-jugar-una-copa-america-diferente","status":"publish","type":"post","link":"http:\/\/nuevacordoba.net\/index.php\/2021\/05\/22\/messi-entusiasmado-por-reencontrarse-con-sus-companeros-para-jugar-una-copa-america-diferente\/","title":{"rendered":"Messi, entusiasmado por reencontrarse con sus compa\u00f1eros para jugar \u00abuna Copa Am\u00e9rica diferente\u00bb"},"content":{"rendered":"<div class=\"image\" id=\"image\" readability=\"7\"> <img src=\"http:\/\/nuevacordoba.net\/wp-content\/uploads\/2021\/05\/messi-entusiasmado-por-reencontrarse-con-sus-companeros-para-jugar-una-copa-america-diferente.jpg\" alt=\"Messi tuvo en Barcelona una temporada at\u00edpica ya que apenas logr\u00f3 un t\u00edtulo\" title=\"Messi tuvo en Barcelona una temporada at\u00edpica ya que apenas logr\u00f3 un t\u00edtulo\"><\/p>\n<p>Messi tuvo en Barcelona una temporada at\u00edpica ya que apenas logr\u00f3 un t\u00edtulo<\/p>\n<\/div>\n<p>Lionel Messi, el capit\u00e1n del seleccionado argentino, revel\u00f3 su entusiasmo por jugar la pr\u00f3xima Copa Am\u00e9rica debido a que podr\u00e1 reencontrarse con sus compa\u00f1eros del equipo nacional en un certamen que ser\u00e1 \u00abdiferente\u00bb debido a la coyuntura que atraviesa el mundo como consecuencia de la pandemia de coronavirus.<\/p>\n<p>\u00abS\u00ed, estamos con todo el grupo con muchas ganas, ilusionados de poder jugar esta Copa. Hace mucho que no nos juntamos tambi\u00e9n, la \u00faltima vez no pudimos ir por el tema del virus y eso hace que tengamos m\u00e1s ganas de juntarnos\u00bb dijo el crack del Barcelona en una entrevista que concedi\u00f3 al diario deportivo Ol\u00e9.<\/p>\n<p>Sin embargo, no s\u00f3lo el reencuentro con sus compa\u00f1eros moviliza al rosarino quien no se mostr\u00f3 ajeno al contexto en el que se desarrollar\u00e1 est\u00e1 Copa Am\u00e9rica, que en principio iba a ser organizada por Argentina y Colombia y hoy se celebrar\u00eda s\u00f3lo en nuestro pa\u00eds ya que en Colombia el clima de agitaci\u00f3n social hizo inviable su realizaci\u00f3n.<\/p>\n<blockquote readability=\"10\">\n<p>\u00abEs una Copa Am\u00e9rica especial, diferente, por el tema de que no va a haber gente seguramente. Pero, as\u00ed y todo, en lo personal tengo much\u00edsimas ganas de estar otra vez\u00bb <span class=\"comilla\">\u201d<\/span><\/p>\n<\/blockquote>\n<p>\u00abEs una Copa Am\u00e9rica especial, diferente, por el tema de que no va a haber gente seguramente. Pero, as\u00ed y todo, en lo personal tengo much\u00edsimas ganas de estar otra vez\u00bb se\u00f1al\u00f3 el campe\u00f3n ol\u00edmpico en Beijing 2008, en clara alusi\u00f3n a los estadios vac\u00edos de p\u00fablico, el marco que ofrece desde el a\u00f1o pasado generado por la pandemia de Covid-19.<\/p>\n<p>Messi siempre disfruta se sus regresos a la Argentina y especialmente a Rosario, su tierra natal. Los a\u00f1os pasan pero esa satisfacci\u00f3n por el regreso a casa se renueva y ese sentimiento mereci\u00f3 una menci\u00f3n y una justificaci\u00f3n por parte del astro que el 24 de junio pr\u00f3ximo cumplir\u00e1 34 a\u00f1os.<\/p>\n<p>\u00abSi bien me vine de chico a Barcelona nunca me fui de all\u00ed (Argentina) tampoco. Siempre todo lo que me pasaba estaba relacionado, mi familia y amigos estuvieron siempre ah\u00ed\u00bb se\u00f1al\u00f3 y sobre el porqu\u00e9 de su ganas de volver agreg\u00f3 \u00abno s\u00e9 qu\u00e9 es, no s\u00e9 c\u00f3mo explicarlo. A m\u00ed me encanta ir a Rosario, estar con mi gente. Por ah\u00ed reencontrarme con amigos, familiares, comer asados con ellos, juntarme. No s\u00e9, quiz\u00e1s el hecho de irme tan chico tambi\u00e9n y no haber disfrutado de todo como a m\u00ed me hubiese gustado, del pa\u00eds o de mis amigos, hace que quiera seguir volviendo, que quiera estar ah\u00ed\u00bb.<\/p>\n<blockquote readability=\"7\">\n<p>Messi siempre disfruta se sus regresos a la Argentina y especialmente a Rosario, su tierra natal. Los a\u00f1os pasan pero esa satisfacci\u00f3n por el regreso a casa se renueva<span class=\"comilla\">\u201d<\/span><\/p>\n<\/blockquote>\n<p>Barcelona tuvo una temporada at\u00edpica ya que apenas logr\u00f3 un t\u00edtulo, la Copa del Rey, el 35to. ganado por Messi con la casaca azulgrana, y no pas\u00f3 inadvertido que su festejo fue especial, m\u00e1s elocuente que en otros logros de mayor envergadura con el club catal\u00e1n.<\/p>\n<p>\u00abSiempre que compito lo hago para ganar e intentar conseguir todos los objetivos. La verdad es que la \u00faltima Copa del Rey fue especial por el momento en que est\u00e1bamos tambi\u00e9n, el club viene de un par de a\u00f1os donde no la ven\u00edamos pas\u00e1ndola bien por diferentes resultados y por t\u00edtulos. Porque es un vestuario muy joven, con mucha gente, y gente nueva, y esta Copa del Rey fue un punto de inflexi\u00f3n, muy importante\u00bb afirm\u00f3 el futbolista, quien en las pr\u00f3ximas horas regresar\u00e1 a la Argentina para sumarse al seleccionado \u00abalbiceleste\u00bb. <\/p>\n","protected":false},"excerpt":{"rendered":"<p>Messi tuvo en Barcelona una temporada at\u00edpica ya que apenas logr\u00f3 un t\u00edtulo Lionel Messi, el capit\u00e1n del seleccionado argentino, revel\u00f3 su entusiasmo por jugar la pr\u00f3xima Copa Am\u00e9rica debido a que podr\u00e1 reencontrarse con sus compa\u00f1eros del equipo nacional en un certamen que ser\u00e1 \u00abdiferente\u00bb debido a la coyuntura que atraviesa el mundo como [&hellip;]<\/p>\n","protected":false},"author":1,"featured_media":4794,"comment_status":"closed","ping_status":"closed","sticky":false,"template":"","format":"standard","meta":[],"categories":[10],"tags":[],"_links":{"self":[{"href":"http:\/\/nuevacordoba.net\/index.php\/wp-json\/wp\/v2\/posts\/4793"}],"collection":[{"href":"http:\/\/nuevacordoba.net\/index.php\/wp-json\/wp\/v2\/posts"}],"about":[{"href":"http:\/\/nuevacordoba.net\/index.php\/wp-json\/wp\/v2\/types\/post"}],"author":[{"embeddable":true,"href":"http:\/\/nuevacordoba.net\/index.php\/wp-json\/wp\/v2\/users\/1"}],"replies":[{"embeddable":true,"href":"http:\/\/nuevacordoba.net\/index.php\/wp-json\/wp\/v2\/comments?post=4793"}],"version-history":[{"count":0,"href":"http:\/\/nuevacordoba.net\/index.php\/wp-json\/wp\/v2\/posts\/4793\/revisions"}],"wp:featuredmedia":[{"embeddable":true,"href":"http:\/\/nuevacordoba.net\/index.php\/wp-json\/wp\/v2\/media\/4794"}],"wp:attachment":[{"href":"http:\/\/nuevacordoba.net\/index.php\/wp-json\/wp\/v2\/media?parent=4793"}],"wp:term":[{"taxonomy":"category","embeddable":true,"href":"http:\/\/nuevacordoba.net\/index.php\/wp-json\/wp\/v2\/categories?post=4793"},{"taxonomy":"post_tag","embeddable":true,"href":"http:\/\/nuevacordoba.net\/index.php\/wp-json\/wp\/v2\/tags?post=4793"}],"curies":[{"name":"wp","href":"https:\/\/api.w.org\/{rel}","templated":true}]}}