{"id":4825,"date":"2021-05-22T17:50:54","date_gmt":"2021-05-22T17:50:54","guid":{"rendered":"http:\/\/cordobanewsnet.wordpress.com\/?p=5571"},"modified":"2021-05-22T17:50:54","modified_gmt":"2021-05-22T17:50:54","slug":"patricia-bullrich-propone-eliminar-impuestos-ampliar-el-ife-y-bajar-sueldos-de-politicos-durante-la-cuarentena","status":"publish","type":"post","link":"http:\/\/nuevacordoba.net\/index.php\/2021\/05\/22\/patricia-bullrich-propone-eliminar-impuestos-ampliar-el-ife-y-bajar-sueldos-de-politicos-durante-la-cuarentena\/","title":{"rendered":"Patricia Bullrich propone eliminar impuestos, ampliar el IFE y bajar sueldos de pol\u00edticos durante la cuarentena"},"content":{"rendered":"<div><img src=\"http:\/\/nuevacordoba.net\/wp-content\/uploads\/2021\/05\/patricia-bullrich-propone-eliminar-impuestos-ampliar-el-ife-y-bajar-sueldos-de-politicos-durante-la-cuarentena.jpg\" class=\"ff-og-image-inserted\"><\/div>\n<p>impacto de la pandemia en la&nbsp;<strong>salud<\/strong>&nbsp;de los&nbsp;<strong>argentinos<\/strong>&nbsp;generan tanta preocupaci\u00f3n por estas horas como el golpe en la&nbsp;<strong>econom\u00eda<\/strong>. Las nuevas&nbsp;medidas restrictivos de circulaci\u00f3n genera preocupaci\u00f3n en algunos sectores de la industria y en el arco pol\u00edtico.<\/p>\n<p>En este punto, es la titular del PRO&nbsp;<strong>Patricia Bullrich<\/strong>&nbsp;quien lanz\u00f3 una serie de cr\u00edticas y propuestas en la red social&nbsp;<strong>Twitter<\/strong>.<\/p>\n<p>Las ideas proponen apuntalar algunos de los sectores golpeados por la&nbsp;<strong>pandemia<\/strong>. Ayudas econ\u00f3micas, bajas impositivas y una idea que va a despertar reacciones en el oficialismo.<\/p>\n<p>\u201cPresidente, es hora de que comprenda a la gente y el esfuerzo que viene haciendo. Le propongo medidas para alivianar un poco estos momentos de desesperaci\u00f3n: #CuarentenaLibreDeImpuestos\u201d, lanz\u00f3 la dirigente opositora.<\/p>\n<p><strong>Y enumer\u00f3 sus ideas en una cadena de tweets:<\/strong><\/p>\n<ul>\n<li>Suspensi\u00f3n de impuestos en todos los niveles durante el presente y los futuros per\u00edodos de confinamiento;<\/li>\n<li>ATP a todas las Pymes y empresas que no pueden operar;<\/li>\n<li>IFE para profesionales, monotributistas e informales, equivalente al gasto diario en base a la canasta familiar.<\/li>\n<\/ul>\n<p>En la noche de este jueves, el presidente&nbsp;<strong>Alberto Fern\u00e1ndez<\/strong>&nbsp;anunci\u00f3 m\u00e1s restricciones a la actividad comercial y al tr\u00e1nsito. Sin embargo, no s\u00f3lo anunci\u00f3 estas nuevas medidas sino que adem\u00e1s embisti\u00f3 duramente en su discurso por cadena nacional a la oposici\u00f3n.<\/p>\n<p>La respuesta de Patricia Bullrich apunt\u00f3 al coraz\u00f3n del c\u00edrculo pol\u00edtico: \u201cReducci\u00f3n del 20% de los sueldos pol\u00edticos por 6 meses, lo que representa m\u00e1s de 3000 millones de ahorro que pueden ser destinados a trabajadores de las empresas cerradas\u201d, propuso por \u00faltimo Bullrich.<\/p>\n<div id=\"jp-post-flair\" class=\"sharedaddy sd-like-enabled sd-sharing-enabled\">\n<div class=\"sharedaddy sd-sharing-enabled\">\n<div class=\"robots-nocontent sd-block sd-social sd-social-icon-text sd-sharing\">\n<h3 class=\"sd-title\">Share this:<\/h3>\n<\/div>\n<\/div>\n<div class=\"sharedaddy sd-block sd-like jetpack-likes-widget-wrapper jetpack-likes-widget-unloaded\" id=\"like-post-wrapper-143108178-5571-60a9459bc93fd\" data-src=\"\/\/widgets.wp.com\/likes\/index.html?ver=20210413#blog_id=143108178&amp;post_id=5571&amp;origin=cordobanewsnet.wordpress.com&amp;obj_id=143108178-5571-60a9459bc93fd\" data-name=\"like-post-frame-143108178-5571-60a9459bc93fd\">\n<h3 class=\"sd-title\">Me gusta esto:<\/h3>\n<p><span class=\"button\"><span>Me gusta<\/span><\/span> <span class=\"loading\">Cargando&#8230;<\/span><\/p>\n<p><span class=\"sd-text-color\"><\/span><\/div>\n<p><h3 class=\"jp-relatedposts-headline\"><em>Relacionado<\/em><\/h3>\n<\/p>\n<\/div>\n","protected":false},"excerpt":{"rendered":"<p>impacto de la pandemia en la&nbsp;salud&nbsp;de los&nbsp;argentinos&nbsp;generan tanta preocupaci\u00f3n por estas horas como el golpe en la&nbsp;econom\u00eda. Las nuevas&nbsp;medidas restrictivos de circulaci\u00f3n genera preocupaci\u00f3n en algunos sectores de la industria y en el arco pol\u00edtico. En este punto, es la titular del PRO&nbsp;Patricia Bullrich&nbsp;quien lanz\u00f3 una serie de cr\u00edticas y propuestas en la red social&nbsp;Twitter. [&hellip;]<\/p>\n","protected":false},"author":1,"featured_media":4826,"comment_status":"closed","ping_status":"closed","sticky":false,"template":"","format":"standard","meta":[],"categories":[14],"tags":[],"_links":{"self":[{"href":"http:\/\/nuevacordoba.net\/index.php\/wp-json\/wp\/v2\/posts\/4825"}],"collection":[{"href":"http:\/\/nuevacordoba.net\/index.php\/wp-json\/wp\/v2\/posts"}],"about":[{"href":"http:\/\/nuevacordoba.net\/index.php\/wp-json\/wp\/v2\/types\/post"}],"author":[{"embeddable":true,"href":"http:\/\/nuevacordoba.net\/index.php\/wp-json\/wp\/v2\/users\/1"}],"replies":[{"embeddable":true,"href":"http:\/\/nuevacordoba.net\/index.php\/wp-json\/wp\/v2\/comments?post=4825"}],"version-history":[{"count":0,"href":"http:\/\/nuevacordoba.net\/index.php\/wp-json\/wp\/v2\/posts\/4825\/revisions"}],"wp:featuredmedia":[{"embeddable":true,"href":"http:\/\/nuevacordoba.net\/index.php\/wp-json\/wp\/v2\/media\/4826"}],"wp:attachment":[{"href":"http:\/\/nuevacordoba.net\/index.php\/wp-json\/wp\/v2\/media?parent=4825"}],"wp:term":[{"taxonomy":"category","embeddable":true,"href":"http:\/\/nuevacordoba.net\/index.php\/wp-json\/wp\/v2\/categories?post=4825"},{"taxonomy":"post_tag","embeddable":true,"href":"http:\/\/nuevacordoba.net\/index.php\/wp-json\/wp\/v2\/tags?post=4825"}],"curies":[{"name":"wp","href":"https:\/\/api.w.org\/{rel}","templated":true}]}}