{"id":4827,"date":"2021-05-21T14:21:55","date_gmt":"2021-05-21T14:21:55","guid":{"rendered":"https:\/\/puntoapunto.com.ar\/?p=278068"},"modified":"2021-05-21T14:21:55","modified_gmt":"2021-05-21T14:21:55","slug":"nuevo-confinamiento-el-comercio-pide-asistencia-a-muni-provincia-y-nacion","status":"publish","type":"post","link":"http:\/\/nuevacordoba.net\/index.php\/2021\/05\/21\/nuevo-confinamiento-el-comercio-pide-asistencia-a-muni-provincia-y-nacion\/","title":{"rendered":"Nuevo confinamiento: el comercio pide asistencia a Muni, Provincia y Naci\u00f3n"},"content":{"rendered":"<p><!-- image --><\/p>\n<div class=\"td-post-featured-image\"><a href=\"http:\/\/nuevacordoba.net\/wp-content\/uploads\/2021\/05\/nuevo-confinamiento-el-comercio-pide-asistencia-a-muni-provincia-y-nacion-5.jpg\" data-caption><img loading=\"lazy\" width=\"696\" height=\"391\" class=\"entry-thumb td-modal-image\" src=\"http:\/\/nuevacordoba.net\/wp-content\/uploads\/2021\/05\/nuevo-confinamiento-el-comercio-pide-asistencia-a-muni-provincia-y-nacion.jpg\" srcset=\"http:\/\/nuevacordoba.net\/wp-content\/uploads\/2021\/05\/nuevo-confinamiento-el-comercio-pide-asistencia-a-muni-provincia-y-nacion.jpg 696w, http:\/\/nuevacordoba.net\/wp-content\/uploads\/2021\/05\/nuevo-confinamiento-el-comercio-pide-asistencia-a-muni-provincia-y-nacion-1.jpg 300w, http:\/\/nuevacordoba.net\/wp-content\/uploads\/2021\/05\/nuevo-confinamiento-el-comercio-pide-asistencia-a-muni-provincia-y-nacion-2.jpg 768w, http:\/\/nuevacordoba.net\/wp-content\/uploads\/2021\/05\/nuevo-confinamiento-el-comercio-pide-asistencia-a-muni-provincia-y-nacion-3.jpg 150w, http:\/\/nuevacordoba.net\/wp-content\/uploads\/2021\/05\/nuevo-confinamiento-el-comercio-pide-asistencia-a-muni-provincia-y-nacion-4.jpg 747w, http:\/\/nuevacordoba.net\/wp-content\/uploads\/2021\/05\/nuevo-confinamiento-el-comercio-pide-asistencia-a-muni-provincia-y-nacion-5.jpg 950w\" sizes=\"(max-width: 696px) 100vw, 696px\" alt title=\"comercios\"><\/a><\/div>\n<p> <!-- content --><\/p>\n<div class=\"td-a-rec td-a-rec-id-content_top tdi_73_d86 td_block_template_10\">\n<div class=\"g g-34\">\n<div class=\"g-single a-299\"><a class=\"gofollow\" data-track=\"Mjk5LDM0LDEsNjA=\" href=\"http:\/\/www.grupocanter.com.ar\/landing\/blanqueo\/pap\/?utm_source=Punto%20a%20Punto&amp;utm_medium=Banners&amp;utm_campaign=Blanqueo&amp;utm_term=950x187\"><img src=\"http:\/\/nuevacordoba.net\/wp-content\/uploads\/2021\/05\/nuevo-confinamiento-el-comercio-pide-asistencia-a-muni-provincia-y-nacion.gif\"><\/a><\/div>\n<\/div>\n<\/div>\n<p>Como era de esperarse, buena parte de los sectores privados alcanzados por la decisi\u00f3n de volver a un confinamiento estricto desde las 00 del s\u00e1bado 22 hasta el domingo 30 de mayo comenzaron a manifestarse.<\/p>\n<p>En <a href=\"https:\/\/puntoapunto.com.ar\/tag\/cordoba\/\" class=\"st_tag internal_tag\" rel=\"tag\" title=\"Posts tagged with c\u00f3rdoba\">C\u00f3rdoba<\/a>, una de las entidades que ya fij\u00f3 su posici\u00f3n es la C\u00e1mara de Comercio de C\u00f3rdoba, que representa a decenas de miles de comercios en distintas ramas, muchos de los cu\u00e1les no entran en la categor\u00eda de \u201cesenciales\u201d, con lo que deber\u00e1n mantener sus puertas cerradas mientras dure este nuevo per\u00edodo de confinamiento.<\/p>\n<p>En ese sentido, la entidad que preside Jos\u00e9 Viale manifest\u00f3 que aboga por un accionar concreto del Estado en pos de salvaguardar a los comerciantes y paliar el impacto negativo que las nuevas medidas tienen sobre el sector.<\/p>\n<p>La C\u00e1mara remarc\u00f3 que d\u00edas atr\u00e1s di\u00f3 a conocer el n\u00famero de empleos perdidos tras el 2020, alcanzando m\u00e1s de 54.900 puestos laborales entre el comercio y los servicios. \u201cNo cabe duda, por lo tanto, que el nuevo parate de la actividad hace que el comerciante se quede sin margen para mantener las fuentes de trabajo, afrontar el pago de servicios e impuestos, alquileres, cargas patronales; dificultades todas que viene poni\u00e9ndose al hombro desde el comienzo de la pandemia\u201d, apunt\u00f3.<\/p>\n<p><strong>\u201cYa no se puede seguir sin tener previsibilidad<\/strong>. <strong>Es vital y urgente que se piense en un <a href=\"https:\/\/puntoapunto.com.ar\/tag\/plan\/\" class=\"st_tag internal_tag\" rel=\"tag\" title=\"Posts tagged with plan\">plan<\/a> real de reactivaci\u00f3n de la econom\u00eda<\/strong>. El Estado debe crear los mecanismos para brindar medidas econ\u00f3micas- financieras certeras a quienes aportamos la porci\u00f3n m\u00e1s grande de empleo a la productividad nacional\u201d, coment\u00f3 <strong>Jos\u00e9 Viale, presidente<\/strong><strong>&nbsp;de la C\u00e1mara de Comercio de C\u00f3rdoba<\/strong>. Y agreg\u00f3, \u201c<strong>Sin la presencia real del Estado ya no hay <a href=\"https:\/\/puntoapunto.com.ar\/tag\/sustentabilidad\/\" class=\"st_tag internal_tag\" rel=\"tag\" title=\"Posts tagged with Sustentabilidad\">sustentabilidad<\/a> de&nbsp; empresa posible\u201d<\/strong>.<\/p>\n<p><strong>Reclamos.<\/strong> En esa l\u00ednea exigieron una serie de medidas, tanto a la Naci\u00f3n, como a la gesti\u00f3n provincial y municipal:<\/p>\n<p>-Exenci\u00f3n de la tasa de industria y comercio, eximir el pago del Impuesto a los Ingresos Brutos, pr\u00f3rroga en el pago de los servicios p\u00fablicos, reducci\u00f3n de las contribuciones patronales, suspensi\u00f3n de la aplicaci\u00f3n de reg\u00edmenes de retenci\u00f3n y percepci\u00f3n impositivos; entre otras de las medidas que desde la entidad mencionan como nuevamente necesarias.<\/p>\n<p>\u201cEs hora de que las autoridades focalicen su accionar en un apropiado plan de vacunaci\u00f3n, y en prevenir los contagios, pero con las diferentes actividades productivas funcionando, dando pasos hacia adelante, sin marchas atr\u00e1s que generen peores resultados. Si bien la C\u00e1mara ha considerado primordial la salud de los ciudadanos desde el d\u00eda 1, no puede dejar de se\u00f1alar que <strong>no es factible ni justo poner a la salud vs la econom\u00eda, ni viceversa; urge encontrar un equilibrio\u201d, se\u00f1al\u00f3 la entidad.&nbsp;<\/strong><\/p>\n<p><strong>&nbsp;<\/strong><\/p>\n<p> No tags for this post. <!-- A generated by theme --> <!-- end A --> <\/p>\n","protected":false},"excerpt":{"rendered":"<p>Como era de esperarse, buena parte de los sectores privados alcanzados por la decisi\u00f3n de volver a un confinamiento estricto desde las 00 del s\u00e1bado 22 hasta el domingo 30 de mayo comenzaron a manifestarse. En C\u00f3rdoba, una de las entidades que ya fij\u00f3 su posici\u00f3n es la C\u00e1mara de Comercio de C\u00f3rdoba, que representa [&hellip;]<\/p>\n","protected":false},"author":1,"featured_media":4828,"comment_status":"open","ping_status":"closed","sticky":false,"template":"","format":"standard","meta":[],"categories":[14],"tags":[],"_links":{"self":[{"href":"http:\/\/nuevacordoba.net\/index.php\/wp-json\/wp\/v2\/posts\/4827"}],"collection":[{"href":"http:\/\/nuevacordoba.net\/index.php\/wp-json\/wp\/v2\/posts"}],"about":[{"href":"http:\/\/nuevacordoba.net\/index.php\/wp-json\/wp\/v2\/types\/post"}],"author":[{"embeddable":true,"href":"http:\/\/nuevacordoba.net\/index.php\/wp-json\/wp\/v2\/users\/1"}],"replies":[{"embeddable":true,"href":"http:\/\/nuevacordoba.net\/index.php\/wp-json\/wp\/v2\/comments?post=4827"}],"version-history":[{"count":0,"href":"http:\/\/nuevacordoba.net\/index.php\/wp-json\/wp\/v2\/posts\/4827\/revisions"}],"wp:featuredmedia":[{"embeddable":true,"href":"http:\/\/nuevacordoba.net\/index.php\/wp-json\/wp\/v2\/media\/4828"}],"wp:attachment":[{"href":"http:\/\/nuevacordoba.net\/index.php\/wp-json\/wp\/v2\/media?parent=4827"}],"wp:term":[{"taxonomy":"category","embeddable":true,"href":"http:\/\/nuevacordoba.net\/index.php\/wp-json\/wp\/v2\/categories?post=4827"},{"taxonomy":"post_tag","embeddable":true,"href":"http:\/\/nuevacordoba.net\/index.php\/wp-json\/wp\/v2\/tags?post=4827"}],"curies":[{"name":"wp","href":"https:\/\/api.w.org\/{rel}","templated":true}]}}