{"id":484,"date":"2021-02-01T17:05:49","date_gmt":"2021-02-01T17:05:49","guid":{"rendered":"https:\/\/www.checkinmag.com\/?p=1776"},"modified":"2021-02-01T17:05:49","modified_gmt":"2021-02-01T17:05:49","slug":"8-millones-de-turistas-ya-vacacionaron-en-el-pais","status":"publish","type":"post","link":"http:\/\/nuevacordoba.net\/index.php\/2021\/02\/01\/8-millones-de-turistas-ya-vacacionaron-en-el-pais\/","title":{"rendered":"8 millones de turistas ya vacacionaron en el pa\u00eds"},"content":{"rendered":"<p>M\u00e1s de 8 de millones de argentinos y argentinas ya se movilizaron por los destinos de todo el pa\u00eds desde el inicio de la temporada. Seg\u00fan estad\u00edsticas oficiales, el Partido de la Costa, Mar del Plata, Villa Gesell, Bariloche, Villa Carlos Paz, Pinamar, Monte Hermoso, San Mart\u00edn de los Andes, Miramar, Salta, Gualeguaych\u00fa y San Rafael tuvieron el mayor caudal tur\u00edstico.&nbsp;<\/p>\n<p>\u201cEstamos teniendo un gran verano, con m\u00e1s de ocho millones de argentinos y argentinas movilizados por los destinos de nuestro pa\u00eds. En un contexto dif\u00edcil, desde el Gobierno nacional tomamos una decisi\u00f3n pol\u00edtica valiente y audaz, que fue tener temporada y creemos que los resultados fueron sumamente positivos, para iniciar la reactivaci\u00f3n de nuestras econom\u00edas regionales. Somos optimistas en que vamos a tener un importante movimiento tur\u00edstico durante la primera quincena de febrero y un muy buen fin de semana largo de Carnaval\u201d, asegur\u00f3 el ministro Mat\u00edas Lammens.&nbsp;<\/p>\n<p>Y agreg\u00f3: \u201cSi estamos teniendo una buena temporada es gracias a que la gran mayor\u00eda de los y las turistas se est\u00e1n cuidando y que los prestadores tur\u00edsticos y las autoridades locales est\u00e1n haciendo cumplir los protocolos. Tenemos que seguir as\u00ed, es fundamental que todos y todas sigamos cuid\u00e1ndonos\u201d.&nbsp;<\/p>\n<figure class=\"wp-block-image size-large is-resized\"><img loading=\"lazy\" src=\"http:\/\/nuevacordoba.net\/wp-content\/uploads\/2021\/02\/8-millones-de-turistas-ya-vacacionaron-en-el-pais.jpg\" alt class=\"wp-image-1778\" width=\"470\" height=\"288\"><\/figure>\n<p>De acuerdo a estad\u00edsticas oficiales, las provincias de Buenos Aires, C\u00f3rdoba, Entre R\u00edos, Neuqu\u00e9n y R\u00edo Negro tuvieron la mayor afluencia tur\u00edstica. Por su parte, desde el sector privado informaron que, en esta temporada especial hubo un 85% de ocupaci\u00f3n durante los fines de semana en el Partido de la Costa, picos del 70% en Villa Carlos Paz, m\u00e1s del 70% en Villa Gesell y Pinamar, 75% en San Rafael y m\u00e1s del 90% en Taf\u00ed del Valle y Villa La Angostura.&nbsp;<\/p>\n<p>Con la decisi\u00f3n pol\u00edtica de tener temporada de verano, se defini\u00f3 la puesta en marcha del plan DetectAr, la presencia de promotores tur\u00edsticos en los principales centros del pa\u00eds, la puesta en marcha del programa Municipios Responsables en las localidades tur\u00edsticas para que lleven adelante reformas, implementen campa\u00f1as y puedan adaptarse a los protocolos vigentes, entre otras medidas. En el mismo sentido, se llev\u00f3 adelante, junto con la Secretar\u00eda de Innovaci\u00f3n P\u00fablica, la Web Verano, donde se puede acceder a los requisitos para ingresar a todas las provincias y completar el Certificado Verano, adem\u00e1s de descargar los protocolos con recomendaciones sanitarias para playas, balnearios, alojamientos y establecimientos gastron\u00f3micos, entre otros.&nbsp;<\/p>\n<p><a href=\"http:\/\/www.argentina.gob.ar\">www.argentina.gob.ar<\/a><\/p>\n","protected":false},"excerpt":{"rendered":"<p>M\u00e1s de 8 de millones de argentinos y argentinas ya se movilizaron por los destinos de todo el pa\u00eds desde el inicio de la temporada. Seg\u00fan estad\u00edsticas oficiales, el Partido de la Costa, Mar del Plata, Villa Gesell, Bariloche, Villa Carlos Paz, Pinamar, Monte Hermoso, San Mart\u00edn de los Andes, Miramar, Salta, Gualeguaych\u00fa y San [&hellip;]<\/p>\n","protected":false},"author":1,"featured_media":485,"comment_status":"closed","ping_status":"closed","sticky":false,"template":"","format":"standard","meta":[],"categories":[11],"tags":[],"_links":{"self":[{"href":"http:\/\/nuevacordoba.net\/index.php\/wp-json\/wp\/v2\/posts\/484"}],"collection":[{"href":"http:\/\/nuevacordoba.net\/index.php\/wp-json\/wp\/v2\/posts"}],"about":[{"href":"http:\/\/nuevacordoba.net\/index.php\/wp-json\/wp\/v2\/types\/post"}],"author":[{"embeddable":true,"href":"http:\/\/nuevacordoba.net\/index.php\/wp-json\/wp\/v2\/users\/1"}],"replies":[{"embeddable":true,"href":"http:\/\/nuevacordoba.net\/index.php\/wp-json\/wp\/v2\/comments?post=484"}],"version-history":[{"count":0,"href":"http:\/\/nuevacordoba.net\/index.php\/wp-json\/wp\/v2\/posts\/484\/revisions"}],"wp:featuredmedia":[{"embeddable":true,"href":"http:\/\/nuevacordoba.net\/index.php\/wp-json\/wp\/v2\/media\/485"}],"wp:attachment":[{"href":"http:\/\/nuevacordoba.net\/index.php\/wp-json\/wp\/v2\/media?parent=484"}],"wp:term":[{"taxonomy":"category","embeddable":true,"href":"http:\/\/nuevacordoba.net\/index.php\/wp-json\/wp\/v2\/categories?post=484"},{"taxonomy":"post_tag","embeddable":true,"href":"http:\/\/nuevacordoba.net\/index.php\/wp-json\/wp\/v2\/tags?post=484"}],"curies":[{"name":"wp","href":"https:\/\/api.w.org\/{rel}","templated":true}]}}