{"id":4871,"date":"2021-05-23T17:17:05","date_gmt":"2021-05-23T17:17:05","guid":{"rendered":"http:\/\/cordobanewsnet.wordpress.com\/?p=5582"},"modified":"2021-05-23T17:17:05","modified_gmt":"2021-05-23T17:17:05","slug":"cuarentena-la-nacion-aclara-que-luego-del-31-de-mayo-habra-una-segunda-etapa-de-medidas","status":"publish","type":"post","link":"http:\/\/nuevacordoba.net\/index.php\/2021\/05\/23\/cuarentena-la-nacion-aclara-que-luego-del-31-de-mayo-habra-una-segunda-etapa-de-medidas\/","title":{"rendered":"Cuarentena: La Naci\u00f3n aclara que luego del 31 de mayo habr\u00e1 una segunda etapa de medidas"},"content":{"rendered":"<p><!-- \/featured-media --> <\/p>\n<div class=\"post-content clear\" readability=\"44.027377521614\">\n<p>Este s\u00e1bado fue el primero de los nueve d\u00edas de cuarentena estricta dispuesta por el&nbsp;DNU presidencial. Sin embargo,&nbsp;<strong>el jefe de Gabinete de la Naci\u00f3n, Santiago Cafiero, aclar\u00f3 que el decreto tiene vigencia hasta el 11 de junio<\/strong>, destacando que desde el 31 de mayo habr\u00e1 una segunda etapa de medidas que estar\u00e1n supeditadas a la situaci\u00f3n epidemiol\u00f3gica generales y particulares de cada provincia.<\/p>\n<p>El Decreto de Necesidad de Urgencia, al que la provincia de C\u00f3rdoba adhiri\u00f3, prev\u00e9 un&nbsp;confinamiento estricto por nueve d\u00edas que&nbsp;<strong>comenz\u00f3 en la medianoche de este s\u00e1bado 22&nbsp;y finalizar\u00e1 el domingo 30 de mayo.<\/strong><\/p>\n<figure class=\"wp-block-image\"><img src=\"http:\/\/nuevacordoba.net\/wp-content\/uploads\/2021\/05\/cuarentena-la-nacion-aclara-que-luego-del-31-de-mayo-habra-una-segunda-etapa-de-medidas.jpg\" alt><\/figure>\n<div id=\"jp-post-flair\" class=\"sharedaddy sd-like-enabled sd-sharing-enabled\">\n<div class=\"sharedaddy sd-sharing-enabled\">\n<div class=\"robots-nocontent sd-block sd-social sd-social-icon-text sd-sharing\">\n<h3 class=\"sd-title\">Share this:<\/h3>\n<\/div>\n<\/div>\n<div class=\"sharedaddy sd-block sd-like jetpack-likes-widget-wrapper jetpack-likes-widget-unloaded\" id=\"like-post-wrapper-143108178-5582-60ab158e952ce\" data-src=\"\/\/widgets.wp.com\/likes\/index.html?ver=20210413#blog_id=143108178&amp;post_id=5582&amp;origin=cordobanewsnet.wordpress.com&amp;obj_id=143108178-5582-60ab158e952ce\" data-name=\"like-post-frame-143108178-5582-60ab158e952ce\">\n<h3 class=\"sd-title\">Me gusta esto:<\/h3>\n<p><span class=\"button\"><span>Me gusta<\/span><\/span> <span class=\"loading\">Cargando&#8230;<\/span><\/p>\n<p><span class=\"sd-text-color\"><\/span><\/div>\n<p><h3 class=\"jp-relatedposts-headline\"><em>Relacionado<\/em><\/h3>\n<\/p>\n<\/div><\/div>\n<p><!--\/.post-content--> <\/p>\n<footer class=\"post-meta-container clear\" readability=\"0.3757225433526\">\n<div class=\"entry-author author-avatar-show\" readability=\"13.114754098361\">\n<div class=\"author-avatar\"> <img loading=\"lazy\" alt src=\"http:\/\/nuevacordoba.net\/wp-content\/uploads\/2021\/05\/cuarentena-la-nacion-aclara-que-luego-del-31-de-mayo-habra-una-segunda-etapa-de-medidas.png\" class=\"avatar avatar-90\" height=\"90\" width=\"90\"> <\/div>\n<p><!-- .author-avatar --> <\/p>\n<p><h2 class=\"author-title\">Publicado por <span class=\"author-name\">Redacci\u00f3n<\/span><\/h2>\n<\/p>\n<p><!-- .author-heading --> <\/p>\n<p class=\"author-bio\"> <a class=\"author-link\" href=\"https:\/\/cordobanewsnet.wordpress.com\/author\/prettomatias\/\" rel=\"author\"> Ver todas las entradas de Redacci\u00f3n <\/a> <\/p>\n<p><!-- .author-bio --> <\/div>\n<p><!-- .entry-auhtor --> <\/footer>\n<p> <!-- \/post-meta-container --> <!-- #respond --> <\/p>\n","protected":false},"excerpt":{"rendered":"<p>Este s\u00e1bado fue el primero de los nueve d\u00edas de cuarentena estricta dispuesta por el&nbsp;DNU presidencial. Sin embargo,&nbsp;el jefe de Gabinete de la Naci\u00f3n, Santiago Cafiero, aclar\u00f3 que el decreto tiene vigencia hasta el 11 de junio, destacando que desde el 31 de mayo habr\u00e1 una segunda etapa de medidas que estar\u00e1n supeditadas a la [&hellip;]<\/p>\n","protected":false},"author":1,"featured_media":4872,"comment_status":"closed","ping_status":"closed","sticky":false,"template":"","format":"standard","meta":[],"categories":[14],"tags":[],"_links":{"self":[{"href":"http:\/\/nuevacordoba.net\/index.php\/wp-json\/wp\/v2\/posts\/4871"}],"collection":[{"href":"http:\/\/nuevacordoba.net\/index.php\/wp-json\/wp\/v2\/posts"}],"about":[{"href":"http:\/\/nuevacordoba.net\/index.php\/wp-json\/wp\/v2\/types\/post"}],"author":[{"embeddable":true,"href":"http:\/\/nuevacordoba.net\/index.php\/wp-json\/wp\/v2\/users\/1"}],"replies":[{"embeddable":true,"href":"http:\/\/nuevacordoba.net\/index.php\/wp-json\/wp\/v2\/comments?post=4871"}],"version-history":[{"count":0,"href":"http:\/\/nuevacordoba.net\/index.php\/wp-json\/wp\/v2\/posts\/4871\/revisions"}],"wp:featuredmedia":[{"embeddable":true,"href":"http:\/\/nuevacordoba.net\/index.php\/wp-json\/wp\/v2\/media\/4872"}],"wp:attachment":[{"href":"http:\/\/nuevacordoba.net\/index.php\/wp-json\/wp\/v2\/media?parent=4871"}],"wp:term":[{"taxonomy":"category","embeddable":true,"href":"http:\/\/nuevacordoba.net\/index.php\/wp-json\/wp\/v2\/categories?post=4871"},{"taxonomy":"post_tag","embeddable":true,"href":"http:\/\/nuevacordoba.net\/index.php\/wp-json\/wp\/v2\/tags?post=4871"}],"curies":[{"name":"wp","href":"https:\/\/api.w.org\/{rel}","templated":true}]}}