{"id":4875,"date":"2021-05-24T03:02:20","date_gmt":"2021-05-24T03:02:20","guid":{"rendered":"https:\/\/puntoapunto.com.ar\/?p=278088"},"modified":"2021-05-24T03:02:20","modified_gmt":"2021-05-24T03:02:20","slug":"cordoba-en-off-randazzo-al-tanto-del-enojo-de-juez-y-los-radicales","status":"publish","type":"post","link":"http:\/\/nuevacordoba.net\/index.php\/2021\/05\/24\/cordoba-en-off-randazzo-al-tanto-del-enojo-de-juez-y-los-radicales\/","title":{"rendered":"C\u00f3rdoba en off: Randazzo\u2026 \u00bfal tanto del enojo de Juez y los radicales?"},"content":{"rendered":"<p><!-- image --><\/p>\n<div class=\"td-post-featured-image\"><a href=\"http:\/\/nuevacordoba.net\/wp-content\/uploads\/2021\/05\/cordoba-en-off-randazzo-al-tanto-del-enojo-de-juez-y-los-radicales-8.jpg\" data-caption><img loading=\"lazy\" width=\"696\" height=\"478\" class=\"entry-thumb td-modal-image\" src=\"http:\/\/nuevacordoba.net\/wp-content\/uploads\/2021\/05\/cordoba-en-off-randazzo-al-tanto-del-enojo-de-juez-y-los-radicales.jpg\" srcset=\"http:\/\/nuevacordoba.net\/wp-content\/uploads\/2021\/05\/cordoba-en-off-randazzo-al-tanto-del-enojo-de-juez-y-los-radicales.jpg 696w, http:\/\/nuevacordoba.net\/wp-content\/uploads\/2021\/05\/cordoba-en-off-randazzo-al-tanto-del-enojo-de-juez-y-los-radicales-3.jpg 300w, http:\/\/nuevacordoba.net\/wp-content\/uploads\/2021\/05\/cordoba-en-off-randazzo-al-tanto-del-enojo-de-juez-y-los-radicales-4.jpg 150w, http:\/\/nuevacordoba.net\/wp-content\/uploads\/2021\/05\/cordoba-en-off-randazzo-al-tanto-del-enojo-de-juez-y-los-radicales-5.jpg 218w, http:\/\/nuevacordoba.net\/wp-content\/uploads\/2021\/05\/cordoba-en-off-randazzo-al-tanto-del-enojo-de-juez-y-los-radicales-6.jpg 612w, http:\/\/nuevacordoba.net\/wp-content\/uploads\/2021\/05\/cordoba-en-off-randazzo-al-tanto-del-enojo-de-juez-y-los-radicales-7.jpg 100w, http:\/\/nuevacordoba.net\/wp-content\/uploads\/2021\/05\/cordoba-en-off-randazzo-al-tanto-del-enojo-de-juez-y-los-radicales-8.jpg 728w\" sizes=\"(max-width: 696px) 100vw, 696px\" alt title=\"85803\"><\/a><\/div>\n<p> <!-- content --><\/p>\n<div class=\"td-a-rec td-a-rec-id-content_top tdi_73_cbe td_block_template_10\">\n<div class=\"g g-34\">\n<div class=\"g-single a-299\"><a class=\"gofollow\" data-track=\"Mjk5LDM0LDEsNjA=\" href=\"http:\/\/www.grupocanter.com.ar\/landing\/blanqueo\/pap\/?utm_source=Punto%20a%20Punto&amp;utm_medium=Banners&amp;utm_campaign=Blanqueo&amp;utm_term=950x187\"><img src=\"http:\/\/nuevacordoba.net\/wp-content\/uploads\/2021\/05\/cordoba-en-off-randazzo-al-tanto-del-enojo-de-juez-y-los-radicales.gif\"><\/a><\/div>\n<\/div>\n<\/div>\n<p>La versi\u00f3n surgi\u00f3 r\u00e1pidamente en la tarde del viernes. Hacia cuesti\u00f3n de horas, el estallido en Cambiemos por el paso del expresidente Mauricio Macri y la reacci\u00f3n de buena parte del radicalismo, se hab\u00eda convertido en tema nacional. El enojo era, como se conoci\u00f3 en la semana, por la decisi\u00f3n del expresidente de poner todas sus fichas al exministro de Turismo, <a href=\"https:\/\/puntoapunto.com.ar\/tag\/gustavo-santos\/\" class=\"st_tag internal_tag\" rel=\"tag\" title=\"Posts tagged with Gustavo Santos\">Gustavo Santos<\/a>.<\/p>\n<p>Lo cierto es que, ya sobre el final de la semana, se conoci\u00f3 que un empresario de La Calera, con acceso a distintos \u00e1mbitos de la pol\u00edtica cordobesa se reuni\u00f3 con el exministro del Interior del kirchnerismo, Florencio Randazzo. Cuentan que la reuni\u00f3n se produjo en las oficinas del excandidato presidencial en Puerto Madero, desde donde tiene un grupo de 30 personas que siguen todo lo que ocurre en el interior del pa\u00eds y con un asterisco grande puesto en C\u00f3rdoba. Al punto, que varios coinciden con que se interes\u00f3 por el enojo de Luis Juez y los radicales con Macri, y no desestim\u00f3 un caf\u00e9 con el exintendente capitalino.<\/p>\n<p>\u201cSabe todo y est\u00e1 al tanto de lo que pasa en C\u00f3rdoba. Repite que hay que dejar de hablar de tercera v\u00eda y pensar en el futuro\u201d, solt\u00f3 una persona que conoce los pasos del peronista bonaerense.<\/p>\n<p><img src=\"http:\/\/nuevacordoba.net\/wp-content\/uploads\/2021\/05\/cordoba-en-off-randazzo-al-tanto-del-enojo-de-juez-y-los-radicales-1.jpg\" alt=\"_20210523_macri_almuerzo\"><\/p>\n<h5><strong>Reacciones de todo tipo tras la visita de Macri&nbsp;<\/strong><\/h5>\n<p>Sin dudas, la estad\u00eda del expresidente Mauricio Macri en C\u00f3rdoba con motivo de la presentaci\u00f3n de su libro Primer Tiempo, pero tambi\u00e9n con el argumento perfecto para lanzar a Gustavo Santos como candidato a senador, fue el tema de la semana. Y hubo, como era de esperar, enojos y alegr\u00edas; sobre todo durante el almuerzo del jueves, horas m\u00e1s tarde del esperado lanzamiento del extitular de la cartera de Turismo. Veamos, un repaso de las caras y las reacciones del almuerzo. Entre los que fruncieron el ce\u00f1o, estuvieron el presidente de la <a href=\"https:\/\/puntoapunto.com.ar\/tag\/ucr\/\" class=\"st_tag internal_tag\" rel=\"tag\" title=\"Posts tagged with UCR\">UCR<\/a>, Marcos Carasso, quien fue cr\u00edtico del \u201crepublicanismo\u201d de Schiaretti del que hab\u00eda hablado Macri horas antes, y el hombre de Mario Negri en esa mesa, se lo hizo saber. De hecho, los que respaldan al extitular del Ejecutivo nacional, sostienen que \u201cCarasso no habl\u00f3 en <a href=\"https:\/\/puntoapunto.com.ar\/tag\/nombre\/\" class=\"st_tag internal_tag\" rel=\"tag\" title=\"Posts tagged with nombre\">nombre<\/a> del partido, habl\u00f3 en nombre de Negri\u201d. Luis Juez tambi\u00e9n le hizo saber lo suyo, pidi\u00f3 reglas claras para ir a una interna y ratific\u00f3 su intenci\u00f3n de ser candidato a gobernador en 2023. Y despu\u00e9s hubo, contentos. O muy conformes. De arranque, el propio Santos, la diputada nacional Soher El Sukar\u00eda, quien habl\u00f3 de liderazgos que pueden ejercer mujeres y los radicales <a href=\"https:\/\/puntoapunto.com.ar\/tag\/orlando-arduh\/\" class=\"st_tag internal_tag\" rel=\"tag\" title=\"Posts tagged with Orlando Arduh\">Orlando Arduh<\/a> y Rodrigo de Loredo. Los hombres de Sumar est\u00e1n preparados para dar batalla si se va a una Paso y podr\u00edan ser una pata radical cercana a Santos si hay que respaldar al candidato de Macri en una Primaria. Ah, la \u00faltima, varios coincidieron en lo inc\u00f3modo de H\u00e9ctor Baldassi en el <a href=\"https:\/\/puntoapunto.com.ar\/tag\/encuentro\/\" class=\"st_tag internal_tag\" rel=\"tag\" title=\"Posts tagged with Encuentro\">encuentro<\/a>. La carrera arranc\u00f3 con todo y varios concluyeron que, despu\u00e9s de lo que pas\u00f3, no ser\u00eda una buena idea que Macri se instale en C\u00f3rdoba. \u201cLo que pas\u00f3, demostr\u00f3 que conoce poco a la provincia en la fina. De \u00faltima, Patricia (Bullrich) fue m\u00e1s viva, abraz\u00f3 a todos, pero no se enamor\u00f3 de nadie\u201d, dijo una voz importante de la coalici\u00f3n.<\/p>\n<h5><strong>La carne se meti\u00f3 en la discusi\u00f3n por las restricciones&nbsp;<\/strong><\/h5>\n<p>Sorprendi\u00f3 a m\u00e1s de uno de los mandatarios provinciales que estaba conectado en el Zoom con el Presidente Alberto Fern\u00e1ndez el jueves para definir las nuevas restricciones por el coronavirus. &nbsp;Resulta que, de arranque y cuando a\u00fan ni siquiera hab\u00edan empezado a dar un detalle de la realidad sanitaria que vive cada una de las provincias, dos mandatarios, concretamente el chubutense Mariano Arcioni y el neuquino Omar Guti\u00e9rrez, lanzaron: \u201cquer\u00eda felicitarlo, Presidente por la medida en torno a la <a href=\"https:\/\/puntoapunto.com.ar\/tag\/suspension\/\" class=\"st_tag internal_tag\" rel=\"tag\" title=\"Posts tagged with suspensi\u00f3n\">suspensi\u00f3n<\/a> de las exportaciones de la carne\u201d, manifestaron casi a coro los patag\u00f3nicos para sorpresa de los que estaban en representaci\u00f3n de las provincias del \u00e1rea central. Esto lleg\u00f3 a o\u00eddos de varios, no solo de funcionarios locales sino tambi\u00e9n de productores que se molestaron a\u00fan m\u00e1s con la medida que lanz\u00f3 el Gobierno nacional el lunes pasado desde la Secretar\u00eda de Comercio Interior que encabeza Paula Espa\u00f1ol. }<\/p>\n<h5><strong>Chac\u00f3n y una semana de gestos<\/strong><\/h5>\n<p>El l\u00edder de los mercantiles en C\u00f3rdoba, Pablo Chac\u00f3n, vivi\u00f3 varios d\u00edas de gestos hacia adentro del microclima de la pol\u00edtica local, pero tambi\u00e9n hacia afuera. Con noticias que, cerca del hombre fuerte de Agec, dicen que le sirven para instalarse en la opini\u00f3n p\u00fablica. Y en esa \u00faltima, hacen referencia a la decisi\u00f3n de incorporar a los casi 150 empleados que se quedaron sin trabajo en Falabella, en supermercados cordobeses. Esa fue la buena y lo instal\u00f3 al referente de los empleados de Comercio en la agenda medi\u00e1tica local. Igual, dicen algunas voces en el gremialismo cordob\u00e9s que hay otra tarea, casi invisible del l\u00edder de Agec y es el acercamiento cada vez m\u00e1s fuerte al Panal. Es decir, Chac\u00f3n ya tom\u00f3 la decisi\u00f3n de alejarse del Frente de Todos, dejar de atender a Sergio Massa (dicen que esto es rec\u00edproco) y reactivar sus contactos con el schiarettismo. Particularmente, a trav\u00e9s de la mesa chica del gobernador Juan Schiaretti, con la diputada nacional Alejandra Vigo y el ministro de Desarrollo Social, Carlos Massei. \u201cChac\u00f3n ya decidi\u00f3 jugar ac\u00e1. Hace rato\u201d, sintetiz\u00f3 un dirigente del PJ cordob\u00e9s.<\/p>\n<p><img src=\"http:\/\/nuevacordoba.net\/wp-content\/uploads\/2021\/05\/cordoba-en-off-randazzo-al-tanto-del-enojo-de-juez-y-los-radicales-2.jpg\" alt=\"_20210523_chacon\"><\/p>\n<h5><strong>Una decisi\u00f3n en pausa<\/strong><\/h5>\n<p>Para esta semana estaba previsto que el juzgado federal con competencia electoral en C\u00f3rdoba que encabeza el juez Ricardo Bustos Fierro se expidiera en torno a la presidencia del PRO local de Javier Pretto. Se sabe, en la previa hubo algunos pedidos de impugnaci\u00f3n a la candidatura del exdiputado nacional que estuvo cerca del expresidente Mauricio Macri en la gira de esta semana. Sin embargo, alguien con buen tino, hizo un llamado y record\u00f3 en el despacho de Tribunales Federales que la noticia se iba a tergiversar con la estad\u00eda del l\u00edder del PRO y las interpretaciones period\u00edsticas iban a ser varias. Igual, algunos aseguran que ese fallo ya est\u00e1 escrito y se va a dar a conocer una vez que culmine este nuevo per\u00edodo de restricciones. Y ac\u00e1, las versiones si son varias y est\u00e1n encontradas: algunos sostienen que un fallo en contra de Pretto abrir\u00eda que se analice lo presentados por varios de los candidatos en la interna amarilla; mientras que est\u00e1n los que sostienen que un aval al hombre de La Carlota puede sentar un precedente complejo para el resto de los partidos. Por, aseguran algunos, la poca alternancia en la conducci\u00f3n del PRO local.<\/p>\n<h5><strong>La interna del Colegio de Abogados<\/strong><\/h5>\n<p>Otro de los cap\u00edtulos que se reabri\u00f3 en los \u00faltimos d\u00edas fue el de la interna del Colegio de Abogados entre el titular del cuerpo, el peronista Ignacio Segura, y Luis Pareja, hombre que viene del radicalismo y amag\u00f3 con ser candidato a presidente del Comit\u00e9 Capital en la reciente interna. Lo cierto es que Pareja cruz\u00f3 a Segura porque hace una semana, y cuando ya reg\u00edan las restricciones para los deportes amateur, el Colegio de Abogados que preside Segura disput\u00f3 las finales de las distintas categor\u00edas del tradicional torneo. Y Pareja, lo cruz\u00f3 en las redes: \u201ccuando las instituciones solo sirven para lo superficial, la demagogia marketinera, el resultadismo electoral y mantener espacios de poder, la responsabilidad social no es advertida por quienes conducen las instituciones\u201d, dispar\u00f3 el radical contra su colega.<\/p>\n<p>No tags for this post. <!-- A generated by theme --> <!-- end A --> <\/p>\n","protected":false},"excerpt":{"rendered":"<p>La versi\u00f3n surgi\u00f3 r\u00e1pidamente en la tarde del viernes. Hacia cuesti\u00f3n de horas, el estallido en Cambiemos por el paso del expresidente Mauricio Macri y la reacci\u00f3n de buena parte del radicalismo, se hab\u00eda convertido en tema nacional. El enojo era, como se conoci\u00f3 en la semana, por la decisi\u00f3n del expresidente de poner todas [&hellip;]<\/p>\n","protected":false},"author":1,"featured_media":4876,"comment_status":"open","ping_status":"closed","sticky":false,"template":"","format":"standard","meta":[],"categories":[14],"tags":[],"_links":{"self":[{"href":"http:\/\/nuevacordoba.net\/index.php\/wp-json\/wp\/v2\/posts\/4875"}],"collection":[{"href":"http:\/\/nuevacordoba.net\/index.php\/wp-json\/wp\/v2\/posts"}],"about":[{"href":"http:\/\/nuevacordoba.net\/index.php\/wp-json\/wp\/v2\/types\/post"}],"author":[{"embeddable":true,"href":"http:\/\/nuevacordoba.net\/index.php\/wp-json\/wp\/v2\/users\/1"}],"replies":[{"embeddable":true,"href":"http:\/\/nuevacordoba.net\/index.php\/wp-json\/wp\/v2\/comments?post=4875"}],"version-history":[{"count":0,"href":"http:\/\/nuevacordoba.net\/index.php\/wp-json\/wp\/v2\/posts\/4875\/revisions"}],"wp:featuredmedia":[{"embeddable":true,"href":"http:\/\/nuevacordoba.net\/index.php\/wp-json\/wp\/v2\/media\/4876"}],"wp:attachment":[{"href":"http:\/\/nuevacordoba.net\/index.php\/wp-json\/wp\/v2\/media?parent=4875"}],"wp:term":[{"taxonomy":"category","embeddable":true,"href":"http:\/\/nuevacordoba.net\/index.php\/wp-json\/wp\/v2\/categories?post=4875"},{"taxonomy":"post_tag","embeddable":true,"href":"http:\/\/nuevacordoba.net\/index.php\/wp-json\/wp\/v2\/tags?post=4875"}],"curies":[{"name":"wp","href":"https:\/\/api.w.org\/{rel}","templated":true}]}}