{"id":4879,"date":"2021-05-24T14:06:02","date_gmt":"2021-05-24T14:06:02","guid":{"rendered":"http:\/\/www.bbc.com\/mundo\/noticias-america-latina-56713408"},"modified":"2021-05-24T14:06:02","modified_gmt":"2021-05-24T14:06:02","slug":"quien-es-guillermo-lasso-el-exbanquero-que-asume-la-presidencia-de-ecuador-en-medio-de-la-peor-crisis-economica-y-de-salud-de-la-historia-del-pais","status":"publish","type":"post","link":"http:\/\/nuevacordoba.net\/index.php\/2021\/05\/24\/quien-es-guillermo-lasso-el-exbanquero-que-asume-la-presidencia-de-ecuador-en-medio-de-la-peor-crisis-economica-y-de-salud-de-la-historia-del-pais\/","title":{"rendered":"Qui\u00e9n es Guillermo Lasso, el exbanquero que asume la presidencia de Ecuador en medio de la peor crisis econ\u00f3mica y de salud de la historia del pa\u00eds"},"content":{"rendered":"<div dir=\"ltr\" class=\"e1j2237y6 bbc-q4ibpr e57qer20\">\n<div class=\"bbc-1atl7vu e1c9i7u14\">\n<ul role=\"list\" class=\"bbc-cdrraw e1c9i7u12\">\n<li role=\"listitem\" class=\"bbc-1a3w4ok e1c9i7u11\">Redacci\u00f3n <\/li>\n<li role=\"listitem\" class=\"bbc-1p92jtu e1c9i7u10\">BBC News Mundo<\/li>\n<\/ul>\n<\/div>\n<\/div>\n<div dir=\"ltr\" class=\"e1j2237y7 bbc-q4ibpr e57qer20\"><time datetime=\"2021-04-12\" class=\"bbc-14xtggo e4zesg50\">12 abril 2021<\/time><\/p>\n<p><time datetime=\"2021-05-24\" class=\"bbc-14xtggo e4zesg50\">Actualizado 1 hora<\/time><\/p>\n<\/div>\n<div dir=\"ltr\" class=\"bbc-1ka88fa e57qer20\">\n<figure class=\"bbc-1qdcvv9 e6bmn90\">\n<div dir=\"ltr\" class=\"bbc-172p16q e57qer20\">\n<div dir=\"ltr\" class=\"bbc-189y18v e57qer20\" readability=\"6.5\">\n<div data-e2e=\"image-placeholder\" class=\"bbc-1k5hvrj e1whu0\" readability=\"8\"><img srcset=\"http:\/\/nuevacordoba.net\/wp-content\/uploads\/2021\/05\/quien-es-guillermo-lasso-el-exbanquero-que-asume-la-presidencia-de-ecuador-en-medio-de-la-peor-crisis-economica-y-de-salud-de-la-historia-del-pais-7.jpg 240w, http:\/\/nuevacordoba.net\/wp-content\/uploads\/2021\/05\/quien-es-guillermo-lasso-el-exbanquero-que-asume-la-presidencia-de-ecuador-en-medio-de-la-peor-crisis-economica-y-de-salud-de-la-historia-del-pais-8.jpg 320w, http:\/\/nuevacordoba.net\/wp-content\/uploads\/2021\/05\/quien-es-guillermo-lasso-el-exbanquero-que-asume-la-presidencia-de-ecuador-en-medio-de-la-peor-crisis-economica-y-de-salud-de-la-historia-del-pais-9.jpg 480w, http:\/\/nuevacordoba.net\/wp-content\/uploads\/2021\/05\/quien-es-guillermo-lasso-el-exbanquero-que-asume-la-presidencia-de-ecuador-en-medio-de-la-peor-crisis-economica-y-de-salud-de-la-historia-del-pais-10.jpg 624w, http:\/\/nuevacordoba.net\/wp-content\/uploads\/2021\/05\/quien-es-guillermo-lasso-el-exbanquero-que-asume-la-presidencia-de-ecuador-en-medio-de-la-peor-crisis-economica-y-de-salud-de-la-historia-del-pais-11.jpg 800w\" alt=\"Guillermo Lasso\" src=\"http:\/\/nuevacordoba.net\/wp-content\/uploads\/2021\/05\/quien-es-guillermo-lasso-el-exbanquero-que-asume-la-presidencia-de-ecuador-en-medio-de-la-peor-crisis-economica-y-de-salud-de-la-historia-del-pais.jpg\" width=\"976\" class=\"bbc-fat2bc e1enwo3v0\"><\/p>\n<p role=\"text\" class=\"bbc-1s1cxbv etq3yw90\"><span class=\"bbc-1gnhmg2 e1yt7oin0\">Fuente de la imagen, <\/span><span lang=\"en-GB\">Getty Images<\/span><\/p>\n<\/div>\n<\/div>\n<\/div>\n<\/figure>\n<\/div>\n<div dir=\"ltr\" class=\"bbc-19j92fr e57qer20\" readability=\"10\">\n<p dir=\"ltr\" class=\"bbc-bm53ic e1cc2ql70\"><b>Este lunes asume como presidente de Ecuador Guillermo Lasso y se presta a la compleja tarea de conducir un pa\u00eds sumido en una severa crisis econ\u00f3mica agravada por la pandemia de covid-19, profundamente endeudado y con escasos recursos en las arcas fiscales.<\/b><\/p>\n<\/div>\n<div dir=\"ltr\" class=\"bbc-19j92fr e57qer20\" readability=\"13\">\n<p dir=\"ltr\" class=\"bbc-bm53ic e1cc2ql70\">Se hizo con el cargo el 11 de abril, en segunda vuelta electoral, tras sacar cinco puntos porcentuales de ventaja a Andr\u00e9s Arauz. Era la tercera vez que optaba a la jefatura del gobierno ecuatoriano \u2014tras perder contra Rafael Correa en 2013 y ante Len\u00edn Moreno en 2017\u2014, y en esta ocasi\u00f3n logr\u00f3 con \u00e9xito ampliar su base de votantes m\u00e1s all\u00e1 de la derecha tradicional para superar a la izquierda corre\u00edsta.<\/p>\n<\/div>\n<div dir=\"ltr\" class=\"bbc-19j92fr e57qer20\" readability=\"8\">\n<p dir=\"ltr\" class=\"bbc-bm53ic e1cc2ql70\">Y ya antes saberse ganador, era consciente de la complicada responsabilidad que le esperaba.<\/p>\n<\/div>\n<div dir=\"ltr\" class=\"bbc-19j92fr e57qer20\" readability=\"12\">\n<p dir=\"ltr\" class=\"bbc-bm53ic e1cc2ql70\">\u00abRecibiremos <b>un pa\u00eds complicado<\/b>, el gobierno nacional no tiene liquidez, apenas un saldo de US$400 millones en la reserva que representan apenas el 20% del gasto mensual del gobierno\u00bb, le dijo a BBC Mundo durante la campa\u00f1a electoral.<\/p>\n<\/div>\n<div dir=\"ltr\" class=\"bbc-19j92fr e57qer20\" readability=\"17\">\n<p dir=\"ltr\" class=\"bbc-bm53ic e1cc2ql70\">\u00abEs, adem\u00e1s, un gobierno con una deuda que llega al 63% del Producto Interno Bruto, a la que hay que a\u00f1adirle atrasos de pagos con municipios, prefecturas, sistemas de seguridad social y con el Banco Central. Todo sumado le puedo decir a ojo de buen cubero, que la deuda llega a US$80.000 millones\u00bb, a\u00f1adi\u00f3. <\/p>\n<\/div>\n<div dir=\"ltr\" class=\"bbc-19j92fr e57qer20\" readability=\"14\">\n<p dir=\"ltr\" class=\"bbc-bm53ic e1cc2ql70\">\u00abNo van a encontrar un a\u00f1o peor\u00bb, dijo efectivamente sobre la situaci\u00f3n el saliente ministro de Econom\u00eda Mauricio Pozo, al hacer balance del 2020 y rendir cuentas en un acto ante periodistas, asegurando que ni siquiera la crisis de 1998-9, el llamado Feriado Bancario, fue tan grave. <\/p>\n<\/div>\n<div dir=\"ltr\" class=\"bbc-19j92fr e57qer20\" readability=\"11\">\n<p dir=\"ltr\" class=\"bbc-bm53ic e1cc2ql70\">En el triunfo del exbanquero y empresario conservador de 65 a\u00f1os fue clave el descontento que generaba el expresidente <b>Rafael Correa<\/b>, que patrocinaba a <b>Arauz<\/b>, entre los electores que no votaron por Lasso en la primera vuelta del 7 de febrero. <\/p>\n<\/div>\n<div dir=\"ltr\" class=\"bbc-19j92fr e57qer20\" readability=\"14\">\n<p dir=\"ltr\" class=\"bbc-bm53ic e1cc2ql70\">Pero su partido, el Movimiento Pol\u00edtico Creando Oportunidades (CREO), <b>tiene solo 12 legisladores en la Asamblea Nacional, a los que puede sumar los 19 de su aliado el Partido Social Cristiano. Enfrente tendr\u00e1 al corre\u00edsmo con 48 asamble\u00edstas<\/b>, lo que le obligar\u00e1 a ciertas concesiones que comenzaron en la campa\u00f1a. <\/p>\n<\/div>\n<div dir=\"ltr\" class=\"bbc-19j92fr e57qer20\" readability=\"14\">\n<p dir=\"ltr\" class=\"bbc-bm53ic e1cc2ql70\">\u00abPor cada voto que consigui\u00f3 abriendo su propuesta, yo creo que baj\u00f3 en gobernabilidad, porque empez\u00f3 a repartir el pastel a muchos comensales que, en el momento de gobernar, le van a pasar factura\u00bb, le dijo a BBC Mundo el analista Pedro Donoso. <\/p>\n<\/div>\n<div dir=\"ltr\" class=\"bbc-19j92fr e57qer20\" readability=\"8\">\n<p dir=\"ltr\" class=\"bbc-bm53ic e1cc2ql70\">Donoso a\u00f1adi\u00f3 que el anticorre\u00edsmo como fuerza pol\u00edtica tampoco es un grupo homog\u00e9neo y que Lasso deber\u00e1 lidiar con intereses encontrados.<\/p>\n<\/div>\n<div dir=\"ltr\" class=\"bbc-19j92fr e57qer20\" readability=\"8\">\n<p dir=\"ltr\" class=\"bbc-bm53ic e1cc2ql70\">Lasso es un conocido banquero y empresario ecuatoriano que participa en distintos conglomerados financieros.<\/p>\n<\/div>\n<div dir=\"ltr\" class=\"bbc-19j92fr e57qer20\" readability=\"10\">\n<p dir=\"ltr\" class=\"bbc-bm53ic e1cc2ql70\">Suele referirse a un origen familiar humilde que lo llev\u00f3 a comenzar a trabajar con 15 a\u00f1os en la Bolsa de Valores de su ciudad, Guayaquil. As\u00ed trata siempre de quitarse la etiqueta de banquero rico que no se preocupa de los m\u00e1s humildes.<\/p>\n<\/div>\n<div dir=\"ltr\" class=\"bbc-1ka88fa e57qer20\">\n<figure class=\"bbc-1qdcvv9 e6bmn90\">\n<div dir=\"ltr\" class=\"bbc-172p16q e57qer20\">\n<div dir=\"ltr\" class=\"bbc-189y18v e57qer20\" readability=\"6.5\">\n<div data-e2e=\"image-placeholder\" class=\"bbc-1k5hvrj e1whu0\" readability=\"8\"><noscript><img srcset=\"http:\/\/nuevacordoba.net\/wp-content\/uploads\/2021\/05\/quien-es-guillermo-lasso-el-exbanquero-que-asume-la-presidencia-de-ecuador-en-medio-de-la-peor-crisis-economica-y-de-salud-de-la-historia-del-pais-12.jpg 240w, http:\/\/nuevacordoba.net\/wp-content\/uploads\/2021\/05\/quien-es-guillermo-lasso-el-exbanquero-que-asume-la-presidencia-de-ecuador-en-medio-de-la-peor-crisis-economica-y-de-salud-de-la-historia-del-pais-13.jpg 320w, http:\/\/nuevacordoba.net\/wp-content\/uploads\/2021\/05\/quien-es-guillermo-lasso-el-exbanquero-que-asume-la-presidencia-de-ecuador-en-medio-de-la-peor-crisis-economica-y-de-salud-de-la-historia-del-pais-14.jpg 480w, http:\/\/nuevacordoba.net\/wp-content\/uploads\/2021\/05\/quien-es-guillermo-lasso-el-exbanquero-que-asume-la-presidencia-de-ecuador-en-medio-de-la-peor-crisis-economica-y-de-salud-de-la-historia-del-pais-15.jpg 624w, http:\/\/nuevacordoba.net\/wp-content\/uploads\/2021\/05\/quien-es-guillermo-lasso-el-exbanquero-que-asume-la-presidencia-de-ecuador-en-medio-de-la-peor-crisis-economica-y-de-salud-de-la-historia-del-pais-16.jpg 800w\" alt=\"Guillermo Lasso.\" src=\"http:\/\/nuevacordoba.net\/wp-content\/uploads\/2021\/05\/quien-es-guillermo-lasso-el-exbanquero-que-asume-la-presidencia-de-ecuador-en-medio-de-la-peor-crisis-economica-y-de-salud-de-la-historia-del-pais-1.jpg\" width=\"976\" class=\"bbc-fat2bc e1enwo3v0\"><\/noscript><\/p>\n<p role=\"text\" class=\"bbc-1s1cxbv etq3yw90\"><span class=\"bbc-1gnhmg2 e1yt7oin0\">Fuente de la imagen, <\/span><span lang=\"en-GB\">Getty Images<\/span><\/p>\n<\/div>\n<\/div>\n<div dir=\"ltr\" class=\"bbc-3edg7g e57qer20\" readability=\"6.5\"><figcaption dir=\"ltr\" class=\"bbc-1t9zlwf eede9f50\" readability=\"3\"><span class=\"bbc-1gnhmg2 e1yt7oin0\">Pie de foto, <\/span><\/p>\n<p>Lasso es miembro del Opus Dei pero dice estar dispuesto a abrir el debate sobre la despenalizaci\u00f3n del aborto.<\/p>\n<\/figcaption><\/div>\n<\/div>\n<\/figure>\n<\/div>\n<div dir=\"ltr\" class=\"bbc-19j92fr e57qer20\" readability=\"9\">\n<p dir=\"ltr\" class=\"bbc-bm53ic e1cc2ql70\">Fue r\u00e1pidamente escalando posiciones hasta convertirse en presidente del Banco de Guayaquil por casi 20 a\u00f1os. A comienzos de los 90, lleg\u00f3 a liderar la Asociaci\u00f3n de Bancos Privados del Ecuador.<\/p>\n<\/div>\n<div dir=\"ltr\" class=\"bbc-19j92fr e57qer20\" readability=\"10\">\n<p dir=\"ltr\" class=\"bbc-bm53ic e1cc2ql70\">En agosto de 1999 fue nombrado ministro de Econom\u00eda, pero debido a las diferencias que tuvo con el entonces presidente <b>Jamil Mahuad<\/b> sobre c\u00f3mo manejar la econom\u00eda del pa\u00eds renunci\u00f3 un mes despu\u00e9s.<\/p>\n<\/div>\n<div dir=\"ltr\" class=\"bbc-19j92fr e57qer20\" readability=\"11\">\n<p dir=\"ltr\" class=\"bbc-bm53ic e1cc2ql70\">Bajo el lema \u00abemprendimiento, innovaci\u00f3n y futuro\u00bb, Lasso dijo en la campa\u00f1a que respetar\u00e1 el acuerdo del pa\u00eds con el FMI (Fondo Monetario Internacional), excepto en un punto.<\/p>\n<\/div>\n<div dir=\"ltr\" class=\"bbc-19j92fr e57qer20\" readability=\"10\">\n<p dir=\"ltr\" class=\"bbc-bm53ic e1cc2ql70\">\u00abNosotros no vamos a desconocer el acuerdo con el Fondo Monetario Internacional. Lo que no vamos a hacer es a subir el IVA\u00bb, dijo refiri\u00e9ndose a una pol\u00e9mica medida que busca aumentar la recaudaci\u00f3n fiscal de un pa\u00eds con altos niveles de d\u00e9ficit y deuda p\u00fablica.<\/p>\n<\/div>\n<div dir=\"ltr\" class=\"bbc-19j92fr e57qer20\">\n<p dir=\"ltr\" class=\"bbc-bm53ic e1cc2ql70\"><b>Qu\u00e9 <\/b><b>propuso<\/b><\/p>\n<\/div>\n<div dir=\"ltr\" class=\"bbc-19j92fr e57qer20\" readability=\"14\">\n<p dir=\"ltr\" class=\"bbc-bm53ic e1cc2ql70\">En su plan de gobierno, el candidato propuso crear nuevos puestos de trabajo, subir el sueldo m\u00ednimo a US$500 al mes, acabar con el hambre de m\u00e1s de un mill\u00f3n de ecuatorianos, atraer inversi\u00f3n extranjera y combatir la corrupci\u00f3n, argumento con el que golpe\u00f3 a Correa y a Arauz.<\/p>\n<\/div>\n<div dir=\"ltr\" class=\"bbc-19j92fr e57qer20\" readability=\"12\">\n<p dir=\"ltr\" class=\"bbc-bm53ic e1cc2ql70\">Cercano a las ideas del Opus Dei, Lasso, casado y padre de cinco hijos, sorprendi\u00f3 a la ciudadan\u00eda cuando durante la campa\u00f1a electoral propuso que la escultura de Quito de la popular virgen del Panecillo rotara para que no le diera la espalda a los ciudadanos del sur.<\/p>\n<\/div>\n<div dir=\"ltr\" class=\"bbc-19j92fr e57qer20\" readability=\"11\">\n<p dir=\"ltr\" class=\"bbc-bm53ic e1cc2ql70\">Siempre fue un f\u00e9rreo opositor a cualquier propuesta de ley sobre la <b>despenalizaci\u00f3n del aborto<\/b>, incluso en casos de violaci\u00f3n, pero en campa\u00f1a se mostr\u00f3 abierto a escuchar a los ecuatorianos y a no imponer su visi\u00f3n e incluso habl\u00f3 de una posible consulta popular sobre el tema.<\/p>\n<\/div>\n<div dir=\"ltr\" class=\"bbc-1ka88fa e57qer20\">\n<figure class=\"bbc-1qdcvv9 e6bmn90\">\n<div dir=\"ltr\" class=\"bbc-172p16q e57qer20\">\n<div dir=\"ltr\" class=\"bbc-189y18v e57qer20\" readability=\"6.5\">\n<div data-e2e=\"image-placeholder\" class=\"bbc-1k5hvrj e1whu0\" readability=\"8\"><noscript><img srcset=\"http:\/\/nuevacordoba.net\/wp-content\/uploads\/2021\/05\/quien-es-guillermo-lasso-el-exbanquero-que-asume-la-presidencia-de-ecuador-en-medio-de-la-peor-crisis-economica-y-de-salud-de-la-historia-del-pais-17.jpg 240w, http:\/\/nuevacordoba.net\/wp-content\/uploads\/2021\/05\/quien-es-guillermo-lasso-el-exbanquero-que-asume-la-presidencia-de-ecuador-en-medio-de-la-peor-crisis-economica-y-de-salud-de-la-historia-del-pais-18.jpg 320w, http:\/\/nuevacordoba.net\/wp-content\/uploads\/2021\/05\/quien-es-guillermo-lasso-el-exbanquero-que-asume-la-presidencia-de-ecuador-en-medio-de-la-peor-crisis-economica-y-de-salud-de-la-historia-del-pais-19.jpg 480w, http:\/\/nuevacordoba.net\/wp-content\/uploads\/2021\/05\/quien-es-guillermo-lasso-el-exbanquero-que-asume-la-presidencia-de-ecuador-en-medio-de-la-peor-crisis-economica-y-de-salud-de-la-historia-del-pais-20.jpg 624w, http:\/\/nuevacordoba.net\/wp-content\/uploads\/2021\/05\/quien-es-guillermo-lasso-el-exbanquero-que-asume-la-presidencia-de-ecuador-en-medio-de-la-peor-crisis-economica-y-de-salud-de-la-historia-del-pais-21.jpg 800w\" alt=\"Guillermo Lasso.\" src=\"http:\/\/nuevacordoba.net\/wp-content\/uploads\/2021\/05\/quien-es-guillermo-lasso-el-exbanquero-que-asume-la-presidencia-de-ecuador-en-medio-de-la-peor-crisis-economica-y-de-salud-de-la-historia-del-pais-2.jpg\" width=\"976\" class=\"bbc-fat2bc e1enwo3v0\"><\/noscript><\/p>\n<p role=\"text\" class=\"bbc-1s1cxbv etq3yw90\"><span class=\"bbc-1gnhmg2 e1yt7oin0\">Fuente de la imagen, <\/span><span lang=\"en-GB\">Getty Images<\/span><\/p>\n<\/div>\n<\/div>\n<div dir=\"ltr\" class=\"bbc-3edg7g e57qer20\" readability=\"6\"><figcaption dir=\"ltr\" class=\"bbc-1t9zlwf eede9f50\" readability=\"2\"><span class=\"bbc-1gnhmg2 e1yt7oin0\">Pie de foto, <\/span><\/p>\n<p>Guillermo Lasso es un exbanquero que logr\u00f3 a la tercera derrotar al corre\u00edsmo.<\/p>\n<\/figcaption><\/div>\n<\/div>\n<\/figure>\n<\/div>\n<div dir=\"ltr\" class=\"bbc-19j92fr e57qer20\" readability=\"15\">\n<p dir=\"ltr\" class=\"bbc-bm53ic e1cc2ql70\">\u00abEl Ecuador conoce que uno de mis principios es la defensa de la vida desde la concepci\u00f3n hasta la muerte natural, ahora, siendo un presidente de un Estado laico, yo me comprometo de manera absoluta a respetar el punto de vista diferente al m\u00edo, y si hay un criterio mayoritario reconocer\u00e9 que esa es la manera de ver la vida de la mayor\u00eda de los ecuatorianos\u00bb, manifest\u00f3 el presidente electo. <\/p>\n<\/div>\n<div dir=\"ltr\" class=\"bbc-19j92fr e57qer20\" readability=\"11\">\n<p dir=\"ltr\" class=\"bbc-bm53ic e1cc2ql70\">Carlos Ferr\u00edn, consultor en Comunicaci\u00f3n Pol\u00edtica, le dijo a BBC Mundo que Lasso ha cambiado en estos a\u00f1os: \u00abEl que compiti\u00f3 en 2013 era un empresario que intentaba ser pol\u00edtico; el de 2017 lider\u00f3 el momento m\u00e1s \u00e1lgido del anticorre\u00edsmo y casi gana la presidencia\u00bb. <\/p>\n<\/div>\n<div dir=\"ltr\" class=\"bbc-19j92fr e57qer20\" readability=\"12\">\n<p dir=\"ltr\" class=\"bbc-bm53ic e1cc2ql70\">Este a\u00f1o, Lasso se neg\u00f3 inicialmente a aceptar los resultados con acusaciones de fraude electoral. Sin embargo, el viraje pol\u00edtico que hizo Moreno en el transcurso de su gobierno lo llev\u00f3 a acercarse al actual mandatario, aunque se desmarcara del presidente en la campa\u00f1a.<\/p>\n<\/div>\n<div dir=\"ltr\" class=\"bbc-19j92fr e57qer20\" readability=\"16\">\n<p dir=\"ltr\" class=\"bbc-bm53ic e1cc2ql70\">\u00abEsta versi\u00f3n de Lasso 2021 para m\u00ed es la mejor, con sus peque\u00f1os problemas de salud, la ca\u00edda que lo oblig\u00f3 a llevar bast\u00f3n, es un candidato m\u00e1s humano, m\u00e1s rodeado de su familia, de sus hijos, como parte de un clan\u00bb, concluy\u00f3 Ferr\u00edn. <\/p>\n<\/div>\n<div dir=\"ltr\" class=\"bbc-1ka88fa e57qer20\">\n<figure class=\"bbc-1qdcvv9 e6bmn90\">\n<div dir=\"ltr\" class=\"bbc-172p16q e57qer20\">\n<div dir=\"ltr\" class=\"bbc-189y18v e57qer20\" readability=\"6.5\">\n<div data-e2e=\"image-placeholder\" class=\"bbc-1k5hvrj e1whu0\" readability=\"8\"><noscript><img srcset=\"http:\/\/nuevacordoba.net\/wp-content\/uploads\/2021\/05\/quien-es-guillermo-lasso-el-exbanquero-que-asume-la-presidencia-de-ecuador-en-medio-de-la-peor-crisis-economica-y-de-salud-de-la-historia-del-pais-22.jpg 240w, http:\/\/nuevacordoba.net\/wp-content\/uploads\/2021\/05\/quien-es-guillermo-lasso-el-exbanquero-que-asume-la-presidencia-de-ecuador-en-medio-de-la-peor-crisis-economica-y-de-salud-de-la-historia-del-pais-23.jpg 320w, http:\/\/nuevacordoba.net\/wp-content\/uploads\/2021\/05\/quien-es-guillermo-lasso-el-exbanquero-que-asume-la-presidencia-de-ecuador-en-medio-de-la-peor-crisis-economica-y-de-salud-de-la-historia-del-pais-24.jpg 480w, http:\/\/nuevacordoba.net\/wp-content\/uploads\/2021\/05\/quien-es-guillermo-lasso-el-exbanquero-que-asume-la-presidencia-de-ecuador-en-medio-de-la-peor-crisis-economica-y-de-salud-de-la-historia-del-pais-25.jpg 624w, http:\/\/nuevacordoba.net\/wp-content\/uploads\/2021\/05\/quien-es-guillermo-lasso-el-exbanquero-que-asume-la-presidencia-de-ecuador-en-medio-de-la-peor-crisis-economica-y-de-salud-de-la-historia-del-pais-26.jpg 800w\" alt=\"Andr\u00e9s Arauz.\" src=\"http:\/\/nuevacordoba.net\/wp-content\/uploads\/2021\/05\/quien-es-guillermo-lasso-el-exbanquero-que-asume-la-presidencia-de-ecuador-en-medio-de-la-peor-crisis-economica-y-de-salud-de-la-historia-del-pais-3.jpg\" width=\"976\" class=\"bbc-fat2bc e1enwo3v0\"><\/noscript><\/p>\n<p role=\"text\" class=\"bbc-1s1cxbv etq3yw90\"><span class=\"bbc-1gnhmg2 e1yt7oin0\">Fuente de la imagen, <\/span><span lang=\"en-GB\">Getty Images<\/span><\/p>\n<\/div>\n<\/div>\n<div dir=\"ltr\" class=\"bbc-3edg7g e57qer20\" readability=\"6\"><figcaption dir=\"ltr\" class=\"bbc-1t9zlwf eede9f50\" readability=\"2\"><span class=\"bbc-1gnhmg2 e1yt7oin0\">Pie de foto, <\/span><\/p>\n<p>Andr\u00e9s Arauz no pudo derrotar a Guillermo Lasso pese al apoyo del expresidente Rafael Correa.<\/p>\n<\/figcaption><\/div>\n<\/div>\n<\/figure>\n<\/div>\n<div dir=\"ltr\" class=\"bbc-19j92fr e57qer20\" readability=\"10\">\n<p dir=\"ltr\" class=\"bbc-bm53ic e1cc2ql70\">Lasso, quien se autodefine como un liberal que \u00abcree en buenas ideas y no en ideolog\u00edas\u00bb, prometi\u00f3 poner fin a las pol\u00edticas de izquierda impulsadas durante el gobierno de Correa.<\/p>\n<\/div>\n<div dir=\"ltr\" class=\"bbc-19j92fr e57qer20\" readability=\"8\">\n<p dir=\"ltr\" class=\"bbc-bm53ic e1cc2ql70\">En ese sentido dijo que el voto por su contrincante Arauz era sin\u00f3nimo de \u00abvolver al corre\u00edsmo\u00bb y que eso podr\u00eda llevar a Ecuador a convertirse en una \u00abnueva Venezuela\u00bb.<\/p>\n<\/div>\n<div dir=\"ltr\" class=\"bbc-19j92fr e57qer20\" readability=\"7\">\n<p dir=\"ltr\" class=\"bbc-bm53ic e1cc2ql70\">Y tras el triunfo de este domingo pareci\u00f3 haber logrado su objetivo.<\/p>\n<\/div>\n<p><h2 id=\"Los-retos\" tabindex=\"-1\" class=\"bbc-l3e97o e14hemmw0\">Los retos<\/h2>\n<\/p>\n<div dir=\"ltr\" class=\"bbc-19j92fr e57qer20\" readability=\"10\">\n<p dir=\"ltr\" class=\"bbc-bm53ic e1cc2ql70\">Si su tarea de batir a Arauz era un gran reto, tambi\u00e9n lo ser\u00e1 manejar la econom\u00eda de Ecuador, para lo que ser\u00e1 necesario primero acelerar el plan de vacunaci\u00f3n contra el coronavirus.<\/p>\n<\/div>\n<div dir=\"ltr\" class=\"bbc-19j92fr e57qer20\" readability=\"10\">\n<p dir=\"ltr\" class=\"bbc-bm53ic e1cc2ql70\">La econom\u00eda ecuatoriana se contrajo por la pandemia un 7,8% en 2020 y las autoridades estiman que este a\u00f1o crecer\u00e1 un 3,5%.<\/p>\n<\/div>\n<div dir=\"ltr\" class=\"bbc-19j92fr e57qer20\" readability=\"7\">\n<p dir=\"ltr\" class=\"bbc-bm53ic e1cc2ql70\">S\u00f3lo un 34% de los empleos en el pa\u00eds cumplen al menos el m\u00ednimo legal en horas o salarios.<\/p>\n<\/div>\n<div dir=\"ltr\" class=\"bbc-19j92fr e57qer20\" readability=\"9\">\n<p dir=\"ltr\" class=\"bbc-bm53ic e1cc2ql70\">Lasso ha prometido estimular la econom\u00eda aumentando la inversi\u00f3n extranjera e <b>impulsando la producci\u00f3n de petr\u00f3leo<\/b>, la exportaci\u00f3n m\u00e1s importante de la naci\u00f3n sudamericana.<\/p>\n<\/div>\n<div dir=\"ltr\" class=\"bbc-1ka88fa e57qer20\">\n<figure class=\"bbc-1qdcvv9 e6bmn90\">\n<div dir=\"ltr\" class=\"bbc-172p16q e57qer20\">\n<div dir=\"ltr\" class=\"bbc-189y18v e57qer20\" readability=\"6.5\">\n<div data-e2e=\"image-placeholder\" class=\"bbc-1k5hvrj e1whu0\" readability=\"8\"><noscript><img srcset=\"http:\/\/nuevacordoba.net\/wp-content\/uploads\/2021\/05\/quien-es-guillermo-lasso-el-exbanquero-que-asume-la-presidencia-de-ecuador-en-medio-de-la-peor-crisis-economica-y-de-salud-de-la-historia-del-pais-27.jpg 240w, http:\/\/nuevacordoba.net\/wp-content\/uploads\/2021\/05\/quien-es-guillermo-lasso-el-exbanquero-que-asume-la-presidencia-de-ecuador-en-medio-de-la-peor-crisis-economica-y-de-salud-de-la-historia-del-pais-28.jpg 320w, http:\/\/nuevacordoba.net\/wp-content\/uploads\/2021\/05\/quien-es-guillermo-lasso-el-exbanquero-que-asume-la-presidencia-de-ecuador-en-medio-de-la-peor-crisis-economica-y-de-salud-de-la-historia-del-pais-29.jpg 480w, http:\/\/nuevacordoba.net\/wp-content\/uploads\/2021\/05\/quien-es-guillermo-lasso-el-exbanquero-que-asume-la-presidencia-de-ecuador-en-medio-de-la-peor-crisis-economica-y-de-salud-de-la-historia-del-pais-30.jpg 624w, http:\/\/nuevacordoba.net\/wp-content\/uploads\/2021\/05\/quien-es-guillermo-lasso-el-exbanquero-que-asume-la-presidencia-de-ecuador-en-medio-de-la-peor-crisis-economica-y-de-salud-de-la-historia-del-pais-31.jpg 800w\" alt=\"Guillermo Lasso.\" src=\"http:\/\/nuevacordoba.net\/wp-content\/uploads\/2021\/05\/quien-es-guillermo-lasso-el-exbanquero-que-asume-la-presidencia-de-ecuador-en-medio-de-la-peor-crisis-economica-y-de-salud-de-la-historia-del-pais-4.jpg\" width=\"976\" class=\"bbc-fat2bc e1enwo3v0\"><\/noscript><\/p>\n<p role=\"text\" class=\"bbc-1s1cxbv etq3yw90\"><span class=\"bbc-1gnhmg2 e1yt7oin0\">Fuente de la imagen, <\/span><span lang=\"en-GB\">Getty Images<\/span><\/p>\n<\/div>\n<\/div>\n<div dir=\"ltr\" class=\"bbc-3edg7g e57qer20\" readability=\"6\"><figcaption dir=\"ltr\" class=\"bbc-1t9zlwf eede9f50\" readability=\"2\"><span class=\"bbc-1gnhmg2 e1yt7oin0\">Pie de foto, <\/span><\/p>\n<p>Lasso deber\u00e1 enfrentar una crisis sanitaria por la pandemia y una econ\u00f3mica.<\/p>\n<\/figcaption><\/div>\n<\/div>\n<\/figure>\n<\/div>\n<div dir=\"ltr\" class=\"bbc-19j92fr e57qer20\" readability=\"9\">\n<p dir=\"ltr\" class=\"bbc-bm53ic e1cc2ql70\">Promete adem\u00e1s generar dos millones de puestos de trabajo, expandir el sector agr\u00edcola a trav\u00e9s de pr\u00e9stamos a bajo inter\u00e9s y reducir progresivamente los impuestos.<\/p>\n<\/div>\n<div dir=\"ltr\" class=\"bbc-19j92fr e57qer20\" readability=\"11\">\n<p dir=\"ltr\" class=\"bbc-bm53ic e1cc2ql70\">Lasso presume de su pasado como banquero, algo que lo alejaba de algunos votantes, para defender que \u00e9l sabe c\u00f3mo crear empleo y financiar empresas a trav\u00e9s del sector privado y que ahora har\u00e1 lo mismo desde el p\u00fablico. <\/p>\n<\/div>\n<div dir=\"ltr\" class=\"bbc-19j92fr e57qer20\" readability=\"9\">\n<p dir=\"ltr\" class=\"bbc-bm53ic e1cc2ql70\">En ese sentido promete generar riqueza a partir de los recursos petroleros, mineros y energ\u00e9ticos mediante la participaci\u00f3n del sector privado para reemplazar el financiamiento estatal.<\/p>\n<\/div>\n<div dir=\"ltr\" class=\"bbc-19j92fr e57qer20\" readability=\"9\">\n<p dir=\"ltr\" class=\"bbc-bm53ic e1cc2ql70\">Quiz\u00e1s esas dotes de empresario y de experto en finanzas son las que est\u00e1n detr\u00e1s de que haya sido elegido por el electorado ecuatoriano frente al joven candidato de Correa en un momento de crisis econ\u00f3mica por la pandemia y la deuda que agobia al pa\u00eds.<\/p>\n<\/div>\n<div dir=\"ltr\" class=\"bbc-19j92fr e57qer20\" readability=\"8\">\n<p dir=\"ltr\" class=\"bbc-bm53ic e1cc2ql70\">Eso llev\u00f3 a Moreno a buscar la financiaci\u00f3n del FMI, que inyect\u00f3 al pa\u00eds <b>US$7.400 millones<\/b>.<\/p>\n<\/div>\n<div dir=\"ltr\" class=\"bbc-19j92fr e57qer20\" readability=\"13\">\n<p dir=\"ltr\" class=\"bbc-bm53ic e1cc2ql70\">\u00abNo queremos ocurrencias peligrosas como la de querer eliminar la dolarizaci\u00f3n; no creemos en ideas sacadas de la ineptitud. No queremos improvisaci\u00f3n y vamos a demostrar que tenemos capacidad, voluntad y experiencia\u00bb, dijo Lasso durante la campa\u00f1a, en la que explot\u00f3 su experiencia y solvencia empresarial frente a su joven rival.<\/p>\n<\/div>\n<div dir=\"ltr\" class=\"bbc-1ka88fa e57qer20\">\n<figure class=\"bbc-1qdcvv9 e6bmn90\">\n<div dir=\"ltr\" class=\"bbc-172p16q e57qer20\">\n<div dir=\"ltr\" class=\"bbc-189y18v e57qer20\" readability=\"6.5\">\n<div data-e2e=\"image-placeholder\" class=\"bbc-1k5hvrj e1whu0\" readability=\"8\"><noscript><img srcset=\"http:\/\/nuevacordoba.net\/wp-content\/uploads\/2021\/05\/quien-es-guillermo-lasso-el-exbanquero-que-asume-la-presidencia-de-ecuador-en-medio-de-la-peor-crisis-economica-y-de-salud-de-la-historia-del-pais-32.jpg 240w, http:\/\/nuevacordoba.net\/wp-content\/uploads\/2021\/05\/quien-es-guillermo-lasso-el-exbanquero-que-asume-la-presidencia-de-ecuador-en-medio-de-la-peor-crisis-economica-y-de-salud-de-la-historia-del-pais-33.jpg 320w, http:\/\/nuevacordoba.net\/wp-content\/uploads\/2021\/05\/quien-es-guillermo-lasso-el-exbanquero-que-asume-la-presidencia-de-ecuador-en-medio-de-la-peor-crisis-economica-y-de-salud-de-la-historia-del-pais-34.jpg 480w, http:\/\/nuevacordoba.net\/wp-content\/uploads\/2021\/05\/quien-es-guillermo-lasso-el-exbanquero-que-asume-la-presidencia-de-ecuador-en-medio-de-la-peor-crisis-economica-y-de-salud-de-la-historia-del-pais-35.jpg 624w, http:\/\/nuevacordoba.net\/wp-content\/uploads\/2021\/05\/quien-es-guillermo-lasso-el-exbanquero-que-asume-la-presidencia-de-ecuador-en-medio-de-la-peor-crisis-economica-y-de-salud-de-la-historia-del-pais-36.jpg 800w\" alt=\"Guillermo Lasso.\" src=\"http:\/\/nuevacordoba.net\/wp-content\/uploads\/2021\/05\/quien-es-guillermo-lasso-el-exbanquero-que-asume-la-presidencia-de-ecuador-en-medio-de-la-peor-crisis-economica-y-de-salud-de-la-historia-del-pais-5.jpg\" width=\"976\" class=\"bbc-fat2bc e1enwo3v0\"><\/noscript><\/p>\n<p role=\"text\" class=\"bbc-1s1cxbv etq3yw90\"><span class=\"bbc-1gnhmg2 e1yt7oin0\">Fuente de la imagen, <\/span><span lang=\"en-GB\">Getty Images<\/span><\/p>\n<\/div>\n<\/div>\n<div dir=\"ltr\" class=\"bbc-3edg7g e57qer20\" readability=\"6\"><figcaption dir=\"ltr\" class=\"bbc-1t9zlwf eede9f50\" readability=\"2\"><span class=\"bbc-1gnhmg2 e1yt7oin0\">Pie de foto, <\/span><\/p>\n<p>Guillermo Lasso logr\u00f3 a la tercera ser el presidente de Ecuador.<\/p>\n<\/figcaption><\/div>\n<\/div>\n<\/figure>\n<\/div>\n<div dir=\"ltr\" class=\"bbc-19j92fr e57qer20\" readability=\"9\">\n<p dir=\"ltr\" class=\"bbc-bm53ic e1cc2ql70\">Lasso es adem\u00e1s firme en su defensa de la dolarizaci\u00f3n, que rige desde hace m\u00e1s de 20 a\u00f1os la econom\u00eda del pa\u00eds y que es muy popular entre la poblaci\u00f3n. <\/p>\n<\/div>\n<div dir=\"ltr\" class=\"bbc-19j92fr e57qer20\" readability=\"11\">\n<p dir=\"ltr\" class=\"bbc-bm53ic e1cc2ql70\">Sin embargo, Lasso se desmarca siempre de la crisis financiera de 1999 que llev\u00f3 a esa dolarizaci\u00f3n, el llamado feriado bancario (se congelaron ahorros y cuentas bancarias) que a\u00fan est\u00e1 en el recuerdo de muchos ecuatorianos. <\/p>\n<\/div>\n<div dir=\"ltr\" class=\"bbc-19j92fr e57qer20\" readability=\"7\">\n<p dir=\"ltr\" class=\"bbc-bm53ic e1cc2ql70\">Justo despu\u00e9s de eso y por solo un mes fue ministro de Econom\u00eda antes de dimitir.<\/p>\n<\/div>\n<div dir=\"ltr\" class=\"bbc-19j92fr e57qer20\" readability=\"15\">\n<p dir=\"ltr\" class=\"bbc-bm53ic e1cc2ql70\">Por si la labor de crear empleo, reducir la pobreza, que aument\u00f3 con la pandemia, y lidiar con la deuda no fuera suficientemente complicada, Lasso tendr\u00e1 en contra a la Asamblea Nacional, lo que dificultar\u00e1 la gobernabilidad de un presidente que busca ahora trasladar al sector p\u00fablico sus \u00e9xitos financieros en el privado.<\/p>\n<\/div>\n<div dir=\"ltr\" class=\"bbc-1ka88fa e57qer20\">\n<figure class=\"bbc-1qdcvv9 e6bmn90\">\n<div dir=\"ltr\" class=\"bbc-172p16q e57qer20\">\n<div dir=\"ltr\" class=\"bbc-189y18v e57qer20\">\n<div data-e2e=\"image-placeholder\" class=\"bbc-367mqz e1whu0\"><noscript><img srcset=\"http:\/\/nuevacordoba.net\/wp-content\/uploads\/2021\/05\/quien-es-guillermo-lasso-el-exbanquero-que-asume-la-presidencia-de-ecuador-en-medio-de-la-peor-crisis-economica-y-de-salud-de-la-historia-del-pais-37.jpg 240w, http:\/\/nuevacordoba.net\/wp-content\/uploads\/2021\/05\/quien-es-guillermo-lasso-el-exbanquero-que-asume-la-presidencia-de-ecuador-en-medio-de-la-peor-crisis-economica-y-de-salud-de-la-historia-del-pais-38.jpg 320w, http:\/\/nuevacordoba.net\/wp-content\/uploads\/2021\/05\/quien-es-guillermo-lasso-el-exbanquero-que-asume-la-presidencia-de-ecuador-en-medio-de-la-peor-crisis-economica-y-de-salud-de-la-historia-del-pais-39.jpg 464w\" alt=\"L\u00ednea\" src=\"http:\/\/nuevacordoba.net\/wp-content\/uploads\/2021\/05\/quien-es-guillermo-lasso-el-exbanquero-que-asume-la-presidencia-de-ecuador-en-medio-de-la-peor-crisis-economica-y-de-salud-de-la-historia-del-pais-6.jpg\" width=\"464\" class=\"bbc-fat2bc e1enwo3v0\"><\/noscript><\/div>\n<\/div>\n<\/div>\n<\/figure>\n<\/div>\n<div dir=\"ltr\" class=\"bbc-19j92fr e57qer20\" readability=\"8\">\n<p dir=\"ltr\" class=\"bbc-bm53ic e1cc2ql70\"><i class=\"bbc-h1y5j7 ewc4zcb0\">Ahora puedes recibir notificaciones de BBC Mundo. Descarga la nueva versi\u00f3n de nuestra app y act\u00edvalas para no perderte nuestro mejor contenido.<\/i><\/p>\n<\/div>\n","protected":false},"excerpt":{"rendered":"<p>Redacci\u00f3n BBC News Mundo 12 abril 2021 Actualizado 1 hora Fuente de la imagen, Getty Images Este lunes asume como presidente de Ecuador Guillermo Lasso y se presta a la compleja tarea de conducir un pa\u00eds sumido en una severa crisis econ\u00f3mica agravada por la pandemia de covid-19, profundamente endeudado y con escasos recursos en [&hellip;]<\/p>\n","protected":false},"author":1,"featured_media":4880,"comment_status":"closed","ping_status":"closed","sticky":false,"template":"","format":"standard","meta":[],"categories":[13],"tags":[],"_links":{"self":[{"href":"http:\/\/nuevacordoba.net\/index.php\/wp-json\/wp\/v2\/posts\/4879"}],"collection":[{"href":"http:\/\/nuevacordoba.net\/index.php\/wp-json\/wp\/v2\/posts"}],"about":[{"href":"http:\/\/nuevacordoba.net\/index.php\/wp-json\/wp\/v2\/types\/post"}],"author":[{"embeddable":true,"href":"http:\/\/nuevacordoba.net\/index.php\/wp-json\/wp\/v2\/users\/1"}],"replies":[{"embeddable":true,"href":"http:\/\/nuevacordoba.net\/index.php\/wp-json\/wp\/v2\/comments?post=4879"}],"version-history":[{"count":0,"href":"http:\/\/nuevacordoba.net\/index.php\/wp-json\/wp\/v2\/posts\/4879\/revisions"}],"wp:featuredmedia":[{"embeddable":true,"href":"http:\/\/nuevacordoba.net\/index.php\/wp-json\/wp\/v2\/media\/4880"}],"wp:attachment":[{"href":"http:\/\/nuevacordoba.net\/index.php\/wp-json\/wp\/v2\/media?parent=4879"}],"wp:term":[{"taxonomy":"category","embeddable":true,"href":"http:\/\/nuevacordoba.net\/index.php\/wp-json\/wp\/v2\/categories?post=4879"},{"taxonomy":"post_tag","embeddable":true,"href":"http:\/\/nuevacordoba.net\/index.php\/wp-json\/wp\/v2\/tags?post=4879"}],"curies":[{"name":"wp","href":"https:\/\/api.w.org\/{rel}","templated":true}]}}