{"id":4885,"date":"2021-05-24T16:32:28","date_gmt":"2021-05-24T16:32:28","guid":{"rendered":"http:\/\/nuevacordoba.net\/index.php\/2021\/05\/24\/es-una-locura-no-jugar-antes-del-30-de-junio-dijo-blanco-sobre-la-semifinal-ante-boca\/"},"modified":"2021-05-24T16:32:28","modified_gmt":"2021-05-24T16:32:28","slug":"es-una-locura-no-jugar-antes-del-30-de-junio-dijo-blanco-sobre-la-semifinal-ante-boca","status":"publish","type":"post","link":"http:\/\/nuevacordoba.net\/index.php\/2021\/05\/24\/es-una-locura-no-jugar-antes-del-30-de-junio-dijo-blanco-sobre-la-semifinal-ante-boca\/","title":{"rendered":"\u00abEs una locura no jugar antes del 30 de junio\u00bb, dijo Blanco sobre la semifinal ante Boca"},"content":{"rendered":"<div class=\"image\" id=\"image\" readability=\"7\"> <img src=\"http:\/\/nuevacordoba.net\/wp-content\/uploads\/2021\/05\/es-una-locura-no-jugar-antes-del-30-de-junio-dijo-blanco-sobre-la-semifinal-ante-boca.jpg\" alt=\"V\u00edctor Blanco defendi\u00f3 la postura de Racing de jugar las semifinales\" title=\"V\u00edctor Blanco defendi\u00f3 la postura de Racing de jugar las semifinales\"><\/p>\n<p>V\u00edctor Blanco defendi\u00f3 la postura de Racing de jugar las semifinales<\/p>\n<\/div>\n<p>V\u00edctor Blanco, presidente de Racing, consider\u00f3 como \u00abuna locura\u00bb el hecho de \u00abno jugar antes del 30 de junio\u00bb la semifinal de la Copa Liga Profesional ante Boca Juniors, que fue postergada por las nuevas medidas sanitarias para contrarrestar la pandemia del coronavirus.<\/p>\n<p><strong>\u00abPor ahora no sabemos nada. Lo \u00fanico que sabemos es la posici\u00f3n de Racing de querer jugar el 30 de mayo las semifinales y la final el 1 o el 2 de junio. Es una locura no jugar ante del 30 de junio\u00bb,<\/strong> declar\u00f3 el directivo.<\/p>\n<p>\u00abSe est\u00e1 por jugar la Copa Am\u00e9rica y se est\u00e1 jugando la Copa Libertadores por lo que no veo motivos por el que no se pueda jugar la semifinal\u00bb, reforz\u00f3 en di\u00e1logo con TyC Sports.<\/p>\n<blockquote readability=\"6\">\n<p>\u00abSe est\u00e1 por jugar la Copa Am\u00e9rica y se est\u00e1 jugando la Copa Libertadores por lo que no veo motivos por el que no se pueda jugar la semifinal\u00bb<span class=\"comilla\">\u201d<\/span><\/p>\n<\/blockquote>\n<p>\u00abLo normal es que se jueguen las semifinales, de \u00faltima no viajar y hacerlo en la ciudad o provincia de Buenos Aires\u00bb, agreg\u00f3 sobre los choques decisivos que adem\u00e1s tienen a Col\u00f3n e Independiente en la otra llave.<\/p>\n<p>\u00abEntendemos que primero est\u00e1 la salud, pero estas semifinales no iban a hacer ning\u00fan da\u00f1o sanitario\u00bb, a\u00f1adi\u00f3 respecto a la postura de Racing de jugar las semifinales, a pesar de las medidas establecidas por el Gobierno nacional.<\/p>\n<p>\u00abEntre ma\u00f1ana y pasado tiene que estar resuelto por varios motivos, por las vacaciones de los jugadores, porque necesitan certezas para manejarse de cara al futuro\u00bb, expres\u00f3.<\/p>\n<blockquote readability=\"7\">\n<p>\u00abEntendemos que primero est\u00e1 la salud, pero estas semifinales no iban a hacer ning\u00fan da\u00f1o sanitario\u00bb<span class=\"comilla\">\u201d<\/span><\/p>\n<\/blockquote>\n<p>El dirigente m\u00e1s importante de la instituci\u00f3n de Avellaneda, adem\u00e1s se refiri\u00f3 al t\u00e9cnico Juan Pizzi y su actualidad al frente del primer equipo \u00abalbiceleste\u00bb, tras haber estado en duda en un tramo del presente semestre.<\/p>\n<p>\u00abEstamos tranquilos y siempre lo estuvimos. Simplemente tomamos los recaudos de la situaci\u00f3n en su momento porque lo ameritaba\u00bb, dijo.<\/p>\n<p>\u00abTodav\u00eda no s\u00e9 nada de la oferta de Arabia ni tampoco me va a llegar\u00bb, continu\u00f3 sobre una posible propuesta de un club de Arabia para contratar a Pizzi.<\/p>\n<p>Blanco, de 75 a\u00f1os, tambi\u00e9n habl\u00f3 sobre las ausencias de los futbolistas Gabriel Arias y Eugenio Mena en una hipot\u00e9tica final del torneo local por estar convocados al seleccionado chileno en la pr\u00f3xima Copa Am\u00e9rica.<\/p>\n<p>\u00abNo hablamos todav\u00eda ese tema porque es todo muy incierto. No podemos estar pidiendo algo sin saber una fecha\u00bb, opin\u00f3.<\/p>\n<p>El empresario, por \u00faltimo, hizo menci\u00f3n a la continuidad del mediocampista chileno Marcelo D\u00edaz en el conjunto \u00abalbiceleste\u00bb una vez que finalice el semestre.<\/p>\n<p>\u00abTengo muy buena relaci\u00f3n con Marcelo, por eso una vez que termine el campeonato hablaremos con \u00e9l, Pizzi y el &#8216;Mago&#8217; (Capria)\u00bb, concluy\u00f3. <\/p>\n","protected":false},"excerpt":{"rendered":"<p>V\u00edctor Blanco defendi\u00f3 la postura de Racing de jugar las semifinales V\u00edctor Blanco, presidente de Racing, consider\u00f3 como \u00abuna locura\u00bb el hecho de \u00abno jugar antes del 30 de junio\u00bb la semifinal de la Copa Liga Profesional ante Boca Juniors, que fue postergada por las nuevas medidas sanitarias para contrarrestar la pandemia del coronavirus. \u00abPor [&hellip;]<\/p>\n","protected":false},"author":1,"featured_media":4886,"comment_status":"closed","ping_status":"closed","sticky":false,"template":"","format":"standard","meta":[],"categories":[10],"tags":[],"_links":{"self":[{"href":"http:\/\/nuevacordoba.net\/index.php\/wp-json\/wp\/v2\/posts\/4885"}],"collection":[{"href":"http:\/\/nuevacordoba.net\/index.php\/wp-json\/wp\/v2\/posts"}],"about":[{"href":"http:\/\/nuevacordoba.net\/index.php\/wp-json\/wp\/v2\/types\/post"}],"author":[{"embeddable":true,"href":"http:\/\/nuevacordoba.net\/index.php\/wp-json\/wp\/v2\/users\/1"}],"replies":[{"embeddable":true,"href":"http:\/\/nuevacordoba.net\/index.php\/wp-json\/wp\/v2\/comments?post=4885"}],"version-history":[{"count":0,"href":"http:\/\/nuevacordoba.net\/index.php\/wp-json\/wp\/v2\/posts\/4885\/revisions"}],"wp:featuredmedia":[{"embeddable":true,"href":"http:\/\/nuevacordoba.net\/index.php\/wp-json\/wp\/v2\/media\/4886"}],"wp:attachment":[{"href":"http:\/\/nuevacordoba.net\/index.php\/wp-json\/wp\/v2\/media?parent=4885"}],"wp:term":[{"taxonomy":"category","embeddable":true,"href":"http:\/\/nuevacordoba.net\/index.php\/wp-json\/wp\/v2\/categories?post=4885"},{"taxonomy":"post_tag","embeddable":true,"href":"http:\/\/nuevacordoba.net\/index.php\/wp-json\/wp\/v2\/tags?post=4885"}],"curies":[{"name":"wp","href":"https:\/\/api.w.org\/{rel}","templated":true}]}}