{"id":4887,"date":"2021-05-24T16:32:35","date_gmt":"2021-05-24T16:32:35","guid":{"rendered":"http:\/\/nuevacordoba.net\/index.php\/2021\/05\/24\/chile-anuncio-la-lista-para-visitar-a-argentina-con-arias-mena-y-galdames-pero-sin-paulo-diaz\/"},"modified":"2021-05-24T16:32:35","modified_gmt":"2021-05-24T16:32:35","slug":"chile-anuncio-la-lista-para-visitar-a-argentina-con-arias-mena-y-galdames-pero-sin-paulo-diaz","status":"publish","type":"post","link":"http:\/\/nuevacordoba.net\/index.php\/2021\/05\/24\/chile-anuncio-la-lista-para-visitar-a-argentina-con-arias-mena-y-galdames-pero-sin-paulo-diaz\/","title":{"rendered":"Chile anunci\u00f3 la lista para visitar a Argentina con Arias, Mena y Galdames pero sin Paulo D\u00edaz"},"content":{"rendered":"<div class=\"image\" id=\"image\" readability=\"7\"> <img src=\"http:\/\/nuevacordoba.net\/wp-content\/uploads\/2021\/05\/chile-anuncio-la-lista-para-visitar-a-argentina-con-arias-mena-y-galdames-pero-sin-paulo-diaz.jpg\" alt=\"La primera convocatoria del uruguayo Lasarte.\" title=\"La primera convocatoria del uruguayo Lasarte.\"><\/p>\n<p>La primera convocatoria del uruguayo Lasarte.<\/p>\n<\/div>\n<p>El entrenador del seleccionado chileno, el uruguayo Mart\u00edn Lasarte, anunci\u00f3 este lunes la lista de convocados para los partidos contra Argentina y Bolivia por eliminatorias sudamericanas para el Mundial de Qatar 2022 con Gabriel Arias y Eugenio Mena, de Racing Club; Pablo Galdames, de V\u00e9lez; pero sin Paulo D\u00edaz, de River Plate.<\/p>\n<p><strong>La \u00abRoja\u00bb visitar\u00e1 a Argentina el pr\u00f3ximo jueves 3 de junio en Santiago del Estero<\/strong> y luego recibir\u00e1, el martes 8, a Bolivia en Santiago.<\/p>\n<p>En su primera convocatoria oficial, el uruguayo <strong>Lasarte llam\u00f3 a tres jugadores del f\u00fatbol argentino pero dej\u00f3 afuera al defensor Paulo D\u00edaz, de River Plate, que se recupera del coronavirus.<\/strong><\/p>\n<p>El arquero Arias y el lateral izquierdo Mena, de Racing Club, y el mediocampista de V\u00e9lez Pablo Galdames ser\u00e1n los representantes de la Copa de la Liga Profesional.<\/p>\n<p>La lista tambi\u00e9n est\u00e1 conformada por los experimentados <strong>Claudio Bravo, Maurico Isla, Gary Medel, Arturo Vidal, Charles Ar\u00e1nguiz, Alexis S\u00e1nchez y Eduardo Vargas<\/strong>.<\/p>\n<p>La n\u00f3mina completa es la siguiente: Gabriel Arias, Claudio Bravo y Gabriel Castell\u00f3n (arqueros); Yonathan And\u00eda, Jean Beausejour, Eugenio Mena, Mauricio Isla, Guillermo Marip\u00e1n, Francisco Sierralta, Gary Medel, Enzo Roco y Sebasti\u00e1n Vegas (defensores).<\/p>\n<p>Tom\u00e1s Alarc\u00f3n, Claudio Baeza, Pablo Galdames, Juan Leiva, Clemente Montes, Carlos Palacios, Charles Ar\u00e1nguiz, C\u00e9sar Pinares, Erick Pulgar y Arturo Vidal (mediocampistas); Ben Brereton, Bryan Carrasco, Luis Jim\u00e9nez, Jean Meneses, Felipe Mora, Fabi\u00e1n Orellana, Alexis S\u00e1nchez y Eduardo Vargas (delanteros).<\/p>\n","protected":false},"excerpt":{"rendered":"<p>La primera convocatoria del uruguayo Lasarte. El entrenador del seleccionado chileno, el uruguayo Mart\u00edn Lasarte, anunci\u00f3 este lunes la lista de convocados para los partidos contra Argentina y Bolivia por eliminatorias sudamericanas para el Mundial de Qatar 2022 con Gabriel Arias y Eugenio Mena, de Racing Club; Pablo Galdames, de V\u00e9lez; pero sin Paulo D\u00edaz, [&hellip;]<\/p>\n","protected":false},"author":1,"featured_media":4888,"comment_status":"closed","ping_status":"closed","sticky":false,"template":"","format":"standard","meta":[],"categories":[10],"tags":[],"_links":{"self":[{"href":"http:\/\/nuevacordoba.net\/index.php\/wp-json\/wp\/v2\/posts\/4887"}],"collection":[{"href":"http:\/\/nuevacordoba.net\/index.php\/wp-json\/wp\/v2\/posts"}],"about":[{"href":"http:\/\/nuevacordoba.net\/index.php\/wp-json\/wp\/v2\/types\/post"}],"author":[{"embeddable":true,"href":"http:\/\/nuevacordoba.net\/index.php\/wp-json\/wp\/v2\/users\/1"}],"replies":[{"embeddable":true,"href":"http:\/\/nuevacordoba.net\/index.php\/wp-json\/wp\/v2\/comments?post=4887"}],"version-history":[{"count":0,"href":"http:\/\/nuevacordoba.net\/index.php\/wp-json\/wp\/v2\/posts\/4887\/revisions"}],"wp:featuredmedia":[{"embeddable":true,"href":"http:\/\/nuevacordoba.net\/index.php\/wp-json\/wp\/v2\/media\/4888"}],"wp:attachment":[{"href":"http:\/\/nuevacordoba.net\/index.php\/wp-json\/wp\/v2\/media?parent=4887"}],"wp:term":[{"taxonomy":"category","embeddable":true,"href":"http:\/\/nuevacordoba.net\/index.php\/wp-json\/wp\/v2\/categories?post=4887"},{"taxonomy":"post_tag","embeddable":true,"href":"http:\/\/nuevacordoba.net\/index.php\/wp-json\/wp\/v2\/tags?post=4887"}],"curies":[{"name":"wp","href":"https:\/\/api.w.org\/{rel}","templated":true}]}}