{"id":48993,"date":"2024-09-25T00:08:32","date_gmt":"2024-09-25T00:08:32","guid":{"rendered":"https:\/\/prensa.cba.gov.ar\/?p=604452"},"modified":"2024-09-25T00:08:32","modified_gmt":"2024-09-25T00:08:32","slug":"mas-de-2-000-personas-participaron-de-la-jornada-cordoba-emprendedora","status":"publish","type":"post","link":"http:\/\/nuevacordoba.net\/index.php\/2024\/09\/25\/mas-de-2-000-personas-participaron-de-la-jornada-cordoba-emprendedora\/","title":{"rendered":"M\u00e1s de 2.000 personas participaron de la Jornada C\u00f3rdoba Emprendedora"},"content":{"rendered":"<div><img src=\"http:\/\/nuevacordoba.net\/wp-content\/uploads\/2024\/09\/mas-de-2-000-personas-participaron-de-la-jornada-cordoba-emprendedora.jpg\" class=\"ff-og-image-inserted\"><\/div>\n<ul class=\" eplus-wrapper eplus-styles-uid-2ec8c4\">\n<li class=\" eplus-wrapper\"><strong>La vicegobernadora, Myrian Prunotto, salud\u00f3 a los emprendedores cordobeses.<\/strong><\/li>\n<li class=\" eplus-wrapper\"><strong>El evento se llev\u00f3 a cabo en el Centro de Convenciones<\/strong> <strong>Juan Bautista Bustos<\/strong>.<\/li>\n<\/ul>\n<p class=\" eplus-wrapper\">La vicegobernadora de la Provincia, Myrian Prunotto, elogi\u00f3 este martes a los m\u00e1s de dos mil emprendedores que participan de la Jornada C\u00f3rdoba Emprendedora en el Centro de Convenciones Juan Bautista Bustos.<\/p>\n<p class=\" eplus-wrapper\">Prunotto extendi\u00f3 su felicitaci\u00f3n a la ministra de Desarrollo Social y Promoci\u00f3n del Empleo, Laura Jure, <em>\u00abpor todo el trabajo que hace junto a su equipo y por haber logrado tantos programas exitosos junto a los cordobeses que tienen el gen emprendedor, lo que queda demostrado en el \u00e9xito y la adhesi\u00f3n que tiene este encuentro\u00bb.<\/em><\/p>\n<p class=\" eplus-wrapper\">La vicegobernadora destac\u00f3 que <em>\u00abactualmente, m\u00e1s de 22 emprendedores forman parte de esta comunidad y m\u00e1s de 13.000 personas se han capacitado en \u00e1reas que les permiten potenciar sus negocios\u00bb<\/em>. Prunotto tambi\u00e9n record\u00f3 que<em> \u00abm\u00e1s de 1250 marcas han tenido la oportunidad de mostrar su talento en eventos para captar nuevos p\u00fablicos y aumentar as\u00ed su facturaci\u00f3n\u00bb.<\/em><\/p>\n<p class=\" eplus-wrapper\"><em>\u00abTambi\u00e9n hay que destacar el apoyo financiero que les brinda la Provincia a trav\u00e9s de la Fundaci\u00f3n Banco de C\u00f3rdoba, la que ha otorgado m\u00e1s de 5.000 cr\u00e9ditos sin intereses para permitir el despegue de los emprendimientos\u00bb<\/em>, subray\u00f3 la vicegobernadora.<\/p>\n<p class=\" eplus-wrapper\">Participaron del encuentro tambi\u00e9n, el intendente capitalino, Daniel Passerini y el legislador Miguel Siciliano.<\/p>\n","protected":false},"excerpt":{"rendered":"<p>La vicegobernadora, Myrian Prunotto, salud\u00f3 a los emprendedores cordobeses. El evento se llev\u00f3 a cabo en el Centro de Convenciones Juan Bautista Bustos. La vicegobernadora de la Provincia, Myrian Prunotto, elogi\u00f3 este martes a los m\u00e1s de dos mil emprendedores que participan de la Jornada C\u00f3rdoba Emprendedora en el Centro de Convenciones Juan Bautista Bustos. [&hellip;]<\/p>\n","protected":false},"author":1,"featured_media":48994,"comment_status":"closed","ping_status":"closed","sticky":false,"template":"","format":"standard","meta":[],"categories":[14],"tags":[],"_links":{"self":[{"href":"http:\/\/nuevacordoba.net\/index.php\/wp-json\/wp\/v2\/posts\/48993"}],"collection":[{"href":"http:\/\/nuevacordoba.net\/index.php\/wp-json\/wp\/v2\/posts"}],"about":[{"href":"http:\/\/nuevacordoba.net\/index.php\/wp-json\/wp\/v2\/types\/post"}],"author":[{"embeddable":true,"href":"http:\/\/nuevacordoba.net\/index.php\/wp-json\/wp\/v2\/users\/1"}],"replies":[{"embeddable":true,"href":"http:\/\/nuevacordoba.net\/index.php\/wp-json\/wp\/v2\/comments?post=48993"}],"version-history":[{"count":0,"href":"http:\/\/nuevacordoba.net\/index.php\/wp-json\/wp\/v2\/posts\/48993\/revisions"}],"wp:featuredmedia":[{"embeddable":true,"href":"http:\/\/nuevacordoba.net\/index.php\/wp-json\/wp\/v2\/media\/48994"}],"wp:attachment":[{"href":"http:\/\/nuevacordoba.net\/index.php\/wp-json\/wp\/v2\/media?parent=48993"}],"wp:term":[{"taxonomy":"category","embeddable":true,"href":"http:\/\/nuevacordoba.net\/index.php\/wp-json\/wp\/v2\/categories?post=48993"},{"taxonomy":"post_tag","embeddable":true,"href":"http:\/\/nuevacordoba.net\/index.php\/wp-json\/wp\/v2\/tags?post=48993"}],"curies":[{"name":"wp","href":"https:\/\/api.w.org\/{rel}","templated":true}]}}