{"id":49016,"date":"2024-09-25T03:03:44","date_gmt":"2024-09-25T03:03:44","guid":{"rendered":"https:\/\/puntoapunto.com.ar\/?p=365413"},"modified":"2024-09-25T03:03:44","modified_gmt":"2024-09-25T03:03:44","slug":"politica-a-punto-el-peronismo-de-cordoba-se-perdio-en-un-laberinto-y-le-cuesta-encontrar-la-salida","status":"publish","type":"post","link":"http:\/\/nuevacordoba.net\/index.php\/2024\/09\/25\/politica-a-punto-el-peronismo-de-cordoba-se-perdio-en-un-laberinto-y-le-cuesta-encontrar-la-salida\/","title":{"rendered":"Pol\u00edtica a Punto: el peronismo de C\u00f3rdoba se perdi\u00f3 en un laberinto y le cuesta encontrar la salida"},"content":{"rendered":"<div class=\"g g-36\">\n<div class=\"g-dyn a-29 c-1\"><a class=\"gofollow\" data-track=\"MjksMzYsMSw2MA==\" href=\"https:\/\/www.harmoniechateau.com.ar\/\" target=\"_blank\" rel=\"noopener\"><img src=\"http:\/\/nuevacordoba.net\/wp-content\/uploads\/2024\/09\/politica-a-punto-el-peronismo-de-cordoba-se-perdio-en-un-laberinto-y-le-cuesta-encontrar-la-salida.gif\" loading=\"lazy\"><\/a><\/div>\n<\/div>\n<p>&nbsp;\n<\/p>\n<p><strong>Por Eduardo Bocco.<\/strong> El peronismo de C\u00f3rdoba va a los barquinazos, porque a los problemas propios se suman las barbaridades que cometen funcionarios \u2013algunos presos\u2013 y los desgraciados fen\u00f3menos naturales, que son una tragedia aprovechada por dirigentes opositores al \u201ccordobesismo\u201d para darse un fest\u00edn.\n<\/p>\n<p>El presidente Javier Milei a trav\u00e9s de voceros calificados y su antecesora y rival, Cristina Fern\u00e1ndez, aprovecharon para echar m\u00e1s le\u00f1a al fuego. CFK afirm\u00f3 sin pruebas que los autores intencionales de los incendios en las sierras son los desarrollistas o bien los interesados en llevar adelante emprendimientos agropecuarios. Lo dijo sin ponerse colorada. Nadie sali\u00f3 a contestarle, como era l\u00f3gico suponer.\n<\/p>\n<p>Al verse acorralado por el cerco medi\u00e1tico y de redes sociales que le tend\u00edan el gobernador Mart\u00edn Llaryora sali\u00f3 a defenderse y emprendi\u00f3 un viaje al coraz\u00f3n de la Punilla que ard\u00eda para supervisar los trabajos de bomberos. Puede entenderse como un gesto de apoyo y de solidaridad, pero es como si un operativo para prevenir el dengue lo supervisara el ministro de Obras P\u00fablicas.<!-- \u00a1O bien no hay banners, estan desactivados o no estan programados para esta ubicaci\u00f3n! -->\n<\/p>\n<p>Para los estrategas comunicacionales del gobierno hay que aprovechar todos los gestos para evitar el efecto tobog\u00e1n. Por eso se difundi\u00f3 ampliamente una foto del gobernador con los intendentes de las localidades m\u00e1s golpeadas por la tragedia.<\/p>\n<p>Est\u00e1 claro que si el gobernador no hubiera hecho nada, los periodistas le caer\u00edamos y lo acusar\u00edamos de dormirse en los laureles. Bueno, esa es la realidad.\n<\/p>\n<p>Esto sirve para recordar un ejemplo: Cuando ocurri\u00f3 el tr\u00e1gico y doloroso alud en San Carlos Minas (enero de 1992), a las pocas horas lleg\u00f3 el entonces Carlos Menem (casi disfrazado de explorador) acompa\u00f1ado por medio gabinete, trajo ayuda social y visit\u00f3 a los vecinos que se hab\u00edan quedado sin nada. Lo hizo casa por casa. Los pobladores le agradecieron.\n<\/p>\n<p>A los dos d\u00edas reci\u00e9n lleg\u00f3 el entonces gobernador Eduardo Angeloz acompa\u00f1ado por el ministro Octavio Cort\u00e9s Olmedo. Ambos de traje y con los zapatos bien lustrados. Se cuidaban de esquivar los charquitos de agua que se cruzaban en sus caminos. La foto del saltito fue tapa de los diarios del pa\u00eds. Se burlaron.\n<\/p>\n<p>Por eso, todo tiene sus pros y sus contras.\n<\/p>\n<p><strong> <img decoding=\"async\" class=\"aligncenter wp-image-365417 size-full\" src=\"http:\/\/nuevacordoba.net\/wp-content\/uploads\/2024\/09\/politica-a-punto-el-peronismo-de-cordoba-se-perdio-en-un-laberinto-y-le-cuesta-encontrar-la-salida.jpg\" alt width=\"800\" height=\"491\" srcset=\"http:\/\/nuevacordoba.net\/wp-content\/uploads\/2024\/09\/politica-a-punto-el-peronismo-de-cordoba-se-perdio-en-un-laberinto-y-le-cuesta-encontrar-la-salida.jpg 800w, http:\/\/nuevacordoba.net\/wp-content\/uploads\/2024\/09\/politica-a-punto-el-peronismo-de-cordoba-se-perdio-en-un-laberinto-y-le-cuesta-encontrar-la-salida-2.jpg 300w, http:\/\/nuevacordoba.net\/wp-content\/uploads\/2024\/09\/politica-a-punto-el-peronismo-de-cordoba-se-perdio-en-un-laberinto-y-le-cuesta-encontrar-la-salida-3.jpg 768w, http:\/\/nuevacordoba.net\/wp-content\/uploads\/2024\/09\/politica-a-punto-el-peronismo-de-cordoba-se-perdio-en-un-laberinto-y-le-cuesta-encontrar-la-salida-4.jpg 750w\" sizes=\"(max-width: 800px) 100vw, 800px\" loading=\"lazy\"><\/strong>\n<\/p>\n<p><strong>Sacando tajada. <\/strong>Por otro motivo, hoy las chanzas porte\u00f1as siguen vivitas y coleando. A Juan Schiaretti los porte\u00f1os, o mejor dicho buena parte del sistema pol\u00edtico de Caba, lo tom\u00f3 en sorna porque casi que lo subestiman cuando hablan del proyecto de ser candidato a diputado nacional por la ciudad de Buenos Aires. \u00daltimamente otras versiones (\u00bfantojadizas?) le asignan alguna chance de ser postulante a senador por ese distrito, que elige representantes a la C\u00e1mara Alta en las elecciones del a\u00f1o que viene. Habr\u00eda que recordar que la esposa de Schiaretti es Alejandra Vigo, senadora nacional por C\u00f3rdoba qui\u00e9n no concluye su mandato. De este modo, si el exgobernador resulta electo se dar\u00eda el in\u00e9dito caso que un matrimonio ocupe sendas bancas en la C\u00e1mara Alta del Congreso, lo cual los tendr\u00eda a los dos como centro de innumerables burlas.\n<\/p>\n<p>A su vez, en C\u00f3rdoba siguen los desencuentros del oficialismo. El legislador viguista Leonardo Limia pidi\u00f3 una sugestiva licencia de 35 d\u00edas y la titular del cuerpo, Myrian Prunotto, no estuvo presente en la votaci\u00f3n de las reformas a la ley del juego on line. Todo muy extra\u00f1o.\n<\/p>\n<p>Obviamente, el peronismo supervive y no sufre m\u00e1s efectos negativos tras su cuarto de siglo en el poder porque la oposici\u00f3n es un flan y carece de identidad. El radicalismo sigue siendo una kermese y el juecismo duda entre plantarse firme como un partido de oposici\u00f3n o correr a los brazos de los hermanos Milei, con la intenci\u00f3n de ganarle al peronismo, m\u00e1s all\u00e1 de las denuncias de fraude de 2027.\n<\/p>\n<p><img decoding=\"async\" class=\"aligncenter wp-image-365416 size-full\" src=\"http:\/\/nuevacordoba.net\/wp-content\/uploads\/2024\/09\/politica-a-punto-el-peronismo-de-cordoba-se-perdio-en-un-laberinto-y-le-cuesta-encontrar-la-salida-1.jpg\" alt width=\"790\" height=\"444\" srcset=\"http:\/\/nuevacordoba.net\/wp-content\/uploads\/2024\/09\/politica-a-punto-el-peronismo-de-cordoba-se-perdio-en-un-laberinto-y-le-cuesta-encontrar-la-salida-1.jpg 790w, http:\/\/nuevacordoba.net\/wp-content\/uploads\/2024\/09\/politica-a-punto-el-peronismo-de-cordoba-se-perdio-en-un-laberinto-y-le-cuesta-encontrar-la-salida-5.jpg 300w, http:\/\/nuevacordoba.net\/wp-content\/uploads\/2024\/09\/politica-a-punto-el-peronismo-de-cordoba-se-perdio-en-un-laberinto-y-le-cuesta-encontrar-la-salida-6.jpg 768w, http:\/\/nuevacordoba.net\/wp-content\/uploads\/2024\/09\/politica-a-punto-el-peronismo-de-cordoba-se-perdio-en-un-laberinto-y-le-cuesta-encontrar-la-salida-7.jpg 750w\" sizes=\"(max-width: 790px) 100vw, 790px\" loading=\"lazy\">\n<\/p>\n<p>Las huestes de Milei no lo quieren a Juez ni a Rodrigo de Loredo, pero no tienen ni para empezar cuando se cuenten los votos. Lo que entusiasma a los opositores es que al \u201cmilagro argentino\u201d le cuesta ponerse en marcha. Se baj\u00f3 dr\u00e1sticamente la inflaci\u00f3n, lo cual es digno de ponderarse, pero, a la par, la recesi\u00f3n amaga con convertirse en hist\u00f3rica tambi\u00e9n. Se vienen meses estivales cargados de angustias e inc\u00f3gnitas.\n<\/p>\n<div class=\"g g-38\">\n<div class=\"g-dyn a-12 c-1\"><a class=\"gofollow\" data-track=\"MTIsMzgsMSw2MA==\" href=\"https:\/\/hospitalprivado.com.ar\/blog\/institucional\/somos-la-primera-institucion-del-interior-del-pais-en-acreditar-joint-commission-international.html\" target=\"_blank\" rel=\"noopener\"><img src=\"http:\/\/nuevacordoba.net\/wp-content\/uploads\/2024\/09\/politica-a-punto-el-peronismo-de-cordoba-se-perdio-en-un-laberinto-y-le-cuesta-encontrar-la-salida-1.gif\" loading=\"lazy\"><\/a><\/div>\n<\/div>\n","protected":false},"excerpt":{"rendered":"<p>&nbsp; Por Eduardo Bocco. El peronismo de C\u00f3rdoba va a los barquinazos, porque a los problemas propios se suman las barbaridades que cometen funcionarios \u2013algunos presos\u2013 y los desgraciados fen\u00f3menos naturales, que son una tragedia aprovechada por dirigentes opositores al \u201ccordobesismo\u201d para darse un fest\u00edn. El presidente Javier Milei a trav\u00e9s de voceros calificados y [&hellip;]<\/p>\n","protected":false},"author":1,"featured_media":49017,"comment_status":"open","ping_status":"closed","sticky":false,"template":"","format":"standard","meta":[],"categories":[12,14],"tags":[],"_links":{"self":[{"href":"http:\/\/nuevacordoba.net\/index.php\/wp-json\/wp\/v2\/posts\/49016"}],"collection":[{"href":"http:\/\/nuevacordoba.net\/index.php\/wp-json\/wp\/v2\/posts"}],"about":[{"href":"http:\/\/nuevacordoba.net\/index.php\/wp-json\/wp\/v2\/types\/post"}],"author":[{"embeddable":true,"href":"http:\/\/nuevacordoba.net\/index.php\/wp-json\/wp\/v2\/users\/1"}],"replies":[{"embeddable":true,"href":"http:\/\/nuevacordoba.net\/index.php\/wp-json\/wp\/v2\/comments?post=49016"}],"version-history":[{"count":0,"href":"http:\/\/nuevacordoba.net\/index.php\/wp-json\/wp\/v2\/posts\/49016\/revisions"}],"wp:featuredmedia":[{"embeddable":true,"href":"http:\/\/nuevacordoba.net\/index.php\/wp-json\/wp\/v2\/media\/49017"}],"wp:attachment":[{"href":"http:\/\/nuevacordoba.net\/index.php\/wp-json\/wp\/v2\/media?parent=49016"}],"wp:term":[{"taxonomy":"category","embeddable":true,"href":"http:\/\/nuevacordoba.net\/index.php\/wp-json\/wp\/v2\/categories?post=49016"},{"taxonomy":"post_tag","embeddable":true,"href":"http:\/\/nuevacordoba.net\/index.php\/wp-json\/wp\/v2\/tags?post=49016"}],"curies":[{"name":"wp","href":"https:\/\/api.w.org\/{rel}","templated":true}]}}